{"id":40586,"date":"2020-03-25T08:02:19","date_gmt":"2020-03-25T06:02:19","guid":{"rendered":"https:\/\/www.stepienybarno.es\/blog\/?p=40586"},"modified":"2020-03-26T12:27:33","modified_gmt":"2020-03-26T10:27:33","slug":"no-cerreis-las-terrazas","status":"publish","type":"post","link":"https:\/\/stepienybarno.es\/blog\/2020\/03\/25\/no-cerreis-las-terrazas\/","title":{"rendered":"\u00a1No cerreis las terrazas!"},"content":{"rendered":"<h1><img loading=\"lazy\" decoding=\"async\" class=\"size-medium wp-image-40592 aligncenter\" src=\"https:\/\/stepienybarno.es\/blog\/wp-content\/uploads\/2020\/03\/stepienybarno-\u00a1No-cerreis-las-terrazas-postdeld\u00eda-550x365.jpg\" alt=\"\" width=\"550\" height=\"365\" srcset=\"https:\/\/stepienybarno.es\/blog\/wp-content\/uploads\/2020\/03\/stepienybarno-\u00a1No-cerreis-las-terrazas-postdeld\u00eda-550x365.jpg 550w, https:\/\/stepienybarno.es\/blog\/wp-content\/uploads\/2020\/03\/stepienybarno-\u00a1No-cerreis-las-terrazas-postdeld\u00eda-1024x680.jpg 1024w, https:\/\/stepienybarno.es\/blog\/wp-content\/uploads\/2020\/03\/stepienybarno-\u00a1No-cerreis-las-terrazas-postdeld\u00eda-180x120.jpg 180w, https:\/\/stepienybarno.es\/blog\/wp-content\/uploads\/2020\/03\/stepienybarno-\u00a1No-cerreis-las-terrazas-postdeld\u00eda-316x210.jpg 316w, https:\/\/stepienybarno.es\/blog\/wp-content\/uploads\/2020\/03\/stepienybarno-\u00a1No-cerreis-las-terrazas-postdeld\u00eda.jpg 1280w\" sizes=\"(max-width: 550px) 100vw, 550px\" \/><\/h1>\n<h1>Por: Angela M\u00fcller<\/h1>\n<h2>Desde: arquitectura de maternidades<\/h2>\n<p><!--more--><\/p>\n<p>Los balcones y terrazas dan vida. Siempre lo ten\u00eda claro, y m\u00e1s desde que viv\u00ed en Innsbruck y me di cuenta que hasta en un d\u00eda soleado de enero, con temperaturas bajo cero (y poco viento), se puede desayunar al sol.<\/p>\n<p>Cuando me mud\u00e9 a Espa\u00f1a, al pa\u00eds del eterno sol, me di cuenta que en las ciudades de aqu\u00ed muchas viviendas ten\u00edan sus terrazas cerradas. No lo entend\u00ed. Hasta que comenc\u00e9 a convivir con el ruido. El ruido del tr\u00e1fico, o de un bar justo debajo de casa, puede ser una raz\u00f3n para que a uno no le apetece utilizar su balc\u00f3n. Pero luego me acord\u00e9 de un piso en Berl\u00edn. All\u00ed ten\u00edamos un balc\u00f3n que daba a una de las grandes calles de entrada a la ciudad y que durante la semana ni nos planteamos utilizar. Pero el fin de semana y en puentes, cuando desaparec\u00eda el tr\u00e1fico, s\u00ed lo disfrutamos.<\/p>\n<p>Hace dos a\u00f1os nos mudamos ya en familia numerosa a otro piso m\u00e1s grande, en el centro de Madrid, con 2 terrazas. Decir terrazas es exagerado, son balcones, uno anexo a la cocina y el otro en el sal\u00f3n. Pero, aunque sean peque\u00f1os, son balcones donde cabe una tumbona, o una peque\u00f1a mesa y 4 sillas. O dos personas tumbadas \u2013 a mis hijos les encanta dormir fuera en las noches de m\u00e1ximo calor de verano.<\/p>\n<p>Al comenzar la reforma, alg\u00fan vecino me dec\u00eda que har\u00eda bien en cerrar los balcones para ganar superficie interior a la vivienda, pero nosotros ten\u00edamos claro desde el principio que bajo ning\u00fan concepto \u00edbamos a quedarnos sin balc\u00f3n. Estos 2-3m2 de espacio exterior dan mucha vida.<\/p>\n<p>Ahora, en tiempos de coronavirus, un espacio exterior de una vivienda ha llegado a tener una importancia vital. Ahora m\u00e1s que nunca es un aut\u00e9ntico lujo poder salir respirar, a sentarse a desayunar fuera, a tener un poco la sensaci\u00f3n de \u00abestar en la calle\u00bb, aunque sigas en tu propia casa. Charlar con los vecinos de balc\u00f3n a balc\u00f3n es una delicia. Pisar la terraza hasta da un poco la sensaci\u00f3n de alejarse de tu vivienda. Cerrar la puerta al sal\u00f3n del todo te quita el ruido de tu vivienda y ayuda a aislarse un rato. Leer un libro o echarse una siesta en la tumbona al sol sienta mejor que nunca.<\/p>\n<p>Me dan ganas de decir a todas las personas que piensan en hacer reforma tras la cuarentena:<\/p>\n<p><strong>\u00a1No cerr\u00e9is los balcones!<\/strong><\/p>\n<p>Y, como arquitecta, creo que una de las grandes tareas despu\u00e9s de la cuarentena ser\u00e1 deshacer todas estas obras de cierre de terrazas, para devolver los pisos a su estado inicial, con este lujoso espacio que nos aporta calidad de vida y comunicaci\u00f3n con el mundo exterior, el que ahora estamos echando tanto de menos.<\/p>\n<p>&nbsp;<\/p>\n<p style=\"text-align: center;\">Acceder a la web <a href=\"http:\/\/bit.ly\/396MAdi\" target=\"_blank\" rel=\"noopener noreferrer\">AQU\u00cd<\/a><\/p>\n<p>&nbsp;<\/p>\n<p><iframe loading=\"lazy\" title=\"\u00bfPara qu\u00e9 sirve un ARQUITECTO \/a? Por Jordi Ludevid\" width=\"911\" height=\"512\" src=\"https:\/\/www.youtube.com\/embed\/videoseries?list=PL9KCMehqFIajpdVXSncYV0J1ef6ms4zRx\" frameborder=\"0\" allow=\"accelerometer; autoplay; encrypted-media; gyroscope; picture-in-picture\" allowfullscreen><\/iframe><\/p>\n<hr \/>\n<h5><strong>Autores del post: <a href=\"https:\/\/stepienybarno.es\/blog\/2011\/09\/04\/las-fortalezas-del-arquitecto\/\">Stepienybarno<\/a> _ Agnieszka Stepien y Lorenzo Barn\u00f3<\/strong><\/h5>\n<h5>Y como siempre, si te gust\u00f3 el post, estar\u00eda genial que lo compartas en tus redes sociales.<\/h5>\n<h5>A su vez, si todav\u00eda no est\u00e1s suscrito a nuestra Newsletter, te animamos a hacerlo en la casilla que tienes al terminar este art\u00edculo.<\/h5>\n<p>&nbsp;<\/p>\n<blockquote><p>Suscribirte a nuestro blog y recibe gratis nuestra gu\u00eda: 10 Ideas para vender m\u00e1s si eres arquitecto<\/p>\n<p>Acceder: <a href=\"http:\/\/bit.ly\/2fkkTS7\">http:\/\/bit.ly\/2fkkTS7<\/a><\/p>\n<p>&nbsp;<\/p>\n<p>Si te interesa contactar con nosotros para que te ayudemos a mejorar tu visibilidad online y, en consecuencia, mejorar tus oportunidades laborales, no dudes en escribirnos a: <a href=\"mailto:blog@stepienybarno.es\">blog@stepienybarno.es<\/a><\/p><\/blockquote>\n<p>&nbsp;<\/p>\n<p><em><a href=\"https:\/\/twitter.com\/stepienybarno\">Stepienybarno en TWITTER<\/a><\/em><\/p>\n<p><em><a href=\"https:\/\/twitter.com\/stepienybarno\">@stepienybarno (+ de 16.000 seguidores)<\/a><\/em><\/p>\n<p><em><a href=\"https:\/\/twitter.com\/stepienybarno?lang=es\">https:\/\/twitter.com\/stepienybarno?lang=es<\/a><\/em><\/p>\n<p><em><a href=\"https:\/\/www.facebook.com\/pages\/BLOG-DE-STEPIENYBARNO\/78001079029\">Stepienybarno en FACEBOOK (+ de 24<u>.000 seguidores)<\/u><\/a><\/em><\/p>\n<p><em><a href=\"https:\/\/www.facebook.com\/StepienyBarnoArquitecturaeIdentidadDigital\/\">https:\/\/www.facebook.com\/StepienyBarnoArquitecturaeIdentidadDigital\/<\/a><\/em><\/p>\n<p><em>Acceder a nuestro GRUPO CERRADO DE FACEBOOK sobre Identidad Digital para Arquitectos:<\/em><\/p>\n<p><em><a href=\"https:\/\/www.facebook.com\/groups\/IdentidadDigitalParaArquitectos\/\">https:\/\/www.facebook.com\/groups\/IdentidadDigitalParaArquitectos\/<\/a><\/em><\/p>\n<p><em>Suscr\u00edbete a nuestro canal de YOUTUBE: <a href=\"http:\/\/bit.ly\/2A1UtAd\">http:\/\/bit.ly\/2A1UtAd<\/a><\/em><\/p>\n<p>&nbsp;<\/p>\n<p>* <a href=\"https:\/\/stepienybarno.es\/blog\/2011\/09\/04\/las-fortalezas-del-arquitecto\/\">Stepienybarno<\/a> est\u00e1 formado por Agnieszka Stepien y Lorenzo Barn\u00f3 y desde mayo del 2009 estamos en la red con la presente publicaci\u00f3n digital (Blog) de arquitectura.<\/p>\n<p>Nuestra actividad se sustenta en tres pilares b\u00e1sicos: la investigaci\u00f3n, la publicaci\u00f3n y la redacci\u00f3n de proyectos de arquitectura.<\/p>\n<p>A su vez, somos socios cofundadores de <a href=\"http:\/\/sinergiasostenible.org\/\">SINERGIA SOSTENIBLE<\/a> y directores del blog de FUNDACI\u00d3N ARQUIA.<\/p>\n","protected":false},"excerpt":{"rendered":"<p>Por: Angela M\u00fcller Desde: arquitectura de maternidades<\/p>\n","protected":false},"author":2,"featured_media":40592,"comment_status":"open","ping_status":"closed","sticky":false,"template":"","format":"standard","meta":{"om_disable_all_campaigns":false,"_monsterinsights_skip_tracking":false,"_monsterinsights_sitenote_active":false,"_monsterinsights_sitenote_note":"","_monsterinsights_sitenote_category":0,"_uf_show_specific_survey":0,"_uf_disable_surveys":false,"episode_type":"audio","audio_file":"","cover_image":"","cover_image_id":"","duration":"","filesize":"","date_recorded":"","explicit":"","block":"","filesize_raw":"","footnotes":""},"categories":[244],"tags":[2328,630,4272],"series":[],"class_list":["post-40586","post","type-post","status-publish","format-standard","has-post-thumbnail","hentry","category-canal-de-arquitectura","tag-angela-muller","tag-ciudad","tag-urbanismo"],"aioseo_notices":[],"episode_featured_image":"https:\/\/stepienybarno.es\/blog\/wp-content\/uploads\/2020\/03\/stepienybarno-\u00a1No-cerreis-las-terrazas-postdeld\u00eda.jpg","episode_player_image":"https:\/\/stepienybarno.es\/blog\/wp-content\/uploads\/2020\/11\/stepienybarno-podcast-scaled.jpg","download_link":"","player_link":"","audio_player":false,"episode_data":{"playerMode":"dark","subscribeUrls":[],"rssFeedUrl":"https:\/\/stepienybarno.es\/blog\/feed\/podcast\/podcast-de-stepienybarno","embedCode":"<blockquote class=\"wp-embedded-content\" data-secret=\"mi24Uwx3Km\"><a href=\"https:\/\/stepienybarno.es\/blog\/2020\/03\/25\/no-cerreis-las-terrazas\/\">\u00a1No cerreis las terrazas!<\/a><\/blockquote><iframe sandbox=\"allow-scripts\" security=\"restricted\" src=\"https:\/\/stepienybarno.es\/blog\/2020\/03\/25\/no-cerreis-las-terrazas\/embed\/#?secret=mi24Uwx3Km\" width=\"500\" height=\"350\" title=\"\u00ab\u00a1No cerreis las terrazas!\u00bb \u2014 Blog de STEPIEN Y BARNO - publicaci\u00f3n digital sobre arquitectura\" data-secret=\"mi24Uwx3Km\" frameborder=\"0\" marginwidth=\"0\" marginheight=\"0\" scrolling=\"no\" class=\"wp-embedded-content\"><\/iframe><script type=\"text\/javascript\">\n\/* <![CDATA[ *\/\n\/*! This file is auto-generated *\/\n!function(d,l){\"use strict\";l.querySelector&&d.addEventListener&&\"undefined\"!=typeof URL&&(d.wp=d.wp||{},d.wp.receiveEmbedMessage||(d.wp.receiveEmbedMessage=function(e){var t=e.data;if((t||t.secret||t.message||t.value)&&!\/[^a-zA-Z0-9]\/.test(t.secret)){for(var s,r,n,a=l.querySelectorAll('iframe[data-secret=\"'+t.secret+'\"]'),o=l.querySelectorAll('blockquote[data-secret=\"'+t.secret+'\"]'),c=new RegExp(\"^https?:$\",\"i\"),i=0;i<o.length;i++)o[i].style.display=\"none\";for(i=0;i<a.length;i++)s=a[i],e.source===s.contentWindow&&(s.removeAttribute(\"style\"),\"height\"===t.message?(1e3<(r=parseInt(t.value,10))?r=1e3:~~r<200&&(r=200),s.height=r):\"link\"===t.message&&(r=new URL(s.getAttribute(\"src\")),n=new URL(t.value),c.test(n.protocol))&&n.host===r.host&&l.activeElement===s&&(d.top.location.href=t.value))}},d.addEventListener(\"message\",d.wp.receiveEmbedMessage,!1),l.addEventListener(\"DOMContentLoaded\",function(){for(var e,t,s=l.querySelectorAll(\"iframe.wp-embedded-content\"),r=0;r<s.length;r++)(t=(e=s[r]).getAttribute(\"data-secret\"))||(t=Math.random().toString(36).substring(2,12),e.src+=\"#?secret=\"+t,e.setAttribute(\"data-secret\",t)),e.contentWindow.postMessage({message:\"ready\",secret:t},\"*\")},!1)))}(window,document);\n\/* ]]> *\/\n<\/script>\n"},"_links":{"self":[{"href":"https:\/\/stepienybarno.es\/blog\/wp-json\/wp\/v2\/posts\/40586"}],"collection":[{"href":"https:\/\/stepienybarno.es\/blog\/wp-json\/wp\/v2\/posts"}],"about":[{"href":"https:\/\/stepienybarno.es\/blog\/wp-json\/wp\/v2\/types\/post"}],"author":[{"embeddable":true,"href":"https:\/\/stepienybarno.es\/blog\/wp-json\/wp\/v2\/users\/2"}],"replies":[{"embeddable":true,"href":"https:\/\/stepienybarno.es\/blog\/wp-json\/wp\/v2\/comments?post=40586"}],"version-history":[{"count":5,"href":"https:\/\/stepienybarno.es\/blog\/wp-json\/wp\/v2\/posts\/40586\/revisions"}],"predecessor-version":[{"id":40806,"href":"https:\/\/stepienybarno.es\/blog\/wp-json\/wp\/v2\/posts\/40586\/revisions\/40806"}],"wp:featuredmedia":[{"embeddable":true,"href":"https:\/\/stepienybarno.es\/blog\/wp-json\/wp\/v2\/media\/40592"}],"wp:attachment":[{"href":"https:\/\/stepienybarno.es\/blog\/wp-json\/wp\/v2\/media?parent=40586"}],"wp:term":[{"taxonomy":"category","embeddable":true,"href":"https:\/\/stepienybarno.es\/blog\/wp-json\/wp\/v2\/categories?post=40586"},{"taxonomy":"post_tag","embeddable":true,"href":"https:\/\/stepienybarno.es\/blog\/wp-json\/wp\/v2\/tags?post=40586"},{"taxonomy":"series","embeddable":true,"href":"https:\/\/stepienybarno.es\/blog\/wp-json\/wp\/v2\/series?post=40586"}],"curies":[{"name":"wp","href":"https:\/\/api.w.org\/{rel}","templated":true}]}}