{"id":4104,"date":"2011-09-19T08:45:15","date_gmt":"2011-09-19T06:45:15","guid":{"rendered":"https:\/\/www.stepienybarno.es\/blog\/?p=4104"},"modified":"2011-09-19T08:45:15","modified_gmt":"2011-09-19T06:45:15","slug":"mugaritz-salvaje-de-santos-bregana","status":"publish","type":"post","link":"https:\/\/stepienybarno.es\/blog\/2011\/09\/19\/mugaritz-salvaje-de-santos-bregana\/","title":{"rendered":"MUGARITZ SALVAJE DE SANTOS BREGA\u00d1A"},"content":{"rendered":"<p align=\"center\"><img loading=\"lazy\" decoding=\"async\" class=\"aligncenter size-full wp-image-4105\" title=\"MUGARITZ SALVAJE DE SANTOS BREGA\u00d1A  anatxu en stepienybarno\" src=\"https:\/\/stepienybarno.es\/blog\/wp-content\/uploads\/2011\/09\/MUGARITZ-SALVAJE-DE-SANTOS-BREGA\u00d1A-anatxu-en-stepienybarno-.jpg\" alt=\"MUGARITZ SALVAJE DE SANTOS BREGA\u00d1A  anatxu en stepienybarno\" width=\"350\" height=\"470\" srcset=\"https:\/\/stepienybarno.es\/blog\/wp-content\/uploads\/2011\/09\/MUGARITZ-SALVAJE-DE-SANTOS-BREGA\u00d1A-anatxu-en-stepienybarno-.jpg 350w, https:\/\/stepienybarno.es\/blog\/wp-content\/uploads\/2011\/09\/MUGARITZ-SALVAJE-DE-SANTOS-BREGA\u00d1A-anatxu-en-stepienybarno--134x180.jpg 134w, https:\/\/stepienybarno.es\/blog\/wp-content\/uploads\/2011\/09\/MUGARITZ-SALVAJE-DE-SANTOS-BREGA\u00d1A-anatxu-en-stepienybarno--298x400.jpg 298w\" sizes=\"(max-width: 350px) 100vw, 350px\" \/><\/p>\n<p>Recomendable entrada de Anatxu Zabalbeascoa para<strong> \u201c<\/strong>Del tirador a la ciudad\u201d<strong> _ <\/strong><strong> <\/strong>elpais.com<\/p>\n<p><!--more--><\/p>\n<p>\u201c(\u2026) As\u00ed, la condici\u00f3n fronteriza ni se esquiva ni es casual. Se extiende incluso a la filosof\u00eda culinaria del chef Andoni Luis Aduriz. Por eso el interiorista quiso plasmarla tambi\u00e9n en el nuevo restaurante, que \u00e9l define como inmerso en \u201cla magia de lo salvaje, un lugar inventado, al margen de rituales codificados, suspendido en el tiempo y en el espacio\u201d.<\/p>\n<p><a href=\"http:\/\/blogs.elpais.com\/del-tirador-a-la-ciudad\/2011\/09\/mugaritz-salvaje-de-santos-brega%C3%B1a.html#comments\"><\/a><\/p>\n<p><a href=\"http:\/\/blogs.elpais.com\/del-tirador-a-la-ciudad\/2011\/09\/mugaritz-salvaje-de-santos-brega%C3%B1a.html#comments\">Acceder a la noticia<\/a><\/p>\n<p align=\"left\">Y si te gust\u00f3 la entrada, quiz\u00e1s quieras echar un ojo a nuestro Canal de arquitectura. <a href=\"https:\/\/stepienybarno.es\/blog\/category\/canal-de-arquitectura\/\">Acceder.<\/a><\/p>\n<p>Noticia seleccionada por el Canal de arquitectura STEPIENYBARNO.<\/p>\n<p><a href=\"http:\/\/www.linkedin.com\/company\/stepienybarno\">STEPIENYBARNO EN LINKEDIN<\/a><\/p>\n<p><a href=\"http:\/\/twitter.com\/stepienybarno\/stepienybarno\">STEPIENYBARNO EN TWITTER<\/a><\/p>\n<p><a href=\"https:\/\/www.facebook.com\/StepienybarnoCANAL\">STEPIENYBARNO EN FACEBOOK<\/a><\/p>\n<p>*Stepienybarno est\u00e1 formado por Agnieszka Stepien y Lorenzo Barn\u00f3 y desde mayo del 2009 estamos en la red con\u00a0 la presente publicaci\u00f3n digital (Blog) de arquitectura.<\/p>\n<p>Nuestra actividad se sustenta en tres pilares b\u00e1sicos: la investigaci\u00f3n, la publicaci\u00f3n (comunicaci\u00f3n y difusi\u00f3n) y la redacci\u00f3n de proyectos de arquitectura.<\/p>\n<p>A su vez, somos socios cofundadores de <a href=\"http:\/\/sinergiasostenible.org\/\">SINERGIA SOSTENIBLE<\/a> y redactores de <a href=\"http:\/\/www.laciudadviva.org\/blogs\/?author=45\">LA CIUDAD VIVA<\/a>.<\/p>\n","protected":false},"excerpt":{"rendered":"<p>Recomendable entrada de Anatxu Zabalbeascoa para  \u201cDel tirador a la ciudad\u201d _ elpais.com<\/p>\n","protected":false},"author":2,"featured_media":0,"comment_status":"open","ping_status":"closed","sticky":false,"template":"","format":"standard","meta":{"om_disable_all_campaigns":false,"_monsterinsights_skip_tracking":false,"_monsterinsights_sitenote_active":false,"_monsterinsights_sitenote_note":"","_monsterinsights_sitenote_category":0,"_uf_show_specific_survey":0,"_uf_disable_surveys":false,"episode_type":"","audio_file":"","cover_image":"","cover_image_id":"","duration":"","filesize":"","date_recorded":"","explicit":"","block":"","filesize_raw":"","footnotes":""},"categories":[34,244],"tags":[4274,253,9,395],"series":[],"class_list":["post-4104","post","type-post","status-publish","format-standard","hentry","category-actualidad","category-canal-de-arquitectura","tag-actualidad","tag-anatxu-zabalbeascoa","tag-arquitectura","tag-del-tirador-a-la-ciudad"],"aioseo_notices":[],"episode_featured_image":false,"episode_player_image":"https:\/\/stepienybarno.es\/blog\/wp-content\/uploads\/2020\/11\/stepienybarno-podcast-scaled.jpg","download_link":"","player_link":"","audio_player":false,"episode_data":{"playerMode":"dark","subscribeUrls":[],"rssFeedUrl":"https:\/\/stepienybarno.es\/blog\/feed\/podcast\/podcast-de-stepienybarno","embedCode":"<blockquote class=\"wp-embedded-content\" data-secret=\"5WwVnYwTM6\"><a href=\"https:\/\/stepienybarno.es\/blog\/2011\/09\/19\/mugaritz-salvaje-de-santos-bregana\/\">MUGARITZ SALVAJE DE SANTOS BREGA\u00d1A<\/a><\/blockquote><iframe sandbox=\"allow-scripts\" security=\"restricted\" src=\"https:\/\/stepienybarno.es\/blog\/2011\/09\/19\/mugaritz-salvaje-de-santos-bregana\/embed\/#?secret=5WwVnYwTM6\" width=\"500\" height=\"350\" title=\"\u00abMUGARITZ SALVAJE DE SANTOS BREGA\u00d1A\u00bb \u2014 Blog de STEPIEN Y BARNO - publicaci\u00f3n digital sobre arquitectura\" data-secret=\"5WwVnYwTM6\" frameborder=\"0\" marginwidth=\"0\" marginheight=\"0\" scrolling=\"no\" class=\"wp-embedded-content\"><\/iframe><script type=\"text\/javascript\">\n\/* <![CDATA[ *\/\n\/*! This file is auto-generated *\/\n!function(d,l){\"use strict\";l.querySelector&&d.addEventListener&&\"undefined\"!=typeof URL&&(d.wp=d.wp||{},d.wp.receiveEmbedMessage||(d.wp.receiveEmbedMessage=function(e){var t=e.data;if((t||t.secret||t.message||t.value)&&!\/[^a-zA-Z0-9]\/.test(t.secret)){for(var s,r,n,a=l.querySelectorAll('iframe[data-secret=\"'+t.secret+'\"]'),o=l.querySelectorAll('blockquote[data-secret=\"'+t.secret+'\"]'),c=new RegExp(\"^https?:$\",\"i\"),i=0;i<o.length;i++)o[i].style.display=\"none\";for(i=0;i<a.length;i++)s=a[i],e.source===s.contentWindow&&(s.removeAttribute(\"style\"),\"height\"===t.message?(1e3<(r=parseInt(t.value,10))?r=1e3:~~r<200&&(r=200),s.height=r):\"link\"===t.message&&(r=new URL(s.getAttribute(\"src\")),n=new URL(t.value),c.test(n.protocol))&&n.host===r.host&&l.activeElement===s&&(d.top.location.href=t.value))}},d.addEventListener(\"message\",d.wp.receiveEmbedMessage,!1),l.addEventListener(\"DOMContentLoaded\",function(){for(var e,t,s=l.querySelectorAll(\"iframe.wp-embedded-content\"),r=0;r<s.length;r++)(t=(e=s[r]).getAttribute(\"data-secret\"))||(t=Math.random().toString(36).substring(2,12),e.src+=\"#?secret=\"+t,e.setAttribute(\"data-secret\",t)),e.contentWindow.postMessage({message:\"ready\",secret:t},\"*\")},!1)))}(window,document);\n\/* ]]> *\/\n<\/script>\n"},"_links":{"self":[{"href":"https:\/\/stepienybarno.es\/blog\/wp-json\/wp\/v2\/posts\/4104"}],"collection":[{"href":"https:\/\/stepienybarno.es\/blog\/wp-json\/wp\/v2\/posts"}],"about":[{"href":"https:\/\/stepienybarno.es\/blog\/wp-json\/wp\/v2\/types\/post"}],"author":[{"embeddable":true,"href":"https:\/\/stepienybarno.es\/blog\/wp-json\/wp\/v2\/users\/2"}],"replies":[{"embeddable":true,"href":"https:\/\/stepienybarno.es\/blog\/wp-json\/wp\/v2\/comments?post=4104"}],"version-history":[{"count":2,"href":"https:\/\/stepienybarno.es\/blog\/wp-json\/wp\/v2\/posts\/4104\/revisions"}],"predecessor-version":[{"id":4107,"href":"https:\/\/stepienybarno.es\/blog\/wp-json\/wp\/v2\/posts\/4104\/revisions\/4107"}],"wp:attachment":[{"href":"https:\/\/stepienybarno.es\/blog\/wp-json\/wp\/v2\/media?parent=4104"}],"wp:term":[{"taxonomy":"category","embeddable":true,"href":"https:\/\/stepienybarno.es\/blog\/wp-json\/wp\/v2\/categories?post=4104"},{"taxonomy":"post_tag","embeddable":true,"href":"https:\/\/stepienybarno.es\/blog\/wp-json\/wp\/v2\/tags?post=4104"},{"taxonomy":"series","embeddable":true,"href":"https:\/\/stepienybarno.es\/blog\/wp-json\/wp\/v2\/series?post=4104"}],"curies":[{"name":"wp","href":"https:\/\/api.w.org\/{rel}","templated":true}]}}