{"id":41210,"date":"2020-04-21T08:01:29","date_gmt":"2020-04-21T06:01:29","guid":{"rendered":"https:\/\/www.stepienybarno.es\/blog\/?p=41210"},"modified":"2020-04-16T17:08:54","modified_gmt":"2020-04-16T15:08:54","slug":"mas-alla-de-la-arquitectura-gloria-benito-aranzana","status":"publish","type":"post","link":"https:\/\/stepienybarno.es\/blog\/2020\/04\/21\/mas-alla-de-la-arquitectura-gloria-benito-aranzana\/","title":{"rendered":"M\u00e1s all\u00e1 de la arquitectura"},"content":{"rendered":"<div id=\"attachment_41216\" style=\"width: 560px\" class=\"wp-caption aligncenter\"><img loading=\"lazy\" decoding=\"async\" aria-describedby=\"caption-attachment-41216\" class=\"size-medium wp-image-41216\" src=\"https:\/\/stepienybarno.es\/blog\/wp-content\/uploads\/2020\/04\/stepienybarno-M\u00e1s-all\u00e1-de-la-arquitectura-postdeld\u00eda-550x310.jpg\" alt=\"\" width=\"550\" height=\"310\" srcset=\"https:\/\/stepienybarno.es\/blog\/wp-content\/uploads\/2020\/04\/stepienybarno-M\u00e1s-all\u00e1-de-la-arquitectura-postdeld\u00eda-550x310.jpg 550w, https:\/\/stepienybarno.es\/blog\/wp-content\/uploads\/2020\/04\/stepienybarno-M\u00e1s-all\u00e1-de-la-arquitectura-postdeld\u00eda-1024x576.jpg 1024w, https:\/\/stepienybarno.es\/blog\/wp-content\/uploads\/2020\/04\/stepienybarno-M\u00e1s-all\u00e1-de-la-arquitectura-postdeld\u00eda-180x101.jpg 180w, https:\/\/stepienybarno.es\/blog\/wp-content\/uploads\/2020\/04\/stepienybarno-M\u00e1s-all\u00e1-de-la-arquitectura-postdeld\u00eda-316x178.jpg 316w, https:\/\/stepienybarno.es\/blog\/wp-content\/uploads\/2020\/04\/stepienybarno-M\u00e1s-all\u00e1-de-la-arquitectura-postdeld\u00eda.jpg 1400w\" sizes=\"(max-width: 550px) 100vw, 550px\" \/><p id=\"caption-attachment-41216\" class=\"wp-caption-text\">Elliot Alderson, personaje de Mr Robot, serie de USA Network<\/p><\/div>\n<h1>Por:\u00a0Gloria Benito Aranzana<\/h1>\n<h2>Desde: Blog de la fundaci\u00f3n Arquia<\/h2>\n<h2>Fotograf\u00eda: Elliot Alderson, personaje de Mr Robot, serie de USA Network<!--more--><\/h2>\n<p>Hoy te has levantado, te has duchado, vestido, desayunado y cogido alg\u00fan transporte para ir a trabajar. En menos de dos horas has usado dos o tres habitaciones y un espacio p\u00fablico, pero adem\u00e1s has limpiado tu bandeja de correo de spam, dado los buenos d\u00edas a tu madre por WhatsApp, a\u00f1adido dos o tres tareas a tu lista de \u201ccosas urgentes\u201d, chequeado tus facturas bancarias, reservado cita con el dentista y acudido al \u00faltimo concierto de Depeche Mode. Tambi\u00e9n has visto de pasada las inundaciones de Sierra Leona y has jugueteado con la idea de reservar un \u201cvuelo-chollo\u201d a Maldivas.<\/p>\n<p>En una de sus m\u00faltiples definiciones, entendemos la arquitectura como el arte (eso es otro debate) y la t\u00e9cnica de proyectar, dise\u00f1ar, construir y modificar el h\u00e1bitat humano. <strong>Este h\u00e1bitat ha cambiad<\/strong>o, se ha desdibujado y ampliado. Ya no necesitamos medios f\u00edsicos para realizar muchas de nuestras actividades cotidianas. Los flujos y procesos que constituyen nuestro comportamiento han dejado de estar confinados en espacios materiales y se han convertido en <strong>lugares<\/strong>: \u00e1reas comunes, tangibles e intangibles. Espacios de intercambio, negocio, aprendizaje, ocio, control, almacenaje, registro, esparcimiento, etc. Nos movemos tambi\u00e9n en \u00e1mbitos imaginados, sin necesidad de iluminaci\u00f3n, ni gravedad, ni higrotermia; que necesitan de una experiencia humana para tener sentido. El emplazamiento y la forma que definen nuestro h\u00e1bitat ha adquirido nuevas dimensiones y par\u00e1metros.<\/p>\n<p><strong>\u00bfPor qu\u00e9 entonces seguimos distinguiendo una l\u00ednea tan clara entre arquitectura y tecnolog\u00eda?<\/strong><\/p>\n<p>&nbsp;<\/p>\n<p style=\"text-align: center;\">Acceder al Post <a href=\"https:\/\/bit.ly\/3bembMv\" target=\"_blank\" rel=\"noopener noreferrer\">AQU\u00cd<\/a><\/p>\n<p>&nbsp;<\/p>\n<p><iframe loading=\"lazy\" title=\"\u00bfPara qu\u00e9 sirve un ARQUITECTO \/a? Por Jordi Ludevid\" width=\"911\" height=\"512\" src=\"https:\/\/www.youtube.com\/embed\/videoseries?list=PL9KCMehqFIajpdVXSncYV0J1ef6ms4zRx\" frameborder=\"0\" allow=\"accelerometer; autoplay; encrypted-media; gyroscope; picture-in-picture\" allowfullscreen><\/iframe><\/p>\n<hr \/>\n<h5><strong>Autores del post: <a href=\"https:\/\/stepienybarno.es\/blog\/2011\/09\/04\/las-fortalezas-del-arquitecto\/\">Stepienybarno<\/a> _ Agnieszka Stepien y Lorenzo Barn\u00f3<\/strong><\/h5>\n<h5>Y como siempre, si te gust\u00f3 el post, estar\u00eda genial que lo compartas en tus redes sociales.<\/h5>\n<h5>A su vez, si todav\u00eda no est\u00e1s suscrito a nuestra Newsletter, te animamos a hacerlo en la casilla que tienes al terminar este art\u00edculo.<\/h5>\n<p>&nbsp;<\/p>\n<blockquote><p>Suscribirte a nuestro blog y recibe gratis nuestra gu\u00eda: 10 Ideas para vender m\u00e1s si eres arquitecto<\/p>\n<p>Acceder: <a href=\"http:\/\/bit.ly\/2fkkTS7\">http:\/\/bit.ly\/2fkkTS7<\/a><\/p>\n<p>&nbsp;<\/p>\n<p>Si te interesa contactar con nosotros para que te ayudemos a mejorar tu visibilidad online y, en consecuencia, mejorar tus oportunidades laborales, no dudes en escribirnos a: <a href=\"mailto:blog@stepienybarno.es\">blog@stepienybarno.es<\/a><\/p><\/blockquote>\n<p>&nbsp;<\/p>\n<p><em><a href=\"https:\/\/twitter.com\/stepienybarno\">Stepienybarno en TWITTER<\/a><\/em><\/p>\n<p><em><a href=\"https:\/\/twitter.com\/stepienybarno\">@stepienybarno (+ de 16.000 seguidores)<\/a><\/em><\/p>\n<p><em><a href=\"https:\/\/twitter.com\/stepienybarno?lang=es\">https:\/\/twitter.com\/stepienybarno?lang=es<\/a><\/em><\/p>\n<p><em><a href=\"https:\/\/www.facebook.com\/pages\/BLOG-DE-STEPIENYBARNO\/78001079029\">Stepienybarno en FACEBOOK (+ de 24<u>.000 seguidores)<\/u><\/a><\/em><\/p>\n<p><em><a href=\"https:\/\/www.facebook.com\/StepienyBarnoArquitecturaeIdentidadDigital\/\">https:\/\/www.facebook.com\/StepienyBarnoArquitecturaeIdentidadDigital\/<\/a><\/em><\/p>\n<p><em>Acceder a nuestro GRUPO CERRADO DE FACEBOOK sobre Identidad Digital para Arquitectos:<\/em><\/p>\n<p><em><a href=\"https:\/\/www.facebook.com\/groups\/IdentidadDigitalParaArquitectos\/\">https:\/\/www.facebook.com\/groups\/IdentidadDigitalParaArquitectos\/<\/a><\/em><\/p>\n<p><em>Suscr\u00edbete a nuestro canal de YOUTUBE: <a href=\"http:\/\/bit.ly\/2A1UtAd\">http:\/\/bit.ly\/2A1UtAd<\/a><\/em><\/p>\n<p>&nbsp;<\/p>\n<p>* <a href=\"https:\/\/stepienybarno.es\/blog\/2011\/09\/04\/las-fortalezas-del-arquitecto\/\">Stepienybarno<\/a> est\u00e1 formado por Agnieszka Stepien y Lorenzo Barn\u00f3 y desde mayo del 2009 estamos en la red con la presente publicaci\u00f3n digital (Blog) de arquitectura.<\/p>\n<p>Nuestra actividad se sustenta en tres pilares b\u00e1sicos: la investigaci\u00f3n, la publicaci\u00f3n y la redacci\u00f3n de proyectos de arquitectura.<\/p>\n<p>A su vez, somos socios cofundadores de <a href=\"http:\/\/sinergiasostenible.org\/\">SINERGIA SOSTENIBLE<\/a> y directores del blog de FUNDACI\u00d3N ARQUIA.<\/p>\n","protected":false},"excerpt":{"rendered":"<p>Por:\u00a0Gloria Benito Aranzana Desde: Blog de la fundaci\u00f3n Arquia Fotograf\u00eda:<\/p>\n","protected":false},"author":2,"featured_media":41216,"comment_status":"open","ping_status":"closed","sticky":false,"template":"","format":"standard","meta":{"om_disable_all_campaigns":false,"_monsterinsights_skip_tracking":false,"_monsterinsights_sitenote_active":false,"_monsterinsights_sitenote_note":"","_monsterinsights_sitenote_category":0,"_uf_show_specific_survey":0,"_uf_disable_surveys":false,"episode_type":"audio","audio_file":"","cover_image":"","cover_image_id":"","duration":"","filesize":"","date_recorded":"","explicit":"","block":"","filesize_raw":"","footnotes":""},"categories":[244],"tags":[8122],"series":[],"class_list":["post-41210","post","type-post","status-publish","format-standard","has-post-thumbnail","hentry","category-canal-de-arquitectura","tag-gloria-benito-aranzana"],"aioseo_notices":[],"episode_featured_image":"https:\/\/stepienybarno.es\/blog\/wp-content\/uploads\/2020\/04\/stepienybarno-M\u00e1s-all\u00e1-de-la-arquitectura-postdeld\u00eda.jpg","episode_player_image":"https:\/\/stepienybarno.es\/blog\/wp-content\/uploads\/2020\/11\/stepienybarno-podcast-scaled.jpg","download_link":"","player_link":"","audio_player":false,"episode_data":{"playerMode":"dark","subscribeUrls":[],"rssFeedUrl":"https:\/\/stepienybarno.es\/blog\/feed\/podcast\/podcast-de-stepienybarno","embedCode":"<blockquote class=\"wp-embedded-content\" data-secret=\"O0sEEvH3Sn\"><a href=\"https:\/\/stepienybarno.es\/blog\/2020\/04\/21\/mas-alla-de-la-arquitectura-gloria-benito-aranzana\/\">M\u00e1s all\u00e1 de la arquitectura<\/a><\/blockquote><iframe sandbox=\"allow-scripts\" security=\"restricted\" src=\"https:\/\/stepienybarno.es\/blog\/2020\/04\/21\/mas-alla-de-la-arquitectura-gloria-benito-aranzana\/embed\/#?secret=O0sEEvH3Sn\" width=\"500\" height=\"350\" title=\"\u00abM\u00e1s all\u00e1 de la arquitectura\u00bb \u2014 Blog de STEPIEN Y BARNO - publicaci\u00f3n digital sobre arquitectura\" data-secret=\"O0sEEvH3Sn\" frameborder=\"0\" marginwidth=\"0\" marginheight=\"0\" scrolling=\"no\" class=\"wp-embedded-content\"><\/iframe><script type=\"text\/javascript\">\n\/* <![CDATA[ *\/\n\/*! This file is auto-generated *\/\n!function(d,l){\"use strict\";l.querySelector&&d.addEventListener&&\"undefined\"!=typeof URL&&(d.wp=d.wp||{},d.wp.receiveEmbedMessage||(d.wp.receiveEmbedMessage=function(e){var t=e.data;if((t||t.secret||t.message||t.value)&&!\/[^a-zA-Z0-9]\/.test(t.secret)){for(var s,r,n,a=l.querySelectorAll('iframe[data-secret=\"'+t.secret+'\"]'),o=l.querySelectorAll('blockquote[data-secret=\"'+t.secret+'\"]'),c=new RegExp(\"^https?:$\",\"i\"),i=0;i<o.length;i++)o[i].style.display=\"none\";for(i=0;i<a.length;i++)s=a[i],e.source===s.contentWindow&&(s.removeAttribute(\"style\"),\"height\"===t.message?(1e3<(r=parseInt(t.value,10))?r=1e3:~~r<200&&(r=200),s.height=r):\"link\"===t.message&&(r=new URL(s.getAttribute(\"src\")),n=new URL(t.value),c.test(n.protocol))&&n.host===r.host&&l.activeElement===s&&(d.top.location.href=t.value))}},d.addEventListener(\"message\",d.wp.receiveEmbedMessage,!1),l.addEventListener(\"DOMContentLoaded\",function(){for(var e,t,s=l.querySelectorAll(\"iframe.wp-embedded-content\"),r=0;r<s.length;r++)(t=(e=s[r]).getAttribute(\"data-secret\"))||(t=Math.random().toString(36).substring(2,12),e.src+=\"#?secret=\"+t,e.setAttribute(\"data-secret\",t)),e.contentWindow.postMessage({message:\"ready\",secret:t},\"*\")},!1)))}(window,document);\n\/* ]]> *\/\n<\/script>\n"},"_links":{"self":[{"href":"https:\/\/stepienybarno.es\/blog\/wp-json\/wp\/v2\/posts\/41210"}],"collection":[{"href":"https:\/\/stepienybarno.es\/blog\/wp-json\/wp\/v2\/posts"}],"about":[{"href":"https:\/\/stepienybarno.es\/blog\/wp-json\/wp\/v2\/types\/post"}],"author":[{"embeddable":true,"href":"https:\/\/stepienybarno.es\/blog\/wp-json\/wp\/v2\/users\/2"}],"replies":[{"embeddable":true,"href":"https:\/\/stepienybarno.es\/blog\/wp-json\/wp\/v2\/comments?post=41210"}],"version-history":[{"count":5,"href":"https:\/\/stepienybarno.es\/blog\/wp-json\/wp\/v2\/posts\/41210\/revisions"}],"predecessor-version":[{"id":41217,"href":"https:\/\/stepienybarno.es\/blog\/wp-json\/wp\/v2\/posts\/41210\/revisions\/41217"}],"wp:featuredmedia":[{"embeddable":true,"href":"https:\/\/stepienybarno.es\/blog\/wp-json\/wp\/v2\/media\/41216"}],"wp:attachment":[{"href":"https:\/\/stepienybarno.es\/blog\/wp-json\/wp\/v2\/media?parent=41210"}],"wp:term":[{"taxonomy":"category","embeddable":true,"href":"https:\/\/stepienybarno.es\/blog\/wp-json\/wp\/v2\/categories?post=41210"},{"taxonomy":"post_tag","embeddable":true,"href":"https:\/\/stepienybarno.es\/blog\/wp-json\/wp\/v2\/tags?post=41210"},{"taxonomy":"series","embeddable":true,"href":"https:\/\/stepienybarno.es\/blog\/wp-json\/wp\/v2\/series?post=41210"}],"curies":[{"name":"wp","href":"https:\/\/api.w.org\/{rel}","templated":true}]}}