{"id":41763,"date":"2020-05-12T08:02:44","date_gmt":"2020-05-12T06:02:44","guid":{"rendered":"https:\/\/www.stepienybarno.es\/blog\/?p=41763"},"modified":"2020-05-12T10:05:53","modified_gmt":"2020-05-12T08:05:53","slug":"autodesk-pide-perdon-a-las-victimas-del-sombreado","status":"publish","type":"post","link":"https:\/\/stepienybarno.es\/blog\/2020\/05\/12\/autodesk-pide-perdon-a-las-victimas-del-sombreado\/","title":{"rendered":"Autodesk pide perd\u00f3n a las v\u00edctimas del sombreado"},"content":{"rendered":"<div id=\"attachment_41773\" style=\"width: 560px\" class=\"wp-caption aligncenter\"><img loading=\"lazy\" decoding=\"async\" aria-describedby=\"caption-attachment-41773\" class=\"size-medium wp-image-41773\" src=\"https:\/\/stepienybarno.es\/blog\/wp-content\/uploads\/2020\/05\/stepienybarno-Autodesk-pide-perd\u00f3n-a-las-v\u00edctimas-del-sombreado-postdeld\u00eda-550x286.jpg\" alt=\"\" width=\"550\" height=\"286\" srcset=\"https:\/\/stepienybarno.es\/blog\/wp-content\/uploads\/2020\/05\/stepienybarno-Autodesk-pide-perd\u00f3n-a-las-v\u00edctimas-del-sombreado-postdeld\u00eda-550x286.jpg 550w, https:\/\/stepienybarno.es\/blog\/wp-content\/uploads\/2020\/05\/stepienybarno-Autodesk-pide-perd\u00f3n-a-las-v\u00edctimas-del-sombreado-postdeld\u00eda-1024x532.jpg 1024w, https:\/\/stepienybarno.es\/blog\/wp-content\/uploads\/2020\/05\/stepienybarno-Autodesk-pide-perd\u00f3n-a-las-v\u00edctimas-del-sombreado-postdeld\u00eda-180x94.jpg 180w, https:\/\/stepienybarno.es\/blog\/wp-content\/uploads\/2020\/05\/stepienybarno-Autodesk-pide-perd\u00f3n-a-las-v\u00edctimas-del-sombreado-postdeld\u00eda-1536x799.jpg 1536w, https:\/\/stepienybarno.es\/blog\/wp-content\/uploads\/2020\/05\/stepienybarno-Autodesk-pide-perd\u00f3n-a-las-v\u00edctimas-del-sombreado-postdeld\u00eda-2048x1065.jpg 2048w, https:\/\/stepienybarno.es\/blog\/wp-content\/uploads\/2020\/05\/stepienybarno-Autodesk-pide-perd\u00f3n-a-las-v\u00edctimas-del-sombreado-postdeld\u00eda-316x164.jpg 316w\" sizes=\"(max-width: 550px) 100vw, 550px\" \/><p id=\"caption-attachment-41773\" class=\"wp-caption-text\">El encargado del sombreado, Mariano Tejedor<\/p><\/div>\n<h2><strong>Desde: De delirious new blog<\/strong><\/h2>\n<h2><strong>Fotograf\u00eda: El encargado del sombreado, Mariano Tejedor. De delirious new blog<\/strong><\/h2>\n<p><!--more--><\/p>\n<p data-adtags-visited=\"true\">Desde su lanzamiento en 1981, AutoCAD ha arrastrado varios defectos que han hecho del programa de dise\u00f1o un obst\u00e1culo m\u00e1s que una ayuda pero sin duda el m\u00e1s notable de todos ellos ha sido la herramienta de sombreado. Resulta muy dif\u00edcil que dicha herramienta haga un sombreado correcto a la primera sin utilizar trucos cutres que ralentizan el trabajo.<\/p>\n<p data-adtags-visited=\"true\">Los usuarios siempre se han sorprendido de que tal y como est\u00e1 de avanzada la tecnolog\u00eda este problema no haya sido solucionado a\u00fan. Sin embargo, gracias a este comunicado hemos sabido que <b>no se trataba de un error de software<\/b> sino de un hecho voluntario.<\/p>\n<p>&nbsp;<\/p>\n<p style=\"text-align: center;\">Acceder al Post <a href=\"https:\/\/bit.ly\/35RyEDQ\" target=\"_blank\" rel=\"noopener noreferrer\">AQU\u00cd<\/a><\/p>\n<p>&nbsp;<\/p>\n<p><iframe loading=\"lazy\" title=\"\u00bfPara qu\u00e9 sirve un ARQUITECTO \/a? Por Jordi Ludevid\" width=\"911\" height=\"512\" src=\"https:\/\/www.youtube.com\/embed\/videoseries?list=PL9KCMehqFIajpdVXSncYV0J1ef6ms4zRx\" frameborder=\"0\" allow=\"accelerometer; autoplay; encrypted-media; gyroscope; picture-in-picture\" allowfullscreen><\/iframe><\/p>\n<hr \/>\n<h5><strong>Autores del post: <a href=\"https:\/\/stepienybarno.es\/blog\/2011\/09\/04\/las-fortalezas-del-arquitecto\/\">Stepienybarno<\/a> _ Agnieszka Stepien y Lorenzo Barn\u00f3<\/strong><\/h5>\n<h5>Y como siempre, si te gust\u00f3 el post, estar\u00eda genial que lo compartas en tus redes sociales.<\/h5>\n<h5>A su vez, si todav\u00eda no est\u00e1s suscrito a nuestra Newsletter, te animamos a hacerlo en la casilla que tienes al terminar este art\u00edculo.<\/h5>\n<p>&nbsp;<\/p>\n<blockquote><p>Suscribirte a nuestro blog y recibe gratis nuestra gu\u00eda: 10 Ideas para vender m\u00e1s si eres arquitecto<\/p>\n<p>Acceder: <a href=\"http:\/\/bit.ly\/2fkkTS7\">http:\/\/bit.ly\/2fkkTS7<\/a><\/p>\n<p>&nbsp;<\/p>\n<p>Si te interesa contactar con nosotros para que te ayudemos a mejorar tu visibilidad online y, en consecuencia, mejorar tus oportunidades laborales, no dudes en escribirnos a: <a href=\"mailto:blog@stepienybarno.es\">blog@stepienybarno.es<\/a><\/p><\/blockquote>\n<p>&nbsp;<\/p>\n<p><em><a href=\"https:\/\/twitter.com\/stepienybarno\">Stepienybarno en TWITTER<\/a><\/em><\/p>\n<p><em><a href=\"https:\/\/twitter.com\/stepienybarno\">@stepienybarno (+ de 16.000 seguidores)<\/a><\/em><\/p>\n<p><em><a href=\"https:\/\/twitter.com\/stepienybarno?lang=es\">https:\/\/twitter.com\/stepienybarno?lang=es<\/a><\/em><\/p>\n<p><em><a href=\"https:\/\/www.facebook.com\/pages\/BLOG-DE-STEPIENYBARNO\/78001079029\">Stepienybarno en FACEBOOK (+ de 24<u>.000 seguidores)<\/u><\/a><\/em><\/p>\n<p><em><a href=\"https:\/\/www.facebook.com\/StepienyBarnoArquitecturaeIdentidadDigital\/\">https:\/\/www.facebook.com\/StepienyBarnoArquitecturaeIdentidadDigital\/<\/a><\/em><\/p>\n<p><em>Acceder a nuestro GRUPO CERRADO DE FACEBOOK sobre Identidad Digital para Arquitectos:<\/em><\/p>\n<p><em><a href=\"https:\/\/www.facebook.com\/groups\/IdentidadDigitalParaArquitectos\/\">https:\/\/www.facebook.com\/groups\/IdentidadDigitalParaArquitectos\/<\/a><\/em><\/p>\n<p><em>Suscr\u00edbete a nuestro canal de YOUTUBE: <a href=\"http:\/\/bit.ly\/2A1UtAd\">http:\/\/bit.ly\/2A1UtAd<\/a><\/em><\/p>\n<p>&nbsp;<\/p>\n<p>* <a href=\"https:\/\/stepienybarno.es\/blog\/2011\/09\/04\/las-fortalezas-del-arquitecto\/\">Stepienybarno<\/a> est\u00e1 formado por Agnieszka Stepien y Lorenzo Barn\u00f3 y desde mayo del 2009 estamos en la red con la presente publicaci\u00f3n digital (Blog) de arquitectura.<\/p>\n<p>Nuestra actividad se sustenta en tres pilares b\u00e1sicos: la investigaci\u00f3n, la publicaci\u00f3n y la redacci\u00f3n de proyectos de arquitectura.<\/p>\n<p>A su vez, somos socios cofundadores de <a href=\"http:\/\/sinergiasostenible.org\/\">SINERGIA SOSTENIBLE<\/a> y directores del blog de FUNDACI\u00d3N ARQUIA.<\/p>\n","protected":false},"excerpt":{"rendered":"<p>Desde: De delirious new blog Fotograf\u00eda: El encargado del sombreado,<\/p>\n","protected":false},"author":2,"featured_media":41773,"comment_status":"open","ping_status":"closed","sticky":false,"template":"","format":"standard","meta":{"om_disable_all_campaigns":false,"_monsterinsights_skip_tracking":false,"_monsterinsights_sitenote_active":false,"_monsterinsights_sitenote_note":"","_monsterinsights_sitenote_category":0,"_uf_show_specific_survey":0,"_uf_disable_surveys":false,"episode_type":"audio","audio_file":"","cover_image":"","cover_image_id":"","duration":"","filesize":"","date_recorded":"","explicit":"","block":"","filesize_raw":"","footnotes":""},"categories":[244],"tags":[5786,1378],"series":[],"class_list":["post-41763","post","type-post","status-publish","format-standard","has-post-thumbnail","hentry","category-canal-de-arquitectura","tag-autodesk","tag-humor"],"aioseo_notices":[],"episode_featured_image":"https:\/\/stepienybarno.es\/blog\/wp-content\/uploads\/2020\/05\/stepienybarno-Autodesk-pide-perd\u00f3n-a-las-v\u00edctimas-del-sombreado-postdeld\u00eda.jpg","episode_player_image":"https:\/\/stepienybarno.es\/blog\/wp-content\/uploads\/2020\/11\/stepienybarno-podcast-scaled.jpg","download_link":"","player_link":"","audio_player":false,"episode_data":{"playerMode":"dark","subscribeUrls":[],"rssFeedUrl":"https:\/\/stepienybarno.es\/blog\/feed\/podcast\/podcast-de-stepienybarno","embedCode":"<blockquote class=\"wp-embedded-content\" data-secret=\"l96sFS2LBn\"><a href=\"https:\/\/stepienybarno.es\/blog\/2020\/05\/12\/autodesk-pide-perdon-a-las-victimas-del-sombreado\/\">Autodesk pide perd\u00f3n a las v\u00edctimas del sombreado<\/a><\/blockquote><iframe sandbox=\"allow-scripts\" security=\"restricted\" src=\"https:\/\/stepienybarno.es\/blog\/2020\/05\/12\/autodesk-pide-perdon-a-las-victimas-del-sombreado\/embed\/#?secret=l96sFS2LBn\" width=\"500\" height=\"350\" title=\"\u00abAutodesk pide perd\u00f3n a las v\u00edctimas del sombreado\u00bb \u2014 Blog de STEPIEN Y BARNO - publicaci\u00f3n digital sobre arquitectura\" data-secret=\"l96sFS2LBn\" frameborder=\"0\" marginwidth=\"0\" marginheight=\"0\" scrolling=\"no\" class=\"wp-embedded-content\"><\/iframe><script type=\"text\/javascript\">\n\/* <![CDATA[ *\/\n\/*! This file is auto-generated *\/\n!function(d,l){\"use strict\";l.querySelector&&d.addEventListener&&\"undefined\"!=typeof URL&&(d.wp=d.wp||{},d.wp.receiveEmbedMessage||(d.wp.receiveEmbedMessage=function(e){var t=e.data;if((t||t.secret||t.message||t.value)&&!\/[^a-zA-Z0-9]\/.test(t.secret)){for(var s,r,n,a=l.querySelectorAll('iframe[data-secret=\"'+t.secret+'\"]'),o=l.querySelectorAll('blockquote[data-secret=\"'+t.secret+'\"]'),c=new RegExp(\"^https?:$\",\"i\"),i=0;i<o.length;i++)o[i].style.display=\"none\";for(i=0;i<a.length;i++)s=a[i],e.source===s.contentWindow&&(s.removeAttribute(\"style\"),\"height\"===t.message?(1e3<(r=parseInt(t.value,10))?r=1e3:~~r<200&&(r=200),s.height=r):\"link\"===t.message&&(r=new URL(s.getAttribute(\"src\")),n=new URL(t.value),c.test(n.protocol))&&n.host===r.host&&l.activeElement===s&&(d.top.location.href=t.value))}},d.addEventListener(\"message\",d.wp.receiveEmbedMessage,!1),l.addEventListener(\"DOMContentLoaded\",function(){for(var e,t,s=l.querySelectorAll(\"iframe.wp-embedded-content\"),r=0;r<s.length;r++)(t=(e=s[r]).getAttribute(\"data-secret\"))||(t=Math.random().toString(36).substring(2,12),e.src+=\"#?secret=\"+t,e.setAttribute(\"data-secret\",t)),e.contentWindow.postMessage({message:\"ready\",secret:t},\"*\")},!1)))}(window,document);\n\/* ]]> *\/\n<\/script>\n"},"_links":{"self":[{"href":"https:\/\/stepienybarno.es\/blog\/wp-json\/wp\/v2\/posts\/41763"}],"collection":[{"href":"https:\/\/stepienybarno.es\/blog\/wp-json\/wp\/v2\/posts"}],"about":[{"href":"https:\/\/stepienybarno.es\/blog\/wp-json\/wp\/v2\/types\/post"}],"author":[{"embeddable":true,"href":"https:\/\/stepienybarno.es\/blog\/wp-json\/wp\/v2\/users\/2"}],"replies":[{"embeddable":true,"href":"https:\/\/stepienybarno.es\/blog\/wp-json\/wp\/v2\/comments?post=41763"}],"version-history":[{"count":3,"href":"https:\/\/stepienybarno.es\/blog\/wp-json\/wp\/v2\/posts\/41763\/revisions"}],"predecessor-version":[{"id":41774,"href":"https:\/\/stepienybarno.es\/blog\/wp-json\/wp\/v2\/posts\/41763\/revisions\/41774"}],"wp:featuredmedia":[{"embeddable":true,"href":"https:\/\/stepienybarno.es\/blog\/wp-json\/wp\/v2\/media\/41773"}],"wp:attachment":[{"href":"https:\/\/stepienybarno.es\/blog\/wp-json\/wp\/v2\/media?parent=41763"}],"wp:term":[{"taxonomy":"category","embeddable":true,"href":"https:\/\/stepienybarno.es\/blog\/wp-json\/wp\/v2\/categories?post=41763"},{"taxonomy":"post_tag","embeddable":true,"href":"https:\/\/stepienybarno.es\/blog\/wp-json\/wp\/v2\/tags?post=41763"},{"taxonomy":"series","embeddable":true,"href":"https:\/\/stepienybarno.es\/blog\/wp-json\/wp\/v2\/series?post=41763"}],"curies":[{"name":"wp","href":"https:\/\/api.w.org\/{rel}","templated":true}]}}