{"id":41822,"date":"2020-05-14T10:30:11","date_gmt":"2020-05-14T08:30:11","guid":{"rendered":"https:\/\/www.stepienybarno.es\/blog\/?p=41822"},"modified":"2020-05-25T08:48:33","modified_gmt":"2020-05-25T06:48:33","slug":"la-pregunta-inicial-para-una-arquitectura-saludable-post-pandemia","status":"publish","type":"post","link":"https:\/\/stepienybarno.es\/blog\/2020\/05\/14\/la-pregunta-inicial-para-una-arquitectura-saludable-post-pandemia\/","title":{"rendered":"La pregunta inicial para una arquitectura saludable post pandemia."},"content":{"rendered":"<p><img loading=\"lazy\" decoding=\"async\" class=\"alignnone wp-image-41828 size-full\" src=\"https:\/\/stepienybarno.es\/blog\/wp-content\/uploads\/2020\/05\/arquitectura-saludable-pandemia.jpg\" alt=\"\" width=\"750\" height=\"500\" srcset=\"https:\/\/stepienybarno.es\/blog\/wp-content\/uploads\/2020\/05\/arquitectura-saludable-pandemia.jpg 750w, https:\/\/stepienybarno.es\/blog\/wp-content\/uploads\/2020\/05\/arquitectura-saludable-pandemia-550x367.jpg 550w, https:\/\/stepienybarno.es\/blog\/wp-content\/uploads\/2020\/05\/arquitectura-saludable-pandemia-180x120.jpg 180w, https:\/\/stepienybarno.es\/blog\/wp-content\/uploads\/2020\/05\/arquitectura-saludable-pandemia-316x211.jpg 316w\" sizes=\"(max-width: 750px) 100vw, 750px\" \/><\/p>\n<p>Nuestro amigo Igma Pacheco Rivas nos hace llegar este texto, que seguro que te va a gustar mucho.<\/p>\n<p><!--more--><\/p>\n<p><em>\u201cRecuerdo aquel tipo, con aires acad\u00e9micos y tono sarc\u00e1stico decirnos: respuestas, respuestas \u00bfQui\u00e9n tiene preguntas?\u2026 Nosotros \u00e9ramos j\u00f3venes y por ese entonces est\u00e1bamos llenos de preguntas.\u201d<\/em> As\u00ed escrib\u00eda Roberto Bola\u00f1o en los Detectives Salvajes, cuando su h\u00edgado a\u00fan funcionaba.<\/p>\n<p>La arquitectura da respuestas, y quiz\u00e1s sea esa una de sus grandes virtudes. Y si bien es cierto que la reflexi\u00f3n arquitect\u00f3nica pone \u00e9nfasis en las preguntas, quiz\u00e1s hoy, m\u00e1s que nunca, sea un buen momento para re-formularnos algunas de ellas.<\/p>\n<p>El confinamiento que hemos vivido es una especie de <strong>\u201cexperimento social involuntario\u201d<\/strong>, es decir, algo que hubiese sido imposible de realizar en condiciones de no-pandemia.<\/p>\n<p>Un experimento muy interesante para muchas disciplinas y tambi\u00e9n para la arquitectura, en cuanto ha dejado al descubierto algo que muchos\/as ya sab\u00edamos:<strong> la mala calidad, en general, de las viviendas.<\/strong><\/p>\n<p>Esa deficiente calidad se puede entender o justificar a partir de muchos factores: su tama\u00f1o, iluminaci\u00f3n natural, ventilaci\u00f3n, dise\u00f1o, bajos presupuestos, etc.<\/p>\n<p>De lo que no cabe duda es que los\/as arquitecto\/as somos, en alg\u00fan grado y no los \u00fanicos\/as, responsables de todo esto.<\/p>\n<p>Pero m\u00e1s all\u00e1 de las cuestiones t\u00e9cnicas de toda obra de arquitectura me parece que <strong>el problema aqu\u00ed no es t\u00e9cnico sino conceptual, y tiene que ver con la pregunta inicial que gu\u00eda a todo proyecto.<\/strong><\/p>\n<p>Una pregunta inicial que deber\u00eda guiar los nuevos proyectos o rehabilitaciones futuras porque, quer\u00e1moslo o no, nuestra \u00fanica opci\u00f3n es mirar hacia adelante, pero con un punto de inflexi\u00f3n brutal: la Covid-19.<\/p>\n<h2 align=\"CENTER\">\u00bfEs posible, t\u00e9cnica y conceptualmente, una arquitectura saludable?<\/h2>\n<p>La respuesta es s\u00ed pero, insisto, no es un problema t\u00e9cnico sino conceptual.<\/p>\n<p>Es conceptual ya que las preguntas sobre una <strong>arquitectura saludable o una biolog\u00eda del habitar<\/strong> nunca han estado en la \u201cprimera l\u00ednea\u201d de nuestra disciplina y nuestro hacer.<\/p>\n<p>Habr\u00eda tambi\u00e9n que definir y ponernos de acuerdo en la idea de salud asociada a una obra construida, ampliando el concepto m\u00e1s all\u00e1 de los individuos que la habitan.<\/p>\n<p>Y para acercarnos a la idea de una arquitectura saludable, me parece pertinente citar dos antecedentes: <strong>la permacultura y la bioconstrucci\u00f3n<\/strong>.<\/p>\n<p>Desde una reflexi\u00f3n hol\u00edstica acerca del habitar, la permacultura nos advierte sobre la vieja pregunta y nos invita a trabajar desde la nueva pregunta.<\/p>\n<p>La vieja pregunta era: <strong>\u00bfC\u00f3mo podemos, como seres humanos, sacar provecho del mundo vegetal?<\/strong> Y la nueva pregunta es: <strong>\u00bfQu\u00e9 podemos, como seres humanos, aprender del mundo vegetal?<\/strong><\/p>\n<p>Aprender del mundo vegetal cuestiona tambi\u00e9n la idea de salud que tenemos, la cual, por lo general, se centra en <strong>las personas como seres aut\u00f3nomos<\/strong>: compuestos por una serie de \u00f3rganos que son estudiados\/tratados de manera independiente.<\/p>\n<p>En la nueva pregunta, la idea de salud trasciende al individuo, entendi\u00e9ndolo ahora como <strong>un ser interconectado, como parte del ecosistema que habita<\/strong>.<\/p>\n<p>En consecuencia, una arquitectura saludable <strong>no debiera ser proyectada solo para los individuos<\/strong> sino tambi\u00e9n para el entorno, los ecosistemas y el mundo vegetal.<\/p>\n<p>La bioconstrucci\u00f3n tambi\u00e9n nos orienta en esta esta nueva pregunta inicial:<strong> \u00bfQu\u00e9 ambiente interior se precisa proyectar?<\/strong> Y ligado a \u00e9sta: <strong>\u00bfQu\u00e9 materiales nos ayudan a conseguir este prop\u00f3sito?<\/strong><\/p>\n<p>Son dos preguntas cruciales, en lo absoluto banales, y m\u00e1s bien t\u00e9cnicas que conceptuales.<\/p>\n<p>De la misma forma que los factores atmosf\u00e9ricos condicionan el clima exterior, <strong>podemos caracterizar, medir y monitorear<\/strong> los que operan en el ambiente interior y estudiar sus interacciones e influencias.<\/p>\n<p>La temperatura, la humedad relativa, la contaminaci\u00f3n interior y la ventilaci\u00f3n son los <strong>principales factores que definen la calidad ambiental<\/strong> de un espacio.<\/p>\n<p>Como seres reguladores, <strong>nuestra respuesta biol\u00f3gica est\u00e1 ligada al medio en el que vivimos, trabajamos o descansamos.<\/strong><\/p>\n<p>Por otro lado, la elecci\u00f3n de los materiales es determinante para asegurar un ambiente interior saludable y minimizar el impacto ambiental que su extracci\u00f3n, elaboraci\u00f3n y puesta en obra demanda.<\/p>\n<p>Ponderar el origen de los materiales, su energ\u00eda embebida, las emisiones de CO2 y otros par\u00e1metros es necesario a la hora de elegir tal o cual material constructivo.<\/p>\n<p>Y es, en el camino hacia una arquitectura saludable, donde<strong> los materiales naturales tienen mucho que aportar.<\/strong><\/p>\n<p>Y tal como hoy es realista pensar que no se construir\u00e1n en el futuro obras que demanden un alto costo energ\u00e9tico, nos gusta pensar que, un d\u00eda, toda construcci\u00f3n ser\u00e1 saludable.<\/p>\n<h2 align=\"CENTER\">Bioconstrucci\u00f3n Futura<\/h2>\n<p>De alg\u00fan modo, y no de manera excluyente, somos los\/as t\u00e9cnicos\/as quienes debemos de liderar estos temas en diversas escalas y \u00e1mbitos de trabajo.<\/p>\n<p>Y m\u00e1s all\u00e1 de los desaf\u00edos t\u00e9cnicos o conceptuales que esta nueva pregunta nos exige, el desaf\u00edo es \u00e9tico.<\/p>\n<p><strong>Una encrucijada \u00e9tica<\/strong> donde la arquitectura es una m\u00e1s de las tantas disciplinas y conocimientos que deber\u00e1n de reformular su pregunta inicial.<\/p>\n<p>Tenemos los conocimientos, la capacidad intelectual y t\u00e9cnica para abordar el desaf\u00edo propuesto. <strong>Lo que no tenemos es mucho tiempo<\/strong>.<\/p>\n<p>&nbsp;<\/p>\n<pre>Si deseas conocer\u00a0por dentro <strong>Bioconstrucci\u00f3n\u00a0Futura<\/strong> y acceder la\u00a0sesi\u00f3n\r\n \r\n<strong>\"Criterios de dise\u00f1o de estructuras mixta sismo resistentes\"<\/strong>, \r\n\r\npuedes suscribirte desde aqu\u00ed:\u00a0<a href=\"https:\/\/bioconstruccionfutura.com\/suscripcion\/\" target=\"_blank\" rel=\"noopener noreferrer\" data-saferedirecturl=\"https:\/\/www.google.com\/url?q=https:\/\/bioconstruccionfutura.com\/suscripcion\/&amp;source=gmail&amp;ust=1590475378452000&amp;usg=AFQjCNGyf1US7p1Y86ayunk4CYQruL86iw\">https:\/\/<wbr \/>bioconstruccionfutura.com\/<wbr \/>suscripcion\/<\/a>\r\n\r\n<\/pre>\n<p>En este contexto nace <strong><a href=\"https:\/\/bioconstruccionfutura.com\/\">Bioconstrucci\u00f3n Futura<\/a><\/strong>, una comunidad de profesionales especialistas en bioconstrucci\u00f3n que avanza unida.<\/p>\n<p>Un proyecto creado por dos profesionales vinculados a la bioconstrucci\u00f3n que trabajan en remoto.<\/p>\n<p>Igma Pacheco Rivas, un arquitecto gu\u00eda y formador que desarrolla su trabajo de manera 100% digital desde Canad\u00e1 y Andr\u00e9s Mart\u00ednez Espinosa, arquitecto t\u00e9cnico, especialista en biolog\u00eda del h\u00e1bitat y asesor en bioconstrucci\u00f3n en el Instituto Espa\u00f1ol Baubiologie (IEB).<\/p>\n<p>Te invitamos a conocer Bioconstrucci\u00f3n Futura desde aqu\u00ed: <strong><a href=\"http:\/\/www.bioconstruccionfutura.com\">www.bioconstruccionfutura.com<\/a><\/strong> o seguirnos la pista desde nuestra cuenta de <strong><a href=\"https:\/\/www.linkedin.com\/company\/38112872\/admin\/\">LinkedIn<\/a>.<\/strong><\/p>\n<h3 style=\"text-align: center;\">Tambi\u00e9n te puede interesar:<\/h3>\n<h3 class=\"entry-title\" style=\"text-align: center;\"><a href=\"https:\/\/stepienybarno.es\/blog\/2020\/05\/12\/episodio-19-arquicafe-igma-pacheco\/\" target=\"_blank\" rel=\"noopener noreferrer\">Episodio #21: Arquicaf\u00e9 con Igma Pacheco-Rivas<\/a><\/h3>\n","protected":false},"excerpt":{"rendered":"<p>Nuestro amigo Igma Pacheco Rivas nos hace llegar este texto,<\/p>\n","protected":false},"author":2,"featured_media":41828,"comment_status":"open","ping_status":"closed","sticky":false,"template":"","format":"standard","meta":{"om_disable_all_campaigns":false,"_monsterinsights_skip_tracking":false,"_monsterinsights_sitenote_active":false,"_monsterinsights_sitenote_note":"","_monsterinsights_sitenote_category":0,"_uf_show_specific_survey":0,"_uf_disable_surveys":false,"episode_type":"audio","audio_file":"","cover_image":"","cover_image_id":"","duration":"","filesize":"","date_recorded":"","explicit":"","block":"","filesize_raw":"","footnotes":""},"categories":[244],"tags":[6699,379,8155,4786,4472,4616,8134],"series":[],"class_list":["post-41822","post","type-post","status-publish","format-standard","has-post-thumbnail","hentry","category-canal-de-arquitectura","tag-autoconstruccion","tag-bioconstruccion","tag-bioconstruccion-futura","tag-igma-pacheco","tag-igma-pacheco-rivas","tag-igmarrey-pacheco-rivas","tag-pandemia"],"aioseo_notices":[],"episode_featured_image":"https:\/\/stepienybarno.es\/blog\/wp-content\/uploads\/2020\/05\/arquitectura-saludable-pandemia.jpg","episode_player_image":"https:\/\/stepienybarno.es\/blog\/wp-content\/uploads\/2020\/11\/stepienybarno-podcast-scaled.jpg","download_link":"","player_link":"","audio_player":false,"episode_data":{"playerMode":"dark","subscribeUrls":[],"rssFeedUrl":"https:\/\/stepienybarno.es\/blog\/feed\/podcast\/podcast-de-stepienybarno","embedCode":"<blockquote class=\"wp-embedded-content\" data-secret=\"gqLxv2z6bA\"><a href=\"https:\/\/stepienybarno.es\/blog\/2020\/05\/14\/la-pregunta-inicial-para-una-arquitectura-saludable-post-pandemia\/\">La pregunta inicial para una arquitectura saludable post pandemia.<\/a><\/blockquote><iframe sandbox=\"allow-scripts\" security=\"restricted\" src=\"https:\/\/stepienybarno.es\/blog\/2020\/05\/14\/la-pregunta-inicial-para-una-arquitectura-saludable-post-pandemia\/embed\/#?secret=gqLxv2z6bA\" width=\"500\" height=\"350\" title=\"\u00abLa pregunta inicial para una arquitectura saludable post pandemia.\u00bb \u2014 Blog de STEPIEN Y BARNO - publicaci\u00f3n digital sobre arquitectura\" data-secret=\"gqLxv2z6bA\" frameborder=\"0\" marginwidth=\"0\" marginheight=\"0\" scrolling=\"no\" class=\"wp-embedded-content\"><\/iframe><script type=\"text\/javascript\">\n\/* <![CDATA[ *\/\n\/*! This file is auto-generated *\/\n!function(d,l){\"use strict\";l.querySelector&&d.addEventListener&&\"undefined\"!=typeof URL&&(d.wp=d.wp||{},d.wp.receiveEmbedMessage||(d.wp.receiveEmbedMessage=function(e){var t=e.data;if((t||t.secret||t.message||t.value)&&!\/[^a-zA-Z0-9]\/.test(t.secret)){for(var s,r,n,a=l.querySelectorAll('iframe[data-secret=\"'+t.secret+'\"]'),o=l.querySelectorAll('blockquote[data-secret=\"'+t.secret+'\"]'),c=new RegExp(\"^https?:$\",\"i\"),i=0;i<o.length;i++)o[i].style.display=\"none\";for(i=0;i<a.length;i++)s=a[i],e.source===s.contentWindow&&(s.removeAttribute(\"style\"),\"height\"===t.message?(1e3<(r=parseInt(t.value,10))?r=1e3:~~r<200&&(r=200),s.height=r):\"link\"===t.message&&(r=new URL(s.getAttribute(\"src\")),n=new URL(t.value),c.test(n.protocol))&&n.host===r.host&&l.activeElement===s&&(d.top.location.href=t.value))}},d.addEventListener(\"message\",d.wp.receiveEmbedMessage,!1),l.addEventListener(\"DOMContentLoaded\",function(){for(var e,t,s=l.querySelectorAll(\"iframe.wp-embedded-content\"),r=0;r<s.length;r++)(t=(e=s[r]).getAttribute(\"data-secret\"))||(t=Math.random().toString(36).substring(2,12),e.src+=\"#?secret=\"+t,e.setAttribute(\"data-secret\",t)),e.contentWindow.postMessage({message:\"ready\",secret:t},\"*\")},!1)))}(window,document);\n\/* ]]> *\/\n<\/script>\n"},"_links":{"self":[{"href":"https:\/\/stepienybarno.es\/blog\/wp-json\/wp\/v2\/posts\/41822"}],"collection":[{"href":"https:\/\/stepienybarno.es\/blog\/wp-json\/wp\/v2\/posts"}],"about":[{"href":"https:\/\/stepienybarno.es\/blog\/wp-json\/wp\/v2\/types\/post"}],"author":[{"embeddable":true,"href":"https:\/\/stepienybarno.es\/blog\/wp-json\/wp\/v2\/users\/2"}],"replies":[{"embeddable":true,"href":"https:\/\/stepienybarno.es\/blog\/wp-json\/wp\/v2\/comments?post=41822"}],"version-history":[{"count":12,"href":"https:\/\/stepienybarno.es\/blog\/wp-json\/wp\/v2\/posts\/41822\/revisions"}],"predecessor-version":[{"id":42108,"href":"https:\/\/stepienybarno.es\/blog\/wp-json\/wp\/v2\/posts\/41822\/revisions\/42108"}],"wp:featuredmedia":[{"embeddable":true,"href":"https:\/\/stepienybarno.es\/blog\/wp-json\/wp\/v2\/media\/41828"}],"wp:attachment":[{"href":"https:\/\/stepienybarno.es\/blog\/wp-json\/wp\/v2\/media?parent=41822"}],"wp:term":[{"taxonomy":"category","embeddable":true,"href":"https:\/\/stepienybarno.es\/blog\/wp-json\/wp\/v2\/categories?post=41822"},{"taxonomy":"post_tag","embeddable":true,"href":"https:\/\/stepienybarno.es\/blog\/wp-json\/wp\/v2\/tags?post=41822"},{"taxonomy":"series","embeddable":true,"href":"https:\/\/stepienybarno.es\/blog\/wp-json\/wp\/v2\/series?post=41822"}],"curies":[{"name":"wp","href":"https:\/\/api.w.org\/{rel}","templated":true}]}}