{"id":42123,"date":"2020-06-11T08:01:19","date_gmt":"2020-06-11T06:01:19","guid":{"rendered":"https:\/\/www.stepienybarno.es\/blog\/?p=42123"},"modified":"2020-06-03T15:02:26","modified_gmt":"2020-06-03T13:02:26","slug":"marcel-breuer-y-la-invencion-de-la-ligereza-pesada","status":"publish","type":"post","link":"https:\/\/stepienybarno.es\/blog\/2020\/06\/11\/marcel-breuer-y-la-invencion-de-la-ligereza-pesada\/","title":{"rendered":"Marcel Breuer y la invenci\u00f3n de la ligereza pesada"},"content":{"rendered":"<p><img loading=\"lazy\" decoding=\"async\" class=\"aligncenter wp-image-42124 size-full\" src=\"https:\/\/stepienybarno.es\/blog\/wp-content\/uploads\/2020\/05\/stepienybarno-Marcel-Breuer-y-la-invenci\u00f3n-de-la-ligereza-pesada-postdeld\u00eda.png\" alt=\"\" width=\"980\" height=\"440\" srcset=\"https:\/\/stepienybarno.es\/blog\/wp-content\/uploads\/2020\/05\/stepienybarno-Marcel-Breuer-y-la-invenci\u00f3n-de-la-ligereza-pesada-postdeld\u00eda.png 980w, https:\/\/stepienybarno.es\/blog\/wp-content\/uploads\/2020\/05\/stepienybarno-Marcel-Breuer-y-la-invenci\u00f3n-de-la-ligereza-pesada-postdeld\u00eda-550x247.png 550w, https:\/\/stepienybarno.es\/blog\/wp-content\/uploads\/2020\/05\/stepienybarno-Marcel-Breuer-y-la-invenci\u00f3n-de-la-ligereza-pesada-postdeld\u00eda-180x81.png 180w, https:\/\/stepienybarno.es\/blog\/wp-content\/uploads\/2020\/05\/stepienybarno-Marcel-Breuer-y-la-invenci\u00f3n-de-la-ligereza-pesada-postdeld\u00eda-316x142.png 316w\" sizes=\"(max-width: 980px) 100vw, 980px\" \/><\/p>\n<h1><strong>Por: Barry Bergdoll<br \/>\n<\/strong><\/h1>\n<h2><strong>Desde: Arquine<\/strong><\/h2>\n<p><!--more--><\/p>\n<p>La devoci\u00f3n de Marcel Breuer por el peso liviano, incluso ingr\u00e1vido, fue anunciada en su b\u00fasqueda decidida de formas nuevas y cada vez m\u00e1s minimizadas para muebles durante sus a\u00f1os como estudiante en la Bauhaus de Weimar y a\u00fan m\u00e1s una vez que se convirti\u00f3 en maestro de los talleres de muebles en la Bauhaus de Dessau. Para el auditorio de la escuela, Breuer dise\u00f1\u00f3 sillas plegables tan flexibles como el espacio mismo. Para la revista de la escuela, dise\u00f1\u00f3 un p\u00f3ster que publicitaba una \u201cpel\u00edcula Bauhaus\u201d puramente ficticia, que convertir\u00eda cinco a\u00f1os de exploraci\u00f3n del dise\u00f1o en un lapso cinem\u00e1tico impl\u00edcito que personificaba un compromiso radical con el progreso. En la pel\u00edcula, la humanidad pasar\u00eda de estar instalada en un trono de madera enormemente pesado y simb\u00f3lico (la \u201csilla africana\u201d, como se la denomin\u00f3 m\u00e1s tarde) a sentarse en sillas cada vez m\u00e1s ligeras en sus miembros y materiales (1).<\/p>\n<p>&nbsp;<\/p>\n<p style=\"text-align: center;\">Acceder al Post <a href=\"https:\/\/bit.ly\/2yyyyol\" target=\"_blank\" rel=\"noopener noreferrer\">AQU\u00cd<\/a><\/p>\n<p>&nbsp;<\/p>\n<p><iframe loading=\"lazy\" title=\"\u00bfPara qu\u00e9 sirve un ARQUITECTO \/a? Por Jordi Ludevid\" width=\"911\" height=\"512\" src=\"https:\/\/www.youtube.com\/embed\/videoseries?list=PL9KCMehqFIajpdVXSncYV0J1ef6ms4zRx\" frameborder=\"0\" allow=\"accelerometer; autoplay; encrypted-media; gyroscope; picture-in-picture\" allowfullscreen><\/iframe><\/p>\n<hr \/>\n<h5><strong>Autores del post: <a href=\"https:\/\/stepienybarno.es\/blog\/2011\/09\/04\/las-fortalezas-del-arquitecto\/\">Stepienybarno<\/a> _ Agnieszka Stepien y Lorenzo Barn\u00f3<\/strong><\/h5>\n<h5>Y como siempre, si te gust\u00f3 el post, estar\u00eda genial que lo compartas en tus redes sociales.<\/h5>\n<h5>A su vez, si todav\u00eda no est\u00e1s suscrito a nuestra Newsletter, te animamos a hacerlo en la casilla que tienes al terminar este art\u00edculo.<\/h5>\n<p>&nbsp;<\/p>\n<blockquote><p>Suscribirte a nuestro blog y recibe gratis nuestra gu\u00eda: 10 Ideas para vender m\u00e1s si eres arquitecto<\/p>\n<p>Acceder: <a href=\"http:\/\/bit.ly\/2fkkTS7\">http:\/\/bit.ly\/2fkkTS7<\/a><\/p>\n<p>&nbsp;<\/p>\n<p>Si te interesa contactar con nosotros para que te ayudemos a mejorar tu visibilidad online y, en consecuencia, mejorar tus oportunidades laborales, no dudes en escribirnos a: <a href=\"mailto:blog@stepienybarno.es\">blog@stepienybarno.es<\/a><\/p><\/blockquote>\n<p>&nbsp;<\/p>\n<p><em><a href=\"https:\/\/twitter.com\/stepienybarno\">Stepienybarno en TWITTER<\/a><\/em><\/p>\n<p><em><a href=\"https:\/\/twitter.com\/stepienybarno\">@stepienybarno (+ de 16.000 seguidores)<\/a><\/em><\/p>\n<p><em><a href=\"https:\/\/twitter.com\/stepienybarno?lang=es\">https:\/\/twitter.com\/stepienybarno?lang=es<\/a><\/em><\/p>\n<p><em><a href=\"https:\/\/www.facebook.com\/pages\/BLOG-DE-STEPIENYBARNO\/78001079029\">Stepienybarno en FACEBOOK (+ de 24<u>.000 seguidores)<\/u><\/a><\/em><\/p>\n<p><em><a href=\"https:\/\/www.facebook.com\/StepienyBarnoArquitecturaeIdentidadDigital\/\">https:\/\/www.facebook.com\/StepienyBarnoArquitecturaeIdentidadDigital\/<\/a><\/em><\/p>\n<p><em>Acceder a nuestro GRUPO CERRADO DE FACEBOOK sobre Identidad Digital para Arquitectos:<\/em><\/p>\n<p><em><a href=\"https:\/\/www.facebook.com\/groups\/IdentidadDigitalParaArquitectos\/\">https:\/\/www.facebook.com\/groups\/IdentidadDigitalParaArquitectos\/<\/a><\/em><\/p>\n<p><em>Suscr\u00edbete a nuestro canal de YOUTUBE: <a href=\"http:\/\/bit.ly\/2A1UtAd\">http:\/\/bit.ly\/2A1UtAd<\/a><\/em><\/p>\n<p>&nbsp;<\/p>\n<p>* <a href=\"https:\/\/stepienybarno.es\/blog\/2011\/09\/04\/las-fortalezas-del-arquitecto\/\">Stepienybarno<\/a> est\u00e1 formado por Agnieszka Stepien y Lorenzo Barn\u00f3 y desde mayo del 2009 estamos en la red con la presente publicaci\u00f3n digital (Blog) de arquitectura.<\/p>\n<p>Nuestra actividad se sustenta en tres pilares b\u00e1sicos: la investigaci\u00f3n, la publicaci\u00f3n y la redacci\u00f3n de proyectos de arquitectura.<\/p>\n<p>A su vez, somos socios cofundadores de <a href=\"http:\/\/sinergiasostenible.org\/\">SINERGIA SOSTENIBLE<\/a> y directores del blog de FUNDACI\u00d3N ARQUIA.<\/p>\n","protected":false},"excerpt":{"rendered":"<p>Por: Barry Bergdoll Desde: Arquine<\/p>\n","protected":false},"author":2,"featured_media":42124,"comment_status":"open","ping_status":"closed","sticky":false,"template":"","format":"standard","meta":{"om_disable_all_campaigns":false,"_monsterinsights_skip_tracking":false,"_monsterinsights_sitenote_active":false,"_monsterinsights_sitenote_note":"","_monsterinsights_sitenote_category":0,"_uf_show_specific_survey":0,"_uf_disable_surveys":false,"episode_type":"audio","audio_file":"","cover_image":"","cover_image_id":"","duration":"","filesize":"","date_recorded":"","explicit":"","block":"","filesize_raw":"","footnotes":""},"categories":[244],"tags":[8180,2984],"series":[],"class_list":["post-42123","post","type-post","status-publish","format-standard","has-post-thumbnail","hentry","category-canal-de-arquitectura","tag-barry-bergdoll","tag-marcel-breuer"],"aioseo_notices":[],"episode_featured_image":"https:\/\/stepienybarno.es\/blog\/wp-content\/uploads\/2020\/05\/stepienybarno-Marcel-Breuer-y-la-invenci\u00f3n-de-la-ligereza-pesada-postdeld\u00eda.png","episode_player_image":"https:\/\/stepienybarno.es\/blog\/wp-content\/uploads\/2020\/11\/stepienybarno-podcast-scaled.jpg","download_link":"","player_link":"","audio_player":false,"episode_data":{"playerMode":"dark","subscribeUrls":[],"rssFeedUrl":"https:\/\/stepienybarno.es\/blog\/feed\/podcast\/podcast-de-stepienybarno","embedCode":"<blockquote class=\"wp-embedded-content\" data-secret=\"89a4sW04SN\"><a href=\"https:\/\/stepienybarno.es\/blog\/2020\/06\/11\/marcel-breuer-y-la-invencion-de-la-ligereza-pesada\/\">Marcel Breuer y la invenci\u00f3n de la ligereza pesada<\/a><\/blockquote><iframe sandbox=\"allow-scripts\" security=\"restricted\" src=\"https:\/\/stepienybarno.es\/blog\/2020\/06\/11\/marcel-breuer-y-la-invencion-de-la-ligereza-pesada\/embed\/#?secret=89a4sW04SN\" width=\"500\" height=\"350\" title=\"\u00abMarcel Breuer y la invenci\u00f3n de la ligereza pesada\u00bb \u2014 Blog de STEPIEN Y BARNO - publicaci\u00f3n digital sobre arquitectura\" data-secret=\"89a4sW04SN\" frameborder=\"0\" marginwidth=\"0\" marginheight=\"0\" scrolling=\"no\" class=\"wp-embedded-content\"><\/iframe><script type=\"text\/javascript\">\n\/* <![CDATA[ *\/\n\/*! This file is auto-generated *\/\n!function(d,l){\"use strict\";l.querySelector&&d.addEventListener&&\"undefined\"!=typeof URL&&(d.wp=d.wp||{},d.wp.receiveEmbedMessage||(d.wp.receiveEmbedMessage=function(e){var t=e.data;if((t||t.secret||t.message||t.value)&&!\/[^a-zA-Z0-9]\/.test(t.secret)){for(var s,r,n,a=l.querySelectorAll('iframe[data-secret=\"'+t.secret+'\"]'),o=l.querySelectorAll('blockquote[data-secret=\"'+t.secret+'\"]'),c=new RegExp(\"^https?:$\",\"i\"),i=0;i<o.length;i++)o[i].style.display=\"none\";for(i=0;i<a.length;i++)s=a[i],e.source===s.contentWindow&&(s.removeAttribute(\"style\"),\"height\"===t.message?(1e3<(r=parseInt(t.value,10))?r=1e3:~~r<200&&(r=200),s.height=r):\"link\"===t.message&&(r=new URL(s.getAttribute(\"src\")),n=new URL(t.value),c.test(n.protocol))&&n.host===r.host&&l.activeElement===s&&(d.top.location.href=t.value))}},d.addEventListener(\"message\",d.wp.receiveEmbedMessage,!1),l.addEventListener(\"DOMContentLoaded\",function(){for(var e,t,s=l.querySelectorAll(\"iframe.wp-embedded-content\"),r=0;r<s.length;r++)(t=(e=s[r]).getAttribute(\"data-secret\"))||(t=Math.random().toString(36).substring(2,12),e.src+=\"#?secret=\"+t,e.setAttribute(\"data-secret\",t)),e.contentWindow.postMessage({message:\"ready\",secret:t},\"*\")},!1)))}(window,document);\n\/* ]]> *\/\n<\/script>\n"},"_links":{"self":[{"href":"https:\/\/stepienybarno.es\/blog\/wp-json\/wp\/v2\/posts\/42123"}],"collection":[{"href":"https:\/\/stepienybarno.es\/blog\/wp-json\/wp\/v2\/posts"}],"about":[{"href":"https:\/\/stepienybarno.es\/blog\/wp-json\/wp\/v2\/types\/post"}],"author":[{"embeddable":true,"href":"https:\/\/stepienybarno.es\/blog\/wp-json\/wp\/v2\/users\/2"}],"replies":[{"embeddable":true,"href":"https:\/\/stepienybarno.es\/blog\/wp-json\/wp\/v2\/comments?post=42123"}],"version-history":[{"count":3,"href":"https:\/\/stepienybarno.es\/blog\/wp-json\/wp\/v2\/posts\/42123\/revisions"}],"predecessor-version":[{"id":42174,"href":"https:\/\/stepienybarno.es\/blog\/wp-json\/wp\/v2\/posts\/42123\/revisions\/42174"}],"wp:featuredmedia":[{"embeddable":true,"href":"https:\/\/stepienybarno.es\/blog\/wp-json\/wp\/v2\/media\/42124"}],"wp:attachment":[{"href":"https:\/\/stepienybarno.es\/blog\/wp-json\/wp\/v2\/media?parent=42123"}],"wp:term":[{"taxonomy":"category","embeddable":true,"href":"https:\/\/stepienybarno.es\/blog\/wp-json\/wp\/v2\/categories?post=42123"},{"taxonomy":"post_tag","embeddable":true,"href":"https:\/\/stepienybarno.es\/blog\/wp-json\/wp\/v2\/tags?post=42123"},{"taxonomy":"series","embeddable":true,"href":"https:\/\/stepienybarno.es\/blog\/wp-json\/wp\/v2\/series?post=42123"}],"curies":[{"name":"wp","href":"https:\/\/api.w.org\/{rel}","templated":true}]}}