{"id":4214,"date":"2011-10-03T08:58:42","date_gmt":"2011-10-03T06:58:42","guid":{"rendered":"https:\/\/www.stepienybarno.es\/blog\/?p=4214"},"modified":"2011-10-03T08:58:42","modified_gmt":"2011-10-03T06:58:42","slug":"3-de-octubre-dia-mundial-de-la-arquitectura","status":"publish","type":"post","link":"https:\/\/stepienybarno.es\/blog\/2011\/10\/03\/3-de-octubre-dia-mundial-de-la-arquitectura\/","title":{"rendered":"3 DE OCTUBRE: D\u00cdA MUNDIAL DE LA ARQUITECTURA"},"content":{"rendered":"<p align=\"left\">\n<p align=\"left\">\n<p align=\"center\"><img loading=\"lazy\" decoding=\"async\" class=\"aligncenter size-full wp-image-4215\" title=\"3 DE OCTUBRE 2011 en edgar gonzalez D\u00cdA MUNDIAL DE LA ARQUITECTURA\" src=\"https:\/\/stepienybarno.es\/blog\/wp-content\/uploads\/2011\/10\/3-DE-OCTUBRE-2011-en-edgar-gonzalez-D\u00cdA-MUNDIAL-DE-LA-ARQUITECTURA-.jpg\" alt=\"3 DE OCTUBRE 2011 en edgar gonzalez D\u00cdA MUNDIAL DE LA ARQUITECTURA\" width=\"350\" height=\"232\" srcset=\"https:\/\/stepienybarno.es\/blog\/wp-content\/uploads\/2011\/10\/3-DE-OCTUBRE-2011-en-edgar-gonzalez-D\u00cdA-MUNDIAL-DE-LA-ARQUITECTURA-.jpg 350w, https:\/\/stepienybarno.es\/blog\/wp-content\/uploads\/2011\/10\/3-DE-OCTUBRE-2011-en-edgar-gonzalez-D\u00cdA-MUNDIAL-DE-LA-ARQUITECTURA--180x119.jpg 180w, https:\/\/stepienybarno.es\/blog\/wp-content\/uploads\/2011\/10\/3-DE-OCTUBRE-2011-en-edgar-gonzalez-D\u00cdA-MUNDIAL-DE-LA-ARQUITECTURA--316x209.jpg 316w\" sizes=\"(max-width: 350px) 100vw, 350px\" \/><\/p>\n<p align=\"left\">\n<p align=\"left\">A partir de hoy se celebra la SEMANA DE LA ARQUITECTURA.<\/p>\n<p align=\"left\"><!--more--><\/p>\n<p align=\"left\">\n<p>Con la participaci\u00f3n, entre otros, \u00a0de Carlos Jim\u00e9nez, Belinda Tato y Zuloark.<\/p>\n<p align=\"left\">\n<p align=\"left\">\n<p align=\"left\"><a href=\"http:\/\/www.edgargonzalez.com\/2011\/09\/28\/jornada-de-puertas-abiertas-semarq-mad\/\">Acceder a la noticia.<\/a><\/p>\n<p align=\"left\">\n<p align=\"left\"><a href=\"http:\/\/www.abc.es\/agencias\/noticia.asp?noticia=944131\">M\u00e1s informaci\u00f3n.<\/a><\/p>\n<p align=\"left\">\n<p align=\"left\">\n<p align=\"left\">\n<p align=\"left\">Y si te gust\u00f3 la entrada, quiz\u00e1s quieras echar un ojo a nuestro Canal de arquitectura. <a href=\"https:\/\/stepienybarno.es\/blog\/category\/canal-de-arquitectura\/\">Acceder.<\/a><\/p>\n<p align=\"left\">\n<p align=\"left\">Noticia seleccionada por el Canal de arquitectura STEPIENYBARNO.<\/p>\n<p align=\"left\"><a href=\"http:\/\/www.linkedin.com\/company\/stepienybarno\">STEPIENYBARNO EN LINKEDIN<\/a><\/p>\n<p align=\"left\"><a href=\"http:\/\/twitter.com\/stepienybarno\/stepienybarno\">STEPIENYBARNO EN TWITTER<\/a><\/p>\n<p align=\"left\"><a href=\"https:\/\/www.facebook.com\/StepienybarnoCANAL\">STEPIENYBARNO EN FACEBOOK<\/a><\/p>\n<p align=\"left\">\n<p align=\"left\">*Stepienybarno est\u00e1 formado por Agnieszka Stepien y Lorenzo Barn\u00f3 y desde mayo del 2009 estamos en la red con\u00a0 la presente publicaci\u00f3n digital (Blog) de arquitectura.<\/p>\n<p align=\"left\">Nuestra actividad se sustenta en tres pilares b\u00e1sicos: la investigaci\u00f3n, la publicaci\u00f3n (comunicaci\u00f3n y difusi\u00f3n) y la redacci\u00f3n de proyectos de arquitectura.<\/p>\n<p align=\"left\">A su vez, somos socios cofundadores de <a href=\"http:\/\/sinergiasostenible.org\/\">SINERGIA SOSTENIBLE<\/a> y redactores de <a href=\"http:\/\/www.laciudadviva.org\/blogs\/?author=45\">LA CIUDAD VIVA<\/a>.<\/p>\n<p align=\"left\">\n","protected":false},"excerpt":{"rendered":"<p>A partir de hoy se celebra la SEMANA DE LA ARQUITECTURA.<\/p>\n","protected":false},"author":2,"featured_media":0,"comment_status":"open","ping_status":"closed","sticky":false,"template":"","format":"standard","meta":{"om_disable_all_campaigns":false,"_monsterinsights_skip_tracking":false,"_monsterinsights_sitenote_active":false,"_monsterinsights_sitenote_note":"","_monsterinsights_sitenote_category":0,"_uf_show_specific_survey":0,"_uf_disable_surveys":false,"episode_type":"","audio_file":"","cover_image":"","cover_image_id":"","duration":"","filesize":"","date_recorded":"","explicit":"","block":"","filesize_raw":"","footnotes":""},"categories":[34,244],"tags":[4274,9,775,1265,834],"series":[],"class_list":["post-4214","post","type-post","status-publish","format-standard","hentry","category-actualidad","category-canal-de-arquitectura","tag-actualidad","tag-arquitectura","tag-belinda-tato","tag-carlos-jimenez","tag-zuloark"],"aioseo_notices":[],"episode_featured_image":false,"episode_player_image":"https:\/\/stepienybarno.es\/blog\/wp-content\/uploads\/2020\/11\/stepienybarno-podcast-scaled.jpg","download_link":"","player_link":"","audio_player":false,"episode_data":{"playerMode":"dark","subscribeUrls":[],"rssFeedUrl":"https:\/\/stepienybarno.es\/blog\/feed\/podcast\/podcast-de-stepienybarno","embedCode":"<blockquote class=\"wp-embedded-content\" data-secret=\"oneTO7Jo0a\"><a href=\"https:\/\/stepienybarno.es\/blog\/2011\/10\/03\/3-de-octubre-dia-mundial-de-la-arquitectura\/\">3 DE OCTUBRE: D\u00cdA MUNDIAL DE LA ARQUITECTURA<\/a><\/blockquote><iframe sandbox=\"allow-scripts\" security=\"restricted\" src=\"https:\/\/stepienybarno.es\/blog\/2011\/10\/03\/3-de-octubre-dia-mundial-de-la-arquitectura\/embed\/#?secret=oneTO7Jo0a\" width=\"500\" height=\"350\" title=\"\u00ab3 DE OCTUBRE: D\u00cdA MUNDIAL DE LA ARQUITECTURA\u00bb \u2014 Blog de STEPIEN Y BARNO - publicaci\u00f3n digital sobre arquitectura\" data-secret=\"oneTO7Jo0a\" frameborder=\"0\" marginwidth=\"0\" marginheight=\"0\" scrolling=\"no\" class=\"wp-embedded-content\"><\/iframe><script type=\"text\/javascript\">\n\/* <![CDATA[ *\/\n\/*! This file is auto-generated *\/\n!function(d,l){\"use strict\";l.querySelector&&d.addEventListener&&\"undefined\"!=typeof URL&&(d.wp=d.wp||{},d.wp.receiveEmbedMessage||(d.wp.receiveEmbedMessage=function(e){var t=e.data;if((t||t.secret||t.message||t.value)&&!\/[^a-zA-Z0-9]\/.test(t.secret)){for(var s,r,n,a=l.querySelectorAll('iframe[data-secret=\"'+t.secret+'\"]'),o=l.querySelectorAll('blockquote[data-secret=\"'+t.secret+'\"]'),c=new RegExp(\"^https?:$\",\"i\"),i=0;i<o.length;i++)o[i].style.display=\"none\";for(i=0;i<a.length;i++)s=a[i],e.source===s.contentWindow&&(s.removeAttribute(\"style\"),\"height\"===t.message?(1e3<(r=parseInt(t.value,10))?r=1e3:~~r<200&&(r=200),s.height=r):\"link\"===t.message&&(r=new URL(s.getAttribute(\"src\")),n=new URL(t.value),c.test(n.protocol))&&n.host===r.host&&l.activeElement===s&&(d.top.location.href=t.value))}},d.addEventListener(\"message\",d.wp.receiveEmbedMessage,!1),l.addEventListener(\"DOMContentLoaded\",function(){for(var e,t,s=l.querySelectorAll(\"iframe.wp-embedded-content\"),r=0;r<s.length;r++)(t=(e=s[r]).getAttribute(\"data-secret\"))||(t=Math.random().toString(36).substring(2,12),e.src+=\"#?secret=\"+t,e.setAttribute(\"data-secret\",t)),e.contentWindow.postMessage({message:\"ready\",secret:t},\"*\")},!1)))}(window,document);\n\/* ]]> *\/\n<\/script>\n"},"_links":{"self":[{"href":"https:\/\/stepienybarno.es\/blog\/wp-json\/wp\/v2\/posts\/4214"}],"collection":[{"href":"https:\/\/stepienybarno.es\/blog\/wp-json\/wp\/v2\/posts"}],"about":[{"href":"https:\/\/stepienybarno.es\/blog\/wp-json\/wp\/v2\/types\/post"}],"author":[{"embeddable":true,"href":"https:\/\/stepienybarno.es\/blog\/wp-json\/wp\/v2\/users\/2"}],"replies":[{"embeddable":true,"href":"https:\/\/stepienybarno.es\/blog\/wp-json\/wp\/v2\/comments?post=4214"}],"version-history":[{"count":2,"href":"https:\/\/stepienybarno.es\/blog\/wp-json\/wp\/v2\/posts\/4214\/revisions"}],"predecessor-version":[{"id":4218,"href":"https:\/\/stepienybarno.es\/blog\/wp-json\/wp\/v2\/posts\/4214\/revisions\/4218"}],"wp:attachment":[{"href":"https:\/\/stepienybarno.es\/blog\/wp-json\/wp\/v2\/media?parent=4214"}],"wp:term":[{"taxonomy":"category","embeddable":true,"href":"https:\/\/stepienybarno.es\/blog\/wp-json\/wp\/v2\/categories?post=4214"},{"taxonomy":"post_tag","embeddable":true,"href":"https:\/\/stepienybarno.es\/blog\/wp-json\/wp\/v2\/tags?post=4214"},{"taxonomy":"series","embeddable":true,"href":"https:\/\/stepienybarno.es\/blog\/wp-json\/wp\/v2\/series?post=4214"}],"curies":[{"name":"wp","href":"https:\/\/api.w.org\/{rel}","templated":true}]}}