{"id":42430,"date":"2020-06-09T08:01:39","date_gmt":"2020-06-09T06:01:39","guid":{"rendered":"https:\/\/www.stepienybarno.es\/blog\/?p=42430"},"modified":"2020-06-09T08:36:27","modified_gmt":"2020-06-09T06:36:27","slug":"sin-formula-magica-una-reflexion-sobre-lo-personal-y-lo-profesional","status":"publish","type":"post","link":"https:\/\/stepienybarno.es\/blog\/2020\/06\/09\/sin-formula-magica-una-reflexion-sobre-lo-personal-y-lo-profesional\/","title":{"rendered":"Sin f\u00f3rmula m\u00e1gica. Una reflexi\u00f3n sobre lo personal y lo profesional"},"content":{"rendered":"<p><img loading=\"lazy\" decoding=\"async\" class=\"wp-image-42431 size-full aligncenter\" src=\"https:\/\/stepienybarno.es\/blog\/wp-content\/uploads\/2020\/06\/Sin-f\u00f3rmula-m\u00e1gica.-Una-reflexi\u00f3n-sobre-lo-personal-y-lo-profesional.jpg\" alt=\"\" width=\"1200\" height=\"1047\" srcset=\"https:\/\/stepienybarno.es\/blog\/wp-content\/uploads\/2020\/06\/Sin-f\u00f3rmula-m\u00e1gica.-Una-reflexi\u00f3n-sobre-lo-personal-y-lo-profesional.jpg 1200w, https:\/\/stepienybarno.es\/blog\/wp-content\/uploads\/2020\/06\/Sin-f\u00f3rmula-m\u00e1gica.-Una-reflexi\u00f3n-sobre-lo-personal-y-lo-profesional-550x480.jpg 550w, https:\/\/stepienybarno.es\/blog\/wp-content\/uploads\/2020\/06\/Sin-f\u00f3rmula-m\u00e1gica.-Una-reflexi\u00f3n-sobre-lo-personal-y-lo-profesional-802x700.jpg 802w, https:\/\/stepienybarno.es\/blog\/wp-content\/uploads\/2020\/06\/Sin-f\u00f3rmula-m\u00e1gica.-Una-reflexi\u00f3n-sobre-lo-personal-y-lo-profesional-180x157.jpg 180w, https:\/\/stepienybarno.es\/blog\/wp-content\/uploads\/2020\/06\/Sin-f\u00f3rmula-m\u00e1gica.-Una-reflexi\u00f3n-sobre-lo-personal-y-lo-profesional-316x276.jpg 316w\" sizes=\"(max-width: 1200px) 100vw, 1200px\" \/><\/p>\n<p>Hoy, os animamos a echar un ojo al post (trabajo de curso) que nos hace llegar el alumno Anartz Ormaza Ugalde de TEO Arkitektura de la \u00faltima edici\u00f3n de CURSO ONLINE de IDENTIDAD DIGITAL para arquitectos.<\/p>\n<p>\u00a1Esperamos que sea de vuestro inter\u00e9s!<\/p>\n<p><!--more--><\/p>\n<p style=\"text-align: center;\"><span style=\"color: #808080;\">&#8230;&#8230;&#8230;&#8230;&#8230;&#8230;&#8230;&#8230;&#8230;&#8230;&#8230;&#8230;&#8230;&#8230;&#8230;&#8230;&#8230;&#8230;&#8230;&#8230;&#8230;&#8230;.<\/span><\/p>\n<p>Cuando hablamos de productividad, deber\u00edamos de hablar de felicidad. De c\u00f3mo gestionar nuestro tiempo para ser m\u00e1s felices. Dir\u00eda que no se trata tanto de ser productivos en el trabajo, porque el fin final no es entender la productividad como una manera de realizar las tareas asociadas al trabajo de manera m\u00e1s eficiente (y eficaz), sino de gestionar tu tiempo de la manera m\u00e1s \u201coptima\u201d para que esas tareas (en realidad la gesti\u00f3n de las mismas) no te haga sentir agobio, desasosiego\u2026estr\u00e9s. Comenzar este camino, es ponerte direcci\u00f3n a la felicidad (que no deja de ser el camino en s\u00ed mismo).<\/p>\n<p>En estos tiempos que corren (del famoso tiempo l\u00edquido), es dif\u00edcil disociar trabajo de vida personal (imposible dir\u00eda yo, si adem\u00e1s tienes una profesi\u00f3n liberal). Por lo tanto, poner el foco en la productividad en el trabajo dejando a un lado tu vida personal, es un error que no conducir\u00e1 a buen puerto los intentos de ser \u201cm\u00e1s productivo\u201d. Es todo uno. O cambias cosas en tu vida (en general) que afectan tu vida personal, a tus rutinas,\u2026 o poco resultado vas a notar en tu vida profesional. El tiempo es uno. Uno para todo.<\/p>\n<p>Este enfoque hol\u00edstico, en mi opini\u00f3n, es uno de los grandes aciertos de c\u00f3mo se enfoca el curso de StepienyBarno. Pero que nadie se enga\u00f1e: el curso es una gu\u00eda estupenda para seguir y empezar a poner en marcha cambios en tu vida que te pongan en el camino adecuado. Nadie va a salir de \u00e9l siendo m\u00e1s productivo de un d\u00eda para otro (o en lo que dure el curso). Lo dicen ellos mismos: no hay f\u00f3rmulas m\u00e1gicas. Precisamente por eso, porque los cambios que hay que hacer en la vida de uno para asentar una buena base sobre la que ir dando pasos firmes, no se dan de una semana para otra. Eso s\u00ed, es imprescindible tener una buena gu\u00eda del camino, un buen itinerario a seguir. Y sin duda el curso de StepienyBarno lo es. Porque no pasa a explicar el funcionamiento de ninguna herramienta de gesti\u00f3n de tareas sin antes hacer un ejercicio de conocernos a nosotros mismos, de conocer nuestras fortalezas, nuestras debilidades. Porque habla (sin profundizar en todo, obviamente) de meditaci\u00f3n, de alimentaci\u00f3n saludable\u2026 Porque no empieza a hablar de time blocking sin antes trabajar en los h\u00e1bitos. H\u00e1bitos que forman parte de nuestra vida (ni de la personal ni de la laboral: de la \u00fanica que tenemos).<\/p>\n<p>La finalidad del curso, o as\u00ed lo entiendo yo, es sentar las bases para entender el GTD (<em>Get Things Done)<\/em>, y poder aplicarlo (sea con la herramienta que sea) con unas garant\u00edas m\u00ednimas de que vaya a funcionar. Porque el GTD habla de productividad personal, entendiendo que dentro de lo personal est\u00e1 todo (tambi\u00e9n lo profesional).<\/p>\n<p>Entender de primeras GTD no es tarea f\u00e1cil. Porque por una parte habla del cambio de paradigma en las formas de vida y trabajo de hoy en d\u00eda (los mencionados tiempos l\u00edquidos), de la gesti\u00f3n de la incertidumbre (no queda otra), de la flexibilidad\u2026 pero por otra parte se presenta como una metodolog\u00eda testeada, contrastada y (cient\u00edficamente) comprobada, que hay que seguir al pie de la letra si se quiere obtener los resultados deseados. Sin salirse del guion ni intentar realizar \u201cadaptaciones\u201d del m\u00e9todo seg\u00fan tus necesidades. Funciona as\u00ed. Cree en \u00e9l y s\u00edguelo.<\/p>\n<p>Y es aqu\u00ed cuando empiezan los dilemas. Porque por una parte es muy \u201cc\u00f3modo\u201d, hay un m\u00e9todo que no tienes que cuestionar. Solo s\u00edguelo. Es casi un acto de fe (aunque las explicaciones de porqu\u00e9 funciona as\u00ed vienen dadas). Y en los tiempos que corren, en los que todo se cuestiona, hasta reconforta hacer un acto de estas caracter\u00edsticas. Pero por otra parte, en estas vidas l\u00edquidas que tenemos, no es f\u00e1cil encajar formas de hacer que en ocasiones resultan un tanto \u201cr\u00edgidas\u201d. Lo complicado es el proceso de entender y llegar a aplicar la metodolog\u00eda. Una vez que llegas, efectivamente, todo empieza a tener sentido.<\/p>\n<p>El curso de Stepien y Barno, en mi opini\u00f3n, tambi\u00e9n acierta en esto. Porque siendo una gu\u00eda estupenda para sentar las bases hacia la aplicaci\u00f3n del GTD, no tiene reparos en proponer algunas \u201cmejoras\u201d, o de introducir algunas herramientas (como el <em>time blocking<\/em>), que GTD no contempla (ni menciona). Manteniendo un no f\u00e1cil equilibrio entre el \u201cno te salgas del guion\u201d y \u201chazlo como te funcione\u201d.<\/p>\n<p>No hay f\u00f3rmula m\u00e1gica para crecer en productividad personal. Con\u00f3cete a ti mismo, toma los h\u00e1bitos adecuados, sienta una buena base\u2026 y a comenzar el camino, paso a paso.<\/p>\n<p><strong>Sobre el autora:<\/strong><\/p>\n<p><a href=\"https:\/\/www.teoarkitektura.com\/estudioa\/gu-%c2%b7-equipo-%c2%b7-team\/\"><strong>Anartz<\/strong><\/a> es arquitecto superior desde 2007, especialista universitario en ordenaci\u00f3n y gesti\u00f3n del territorio desde 2010 y especialista universitario en evaluaci\u00f3n de impacto ling\u00faisto del territorio desde 2017. Ha realizado sus estudios en la Escuela Superior de Arquitectura de San Sebasti\u00e1n\u00a0 (UPV-EHU), UEU (Udako Euskal Unibertsitatea) y la St\u00e4atliche Akademie Der Bildenden K\u00fcnste Stuttgartt (Alemania).\u00a0Trabaj\u00f3 unos a\u00f1os en el estudio IMB Arquitectos de Bilbao, y despu\u00e9s en la Sociedad de Ciencias Aranzadi como director de la escuela taller Serantes Natura.<\/p>\n<p>&nbsp;<\/p>\n<p style=\"text-align: center;\"><span style=\"color: #ff0000;\">Ya es posible inscribirse a los cursos a trav\u00e9s de la ESCUELA ON LINE DE SyB para arquitectos.<\/span><\/p>\n<p style=\"text-align: center;\"><span style=\"color: #ff0000;\">Un curso hecho por arquitectos, para arquitectos. Si te interesa mejorar tu visibilidad en la red y, por lo tanto, tus posibilidades laborales \u00a1este es tu curso!<\/span><\/p>\n<p style=\"text-align: center;\"><span style=\"color: #ff0000;\">&gt;<a style=\"color: #ff0000;\" href=\"https:\/\/cursos.stepienybarno.es\/\" target=\"_blank\" rel=\"noopener noreferrer\">Acceder<\/a>&lt;&lt;<\/span><\/p>\n<p>&nbsp;<\/p>\n<h5><strong>Tambi\u00e9n te gustar\u00e1:<\/strong><\/h5>\n<p>TESTIMONIOS DE LOS ALUMNOS DE LA SEXTA EDICI\u00d3N DEL CURSO DE IDENTIDAD DIGITAL.<\/p>\n<blockquote class=\"wp-embedded-content\" data-secret=\"fnd5jYsXPF\"><p><a href=\"https:\/\/stepienybarno.es\/blog\/2017\/05\/10\/testimonios-de-los-alumnos-de-la-sexta-edicion-del-curso-de-identidad-digital\/\">TESTIMONIOS DE LOS ALUMNOS DE LA SEXTA EDICI\u00d3N DEL CURSO DE IDENTIDAD DIGITAL.<\/a><\/p><\/blockquote>\n<p><iframe loading=\"lazy\" class=\"wp-embedded-content\" sandbox=\"allow-scripts\" security=\"restricted\" style=\"position: absolute; clip: rect(1px, 1px, 1px, 1px);\" title=\"\u00abTESTIMONIOS DE LOS ALUMNOS DE LA SEXTA EDICI\u00d3N DEL CURSO DE IDENTIDAD DIGITAL.\u00bb \u2014 Blog de STEPIEN Y BARNO - publicaci\u00f3n digital sobre arquitectura\" src=\"https:\/\/stepienybarno.es\/blog\/2017\/05\/10\/testimonios-de-los-alumnos-de-la-sexta-edicion-del-curso-de-identidad-digital\/embed\/#?secret=fnd5jYsXPF\" data-secret=\"fnd5jYsXPF\" width=\"600\" height=\"338\" frameborder=\"0\" marginwidth=\"0\" marginheight=\"0\" scrolling=\"no\"><\/iframe><\/p>\n<hr \/>\n<h5><strong>Autores del post: <a href=\"https:\/\/stepienybarno.es\/blog\/2011\/09\/04\/las-fortalezas-del-arquitecto\/\">Stepienybarno<\/a> _ Agnieszka Stepien y Lorenzo Barn\u00f3<\/strong><\/h5>\n<h5>Y como siempre, si te gust\u00f3 el post, estar\u00eda genial que lo compartas en tus redes sociales.<\/h5>\n<h5>A su vez, si todav\u00eda no est\u00e1s suscrito a nuestra Newsletter, te animamos a hacerlo en la casilla que tienes al terminar este art\u00edculo.<\/h5>\n<p>&nbsp;<\/p>\n<blockquote><p>Suscribirte a nuestro blog y recibe gratis nuestra gu\u00eda: 10 Ideas para vender m\u00e1s si eres arquitecto<\/p>\n<p>Acceder: <a href=\"http:\/\/bit.ly\/2fkkTS7\">http:\/\/bit.ly\/2fkkTS7<\/a><\/p>\n<p>&nbsp;<\/p>\n<p>Si te interesa contactar con nosotros para que te ayudemos a mejorar tu visibilidad online y, en consecuencia, mejorar tus oportunidades laborales, no dudes en escribirnos a: <a href=\"mailto:blog@stepienybarno.es\">blog@stepienybarno.es<\/a><\/p><\/blockquote>\n<p>&nbsp;<\/p>\n<p><em><a href=\"https:\/\/twitter.com\/stepienybarno\">Stepienybarno en TWITTER<\/a><\/em><\/p>\n<p><em><a href=\"https:\/\/twitter.com\/stepienybarno\">@stepienybarno (+ de 16.000 seguidores)<\/a><\/em><\/p>\n<p><em><a href=\"https:\/\/twitter.com\/stepienybarno?lang=es\">https:\/\/twitter.com\/stepienybarno?lang=es<\/a><\/em><\/p>\n<p><em><a href=\"https:\/\/www.facebook.com\/pages\/BLOG-DE-STEPIENYBARNO\/78001079029\">Stepienybarno en FACEBOOK (+ de 24<u>.000 seguidores)<\/u><\/a><\/em><\/p>\n<p><em><a href=\"https:\/\/www.facebook.com\/StepienyBarnoArquitecturaeIdentidadDigital\/\">https:\/\/www.facebook.com\/StepienyBarnoArquitecturaeIdentidadDigital\/<\/a><\/em><\/p>\n<p><em>Acceder a nuestro GRUPO CERRADO DE FACEBOOK sobre Identidad Digital para Arquitectos:<\/em><\/p>\n<p><em><a href=\"https:\/\/www.facebook.com\/groups\/IdentidadDigitalParaArquitectos\/\">https:\/\/www.facebook.com\/groups\/IdentidadDigitalParaArquitectos\/<\/a><\/em><\/p>\n<p><em>Suscr\u00edbete a nuestro canal de YOUTUBE: <a href=\"http:\/\/bit.ly\/2A1UtAd\">http:\/\/bit.ly\/2A1UtAd<\/a><\/em><\/p>\n<p>&nbsp;<\/p>\n<p>* <a href=\"https:\/\/stepienybarno.es\/blog\/2011\/09\/04\/las-fortalezas-del-arquitecto\/\">Stepienybarno<\/a> est\u00e1 formado por Agnieszka Stepien y Lorenzo Barn\u00f3 y desde mayo del 2009 estamos en la red con la presente publicaci\u00f3n digital (Blog) de arquitectura.<\/p>\n<p>Nuestra actividad se sustenta en tres pilares b\u00e1sicos: la investigaci\u00f3n, la publicaci\u00f3n y la redacci\u00f3n de proyectos de arquitectura.<\/p>\n<p>A su vez, somos socios cofundadores de <a href=\"http:\/\/sinergiasostenible.org\/\">SINERGIA SOSTENIBLE<\/a> y directores del blog de FUNDACI\u00d3N ARQUIA.<\/p>\n","protected":false},"excerpt":{"rendered":"<p>Hoy, os animamos a echar un ojo al post (trabajo<\/p>\n","protected":false},"author":2,"featured_media":42431,"comment_status":"open","ping_status":"closed","sticky":false,"template":"","format":"standard","meta":{"om_disable_all_campaigns":false,"_monsterinsights_skip_tracking":false,"_monsterinsights_sitenote_active":false,"_monsterinsights_sitenote_note":"","_monsterinsights_sitenote_category":0,"_uf_show_specific_survey":0,"_uf_disable_surveys":false,"episode_type":"audio","audio_file":"","cover_image":"","cover_image_id":"","duration":"","filesize":"","date_recorded":"","explicit":"","block":"","filesize_raw":"","footnotes":""},"categories":[244],"tags":[6425,8207,6824,1907,5823,4970],"series":[],"class_list":["post-42430","post","type-post","status-publish","format-standard","has-post-thumbnail","hentry","category-canal-de-arquitectura","tag-identidaddigital","tag-anartz-ormaza-ugalde","tag-curso-identidad-digital","tag-identidad-digital","tag-identidad-digital-para-arquitectos","tag-teo-arkitektura"],"aioseo_notices":[],"episode_featured_image":"https:\/\/stepienybarno.es\/blog\/wp-content\/uploads\/2020\/06\/Sin-f\u00f3rmula-m\u00e1gica.-Una-reflexi\u00f3n-sobre-lo-personal-y-lo-profesional.jpg","episode_player_image":"https:\/\/stepienybarno.es\/blog\/wp-content\/uploads\/2020\/11\/stepienybarno-podcast-scaled.jpg","download_link":"","player_link":"","audio_player":false,"episode_data":{"playerMode":"dark","subscribeUrls":[],"rssFeedUrl":"https:\/\/stepienybarno.es\/blog\/feed\/podcast\/podcast-de-stepienybarno","embedCode":"<blockquote class=\"wp-embedded-content\" data-secret=\"RP4kDCBF0q\"><a href=\"https:\/\/stepienybarno.es\/blog\/2020\/06\/09\/sin-formula-magica-una-reflexion-sobre-lo-personal-y-lo-profesional\/\">Sin f\u00f3rmula m\u00e1gica. Una reflexi\u00f3n sobre lo personal y lo profesional<\/a><\/blockquote><iframe sandbox=\"allow-scripts\" security=\"restricted\" src=\"https:\/\/stepienybarno.es\/blog\/2020\/06\/09\/sin-formula-magica-una-reflexion-sobre-lo-personal-y-lo-profesional\/embed\/#?secret=RP4kDCBF0q\" width=\"500\" height=\"350\" title=\"\u00abSin f\u00f3rmula m\u00e1gica. Una reflexi\u00f3n sobre lo personal y lo profesional\u00bb \u2014 Blog de STEPIEN Y BARNO - publicaci\u00f3n digital sobre arquitectura\" data-secret=\"RP4kDCBF0q\" frameborder=\"0\" marginwidth=\"0\" marginheight=\"0\" scrolling=\"no\" class=\"wp-embedded-content\"><\/iframe><script type=\"text\/javascript\">\n\/* <![CDATA[ *\/\n\/*! This file is auto-generated *\/\n!function(d,l){\"use strict\";l.querySelector&&d.addEventListener&&\"undefined\"!=typeof URL&&(d.wp=d.wp||{},d.wp.receiveEmbedMessage||(d.wp.receiveEmbedMessage=function(e){var t=e.data;if((t||t.secret||t.message||t.value)&&!\/[^a-zA-Z0-9]\/.test(t.secret)){for(var s,r,n,a=l.querySelectorAll('iframe[data-secret=\"'+t.secret+'\"]'),o=l.querySelectorAll('blockquote[data-secret=\"'+t.secret+'\"]'),c=new RegExp(\"^https?:$\",\"i\"),i=0;i<o.length;i++)o[i].style.display=\"none\";for(i=0;i<a.length;i++)s=a[i],e.source===s.contentWindow&&(s.removeAttribute(\"style\"),\"height\"===t.message?(1e3<(r=parseInt(t.value,10))?r=1e3:~~r<200&&(r=200),s.height=r):\"link\"===t.message&&(r=new URL(s.getAttribute(\"src\")),n=new URL(t.value),c.test(n.protocol))&&n.host===r.host&&l.activeElement===s&&(d.top.location.href=t.value))}},d.addEventListener(\"message\",d.wp.receiveEmbedMessage,!1),l.addEventListener(\"DOMContentLoaded\",function(){for(var e,t,s=l.querySelectorAll(\"iframe.wp-embedded-content\"),r=0;r<s.length;r++)(t=(e=s[r]).getAttribute(\"data-secret\"))||(t=Math.random().toString(36).substring(2,12),e.src+=\"#?secret=\"+t,e.setAttribute(\"data-secret\",t)),e.contentWindow.postMessage({message:\"ready\",secret:t},\"*\")},!1)))}(window,document);\n\/* ]]> *\/\n<\/script>\n"},"_links":{"self":[{"href":"https:\/\/stepienybarno.es\/blog\/wp-json\/wp\/v2\/posts\/42430"}],"collection":[{"href":"https:\/\/stepienybarno.es\/blog\/wp-json\/wp\/v2\/posts"}],"about":[{"href":"https:\/\/stepienybarno.es\/blog\/wp-json\/wp\/v2\/types\/post"}],"author":[{"embeddable":true,"href":"https:\/\/stepienybarno.es\/blog\/wp-json\/wp\/v2\/users\/2"}],"replies":[{"embeddable":true,"href":"https:\/\/stepienybarno.es\/blog\/wp-json\/wp\/v2\/comments?post=42430"}],"version-history":[{"count":1,"href":"https:\/\/stepienybarno.es\/blog\/wp-json\/wp\/v2\/posts\/42430\/revisions"}],"predecessor-version":[{"id":42432,"href":"https:\/\/stepienybarno.es\/blog\/wp-json\/wp\/v2\/posts\/42430\/revisions\/42432"}],"wp:featuredmedia":[{"embeddable":true,"href":"https:\/\/stepienybarno.es\/blog\/wp-json\/wp\/v2\/media\/42431"}],"wp:attachment":[{"href":"https:\/\/stepienybarno.es\/blog\/wp-json\/wp\/v2\/media?parent=42430"}],"wp:term":[{"taxonomy":"category","embeddable":true,"href":"https:\/\/stepienybarno.es\/blog\/wp-json\/wp\/v2\/categories?post=42430"},{"taxonomy":"post_tag","embeddable":true,"href":"https:\/\/stepienybarno.es\/blog\/wp-json\/wp\/v2\/tags?post=42430"},{"taxonomy":"series","embeddable":true,"href":"https:\/\/stepienybarno.es\/blog\/wp-json\/wp\/v2\/series?post=42430"}],"curies":[{"name":"wp","href":"https:\/\/api.w.org\/{rel}","templated":true}]}}