{"id":42675,"date":"2020-09-15T10:16:06","date_gmt":"2020-09-15T08:16:06","guid":{"rendered":"https:\/\/www.stepienybarno.es\/blog\/?p=42675"},"modified":"2020-09-15T10:16:06","modified_gmt":"2020-09-15T08:16:06","slug":"10-proyectos-de-arquitectura-y-vino","status":"publish","type":"post","link":"https:\/\/stepienybarno.es\/blog\/2020\/09\/15\/10-proyectos-de-arquitectura-y-vino\/","title":{"rendered":"10 Proyectos de Arquitectura y Vino"},"content":{"rendered":"<p>En este post vamos a hacer un recorrido sobre<strong> la Arquitectura y el vino a trav\u00e9s de 10 bodegas<\/strong>.<\/p>\n<h2>Bodega La Grajera<\/h2>\n<p>Arquitectos: <strong><a href=\"http:\/\/www.viraiarquitectos.es\/\">VIRAI ARQUITECTOS<\/a><\/strong><\/p>\n<p>Situaci\u00f3n: Finca La Grajer, Logro\u00f1o, La Rioja<\/p>\n<p>Fecha: 2011 (Primer premio Concurso 2000)<\/p>\n<div id=\"attachment_42882\" style=\"width: 921px\" class=\"wp-caption alignnone\"><img loading=\"lazy\" decoding=\"async\" aria-describedby=\"caption-attachment-42882\" class=\"size-large wp-image-42882\" src=\"https:\/\/stepienybarno.es\/blog\/wp-content\/uploads\/2020\/06\/bodega-la-grajera-virai-arquitectos-JM-Cutillas-1024x683.jpg\" alt=\"\" width=\"911\" height=\"608\" srcset=\"https:\/\/stepienybarno.es\/blog\/wp-content\/uploads\/2020\/06\/bodega-la-grajera-virai-arquitectos-JM-Cutillas-1024x683.jpg 1024w, https:\/\/stepienybarno.es\/blog\/wp-content\/uploads\/2020\/06\/bodega-la-grajera-virai-arquitectos-JM-Cutillas-550x367.jpg 550w, https:\/\/stepienybarno.es\/blog\/wp-content\/uploads\/2020\/06\/bodega-la-grajera-virai-arquitectos-JM-Cutillas-180x120.jpg 180w, https:\/\/stepienybarno.es\/blog\/wp-content\/uploads\/2020\/06\/bodega-la-grajera-virai-arquitectos-JM-Cutillas-316x211.jpg 316w, https:\/\/stepienybarno.es\/blog\/wp-content\/uploads\/2020\/06\/bodega-la-grajera-virai-arquitectos-JM-Cutillas.jpg 1152w\" sizes=\"(max-width: 911px) 100vw, 911px\" \/><p id=\"caption-attachment-42882\" class=\"wp-caption-text\">Bodega La Grajera. Foto: Jose Manuel Cutillas<\/p><\/div>\n<p><img loading=\"lazy\" decoding=\"async\" class=\"alignnone\" src=\"https:\/\/images.adsttc.com\/media\/images\/512c\/2a05\/b3fc\/4b11\/a700\/d1be\/large_jpg\/1321636085-croquis-situ.jpg?1414242203\" alt=\"\" width=\"616\" height=\"376\" \/><\/p>\n<p><em>\u00abEl proyecto re\u00fane, como condicionantes principales, la integraci\u00f3n en un entorno natural de alto valor paisaj\u00edstico, la necesidad de una imagen representativa como edificio institucional y la adecuada respuesta a su funcionamiento para la producci\u00f3n de vino.<\/em><br \/>\n<em>Sobre el z\u00f3calo semienterrado y p\u00e9treo del \u00e1rea de producci\u00f3n se asienta el volumen ligero, de madera y vidrio, que aloja el \u00e1rea institucional. Entre ambos se establece un di\u00e1logo continuo de similitudes y contrastes, en escala, trazado y materiales. El perfil quebrado de la pieza ligera se ajusta al lindero del bosque y se abre hacia las vistas que ofrece el entorno. Al mismo tiempo, el z\u00f3calo de piedra se pliega y asciende para dejar de ser parte del edificio y convertirse en un elemento del paisaje. Por medio de la cubierta inclinada que asoma por encima del bosque, el edificio adopta una postura de sutil llamamiento al visitante, redibujando el perfil de la colina sobre la que se asienta.\u00bb\u00a0<\/em><\/p>\n<p style=\"text-align: center;\"><strong><a href=\"http:\/\/www.viraiarquitectos.es\/index.php?mn=1&amp;s=3&amp;p=0\">Acceder a m\u00e1s informaci\u00f3n AQU\u00cd<\/a><\/strong><\/p>\n<h2><\/h2>\n<h2>Bodega Pago de Carraovejas<\/h2>\n<p>Arquitectos: <a href=\"http:\/\/www.amas4arquitectura.com\/\"><strong>Amas4 Arquitectura<\/strong><\/a> (Fernando Zapara\u00edn y Eduardo Garc\u00eda)<\/p>\n<p>Situaci\u00f3n: Pe\u00f1afiel (Valladolid)<\/p>\n<p>Fecha: 2009-2011<\/p>\n<div id=\"attachment_42879\" style=\"width: 921px\" class=\"wp-caption alignnone\"><img loading=\"lazy\" decoding=\"async\" aria-describedby=\"caption-attachment-42879\" class=\"wp-image-42879 size-large\" src=\"https:\/\/stepienybarno.es\/blog\/wp-content\/uploads\/2020\/06\/pago-carraovejas-jm-diez-laplaza-stepienybarno-1024x439.jpg\" alt=\"\" width=\"911\" height=\"391\" srcset=\"https:\/\/stepienybarno.es\/blog\/wp-content\/uploads\/2020\/06\/pago-carraovejas-jm-diez-laplaza-stepienybarno-1024x439.jpg 1024w, https:\/\/stepienybarno.es\/blog\/wp-content\/uploads\/2020\/06\/pago-carraovejas-jm-diez-laplaza-stepienybarno-550x236.jpg 550w, https:\/\/stepienybarno.es\/blog\/wp-content\/uploads\/2020\/06\/pago-carraovejas-jm-diez-laplaza-stepienybarno-180x77.jpg 180w, https:\/\/stepienybarno.es\/blog\/wp-content\/uploads\/2020\/06\/pago-carraovejas-jm-diez-laplaza-stepienybarno-1536x658.jpg 1536w, https:\/\/stepienybarno.es\/blog\/wp-content\/uploads\/2020\/06\/pago-carraovejas-jm-diez-laplaza-stepienybarno-316x135.jpg 316w, https:\/\/stepienybarno.es\/blog\/wp-content\/uploads\/2020\/06\/pago-carraovejas-jm-diez-laplaza-stepienybarno.jpg 1582w\" sizes=\"(max-width: 911px) 100vw, 911px\" \/><p id=\"caption-attachment-42879\" class=\"wp-caption-text\">Pago de Carraovejas. Foto: Jose Mar\u00eda Diez Laplaza<\/p><\/div>\n<p><img loading=\"lazy\" decoding=\"async\" class=\"alignnone size-large wp-image-42880\" src=\"https:\/\/stepienybarno.es\/blog\/wp-content\/uploads\/2020\/06\/pago-carraovejas-planta-amas4arquitectos-stepienybarno-990x700.jpg\" alt=\"\" width=\"911\" height=\"644\" srcset=\"https:\/\/stepienybarno.es\/blog\/wp-content\/uploads\/2020\/06\/pago-carraovejas-planta-amas4arquitectos-stepienybarno-990x700.jpg 990w, https:\/\/stepienybarno.es\/blog\/wp-content\/uploads\/2020\/06\/pago-carraovejas-planta-amas4arquitectos-stepienybarno-550x389.jpg 550w, https:\/\/stepienybarno.es\/blog\/wp-content\/uploads\/2020\/06\/pago-carraovejas-planta-amas4arquitectos-stepienybarno-180x127.jpg 180w, https:\/\/stepienybarno.es\/blog\/wp-content\/uploads\/2020\/06\/pago-carraovejas-planta-amas4arquitectos-stepienybarno-316x223.jpg 316w, https:\/\/stepienybarno.es\/blog\/wp-content\/uploads\/2020\/06\/pago-carraovejas-planta-amas4arquitectos-stepienybarno.jpg 1414w\" sizes=\"(max-width: 911px) 100vw, 911px\" \/><\/p>\n<p><em>\u00abEste proyecto pertenece a una serie de obras con las que se pretend\u00eda indagar en una masividad liberadora de espacio que convierte en protagonista a lo que no se hace. Ese espacio en blanco, en forma de patios, sustracciones o vac\u00edos, articula todo el edificio. La luz se administra mediante aberturas indirectas y singulares. La estructura se resuelve con grandes elementos superficiales, que se manifiestan como cerramiento. Gracias a esta acumulaci\u00f3n de masa portante se liberan grandes pa\u00f1os de fachada, con los que gestionar sombras y transparencias de singular valor pl\u00e1stico. El hormig\u00f3n, en distintos tonos, permite conseguir la pretendida continuidad sobre la que abrir huecos significativos.\u00bb<\/em><\/p>\n<p style=\"text-align: center;\"><a href=\"https:\/\/www.plataformaarquitectura.cl\/cl\/02-230849\/bodega-pago-de-carraovejas-estudio-amas4arquitectura\"><strong>Acceder a m\u00e1s informaci\u00f3n AQU\u00cd<\/strong><\/a><\/p>\n<p>Vino recomendado de esta Bodega:<\/p>\n<h4><a href=\"https:\/\/www.amazon.es\/Pago-Carraovejas-Vino-Crianza-750\/dp\/B07YLVYKF4\/ref=sr_1_5?__mk_es_ES=%C3%85M%C3%85%C5%BD%C3%95%C3%91&amp;dchild=1&amp;keywords=pago+carraovejas&amp;qid=1593602819&amp;sr=8-5\">Vino Tinto Pago de Carraovejas Crianza<\/a><\/h4>\n<p>&nbsp;<\/p>\n<p><img loading=\"lazy\" decoding=\"async\" class=\"alignnone size-large wp-image-42906\" src=\"https:\/\/stepienybarno.es\/blog\/wp-content\/uploads\/2020\/07\/pago-carraovejas-crianza-stepienybarno-1-1024x275.jpg\" alt=\"\" width=\"911\" height=\"245\" srcset=\"https:\/\/stepienybarno.es\/blog\/wp-content\/uploads\/2020\/07\/pago-carraovejas-crianza-stepienybarno-1-1024x275.jpg 1024w, https:\/\/stepienybarno.es\/blog\/wp-content\/uploads\/2020\/07\/pago-carraovejas-crianza-stepienybarno-1-550x148.jpg 550w, https:\/\/stepienybarno.es\/blog\/wp-content\/uploads\/2020\/07\/pago-carraovejas-crianza-stepienybarno-1-180x48.jpg 180w, https:\/\/stepienybarno.es\/blog\/wp-content\/uploads\/2020\/07\/pago-carraovejas-crianza-stepienybarno-1-316x85.jpg 316w, https:\/\/stepienybarno.es\/blog\/wp-content\/uploads\/2020\/07\/pago-carraovejas-crianza-stepienybarno-1.jpg 1500w\" sizes=\"(max-width: 911px) 100vw, 911px\" \/><\/p>\n<p style=\"text-align: center;\"><a href=\"\" class=\"kp-button \" target=\"_self\">COMPRAR<\/a><\/p>\n<p><strong>D.O.\u00a0 Ribera del Duero<\/strong><\/p>\n<p>Tinto Fino (90%), Cabernet Sauvignon (6%) y Merlot (4%)<\/p>\n<p>Crianza de <strong>12 meses<\/strong> en barrica de roble franc\u00e9s y americano.<\/p>\n<p><strong>Nota de Cata:<\/strong><\/p>\n<p>Vista: Rojo-p\u00farpura<\/p>\n<p>Nariz: Fruta freca con matices a l\u00e1cteos<\/p>\n<p>Boca: Elegante y estructurado.<\/p>\n<p>&nbsp;<\/p>\n<h2>Bodega Casalobos<\/h2>\n<p>Arquitectos: <strong><a href=\"http:\/\/www.sancho-madridejos.com\/\">Sancho y Madridejos<\/a><\/strong><\/p>\n<p>Situaci\u00f3n: Ciudad Real<\/p>\n<p>Fecha: 2009<\/p>\n<p><img loading=\"lazy\" decoding=\"async\" class=\"alignnone \" src=\"https:\/\/66.media.tumblr.com\/50092fc94db948895c309f20672c16ad\/tumblr_p6bidlq0EI1to4rjro1_1280.jpg\" width=\"693\" height=\"427\" \/><\/p>\n<p>Se plantea un edificio de nueva construcci\u00f3n para unas bodegas de nueva implantaci\u00f3n, localizadas en un paisaje completamente agreste y que va a activarse y potenciarse y ponerse en comunicaci\u00f3n con el entorno que le rodea. Por otra parte, debe adecuarse a los requisitos funcionales de un edificio de usos tan complejos. El proyecto se plantea como una pieza compacta rectangular, en la que se incluyen todos los elementos necesarios, debidamente ordenados para un \u00f3ptimo desarrollo industrial de la bodega. La construcci\u00f3n se sit\u00faa en la pendiente de la ladera, y se reparte en dos \u00e1reas, la social, y la de producci\u00f3n, esta \u00faltima soterrada. La envolvente plisada met\u00e1lica interact\u00faa con el paisaje, permitiendo un doble juego de armonizaci\u00f3n y di\u00e1logo con lo circundante, respetuoso con el entorno en el que se sit\u00faa, que lo potencia y elimina la imagen industrial-urbana. Se caracteriza por sus espacios abiertos, juegos de luz y l\u00e1minas de hormig\u00f3n plisado, que envuelven un edificio eminentemente funcional dotado de detalles arquitect\u00f3nicos singulares. La zona de producci\u00f3n, con los grandes dep\u00f3sitos de acero inoxidable, se inunda de luz natural que penetra por los grandes ventanales de la sala.<\/p>\n<p style=\"text-align: center;\"><a href=\"http:\/\/www.ondiseno.com\/proyecto.php?id=1560\"><strong>Acceder a m\u00e1s informaci\u00f3n AQU\u00cd<\/strong><\/a><\/p>\n<p>&nbsp;<\/p>\n<h2>Bodega Sommos<\/h2>\n<p>Arquitectos: <a href=\"https:\/\/www.jmarinopascual.com\/obras\/arquitectura-del-vino\/\"><strong>Jes\u00fas Marino Pascual<\/strong><\/a><\/p>\n<p>Situaci\u00f3n: Barbastro (Huesca)<\/p>\n<p>Fecha: 2008<\/p>\n<div id=\"attachment_42920\" style=\"width: 921px\" class=\"wp-caption alignnone\"><img loading=\"lazy\" decoding=\"async\" aria-describedby=\"caption-attachment-42920\" class=\"wp-image-42920 size-large\" src=\"https:\/\/stepienybarno.es\/blog\/wp-content\/uploads\/2020\/07\/bodega-sommos-foto-bodega-stepienybarno-1024x593.jpg\" alt=\"\" width=\"911\" height=\"528\" srcset=\"https:\/\/stepienybarno.es\/blog\/wp-content\/uploads\/2020\/07\/bodega-sommos-foto-bodega-stepienybarno-1024x593.jpg 1024w, https:\/\/stepienybarno.es\/blog\/wp-content\/uploads\/2020\/07\/bodega-sommos-foto-bodega-stepienybarno-550x319.jpg 550w, https:\/\/stepienybarno.es\/blog\/wp-content\/uploads\/2020\/07\/bodega-sommos-foto-bodega-stepienybarno-180x104.jpg 180w, https:\/\/stepienybarno.es\/blog\/wp-content\/uploads\/2020\/07\/bodega-sommos-foto-bodega-stepienybarno-1536x890.jpg 1536w, https:\/\/stepienybarno.es\/blog\/wp-content\/uploads\/2020\/07\/bodega-sommos-foto-bodega-stepienybarno-2048x1186.jpg 2048w, https:\/\/stepienybarno.es\/blog\/wp-content\/uploads\/2020\/07\/bodega-sommos-foto-bodega-stepienybarno-316x183.jpg 316w\" sizes=\"(max-width: 911px) 100vw, 911px\" \/><p id=\"caption-attachment-42920\" class=\"wp-caption-text\">Bodegas Sommos. Fotograf\u00eda: Extra\u00edda de la web de la bodega<\/p><\/div>\n<div id=\"attachment_42921\" style=\"width: 881px\" class=\"wp-caption alignnone\"><img loading=\"lazy\" decoding=\"async\" aria-describedby=\"caption-attachment-42921\" class=\"wp-image-42921 size-large\" src=\"https:\/\/stepienybarno.es\/blog\/wp-content\/uploads\/2020\/07\/foto-aerea-sommos-stepienybarno-871x700.jpg\" alt=\"\" width=\"871\" height=\"700\" srcset=\"https:\/\/stepienybarno.es\/blog\/wp-content\/uploads\/2020\/07\/foto-aerea-sommos-stepienybarno-871x700.jpg 871w, https:\/\/stepienybarno.es\/blog\/wp-content\/uploads\/2020\/07\/foto-aerea-sommos-stepienybarno-550x442.jpg 550w, https:\/\/stepienybarno.es\/blog\/wp-content\/uploads\/2020\/07\/foto-aerea-sommos-stepienybarno-180x145.jpg 180w, https:\/\/stepienybarno.es\/blog\/wp-content\/uploads\/2020\/07\/foto-aerea-sommos-stepienybarno-316x254.jpg 316w, https:\/\/stepienybarno.es\/blog\/wp-content\/uploads\/2020\/07\/foto-aerea-sommos-stepienybarno.jpg 979w\" sizes=\"(max-width: 871px) 100vw, 871px\" \/><p id=\"caption-attachment-42921\" class=\"wp-caption-text\">Bodegas Sommos. Foto A\u00e9rea<\/p><\/div>\n<p><em>\u00abLa arquitectura de Sommos destaca por la\u00a0<strong>singularidad de sus formas<\/strong>\u00a0y por la\u00a0<strong>fuerza de sus materiales<\/strong>\u00a0(acero y vidrio).<\/em><\/p>\n<p><em>27 de los 54 metros de altura\u00a0de la bodega est\u00e1n soterrados, logrando un ahorro energ\u00e9tico del 70%. Conseguir un\u00a0<strong>edificio bioclim\u00e1tico<\/strong>\u00a0fue una de las grandes apuestas del equipo del prestigioso arquitecto Jes\u00fas Marino Pascual,\u00a0encargado del proyecto.<\/em><\/p>\n<p><em>As\u00ed, los muros de las naves que dan al exterior aparecen recubiertos con parasoles\u00a0de lamas de acero inoxidable, la cubierta es vegetal, y puertas y ventanales del edificio (fundamentalmente\u00a0de las zonas de uso social y el restaurante) han sido dotados de grandes vuelos para\u00a0mantener la temperatura.<\/em><br \/>\n<em>Junto al control natural que determina la arquitectura de la bodega, Sommos\u00a0est\u00e1 dotada de un sistema\u00a0adicional de<strong>\u00a0climatizaci\u00f3n<\/strong> en la nave de barricas que regula la humedad (un 80%) y la temperatura,\u00a0manteni\u00e9ndola a 14\u00baC.\u00bb<\/em><\/p>\n<p style=\"text-align: center;\"><a href=\"https:\/\/www.bodegasommos.com\/arquitectura-bioclimatica\/#:~:text=La%20arquitectura%20de%20Sommos%20destaca,materiales%20(acero%20y%20vidrio).&amp;text=Conseguir%20un%20edificio%20bioclim%C3%A1tico%20fue,Marino%20Pascual%2C%20encargado%20del%20proyecto.\"><strong>Acceder a m\u00e1s informaci\u00f3n AQU\u00cd<\/strong><\/a><\/p>\n<p>Vino recomendado de esta Bodega:<\/p>\n<p><a href=\"https:\/\/www.amazon.es\/BOTELLAS-SOMMOS-SOMONTANO-CHARDONNAY-GEWUZTRAMINER\/dp\/B07V5GYT58\/ref=sr_1_5?__mk_es_ES=%C3%85M%C3%85%C5%BD%C3%95%C3%91&amp;crid=22YWCQILYFUVX&amp;dchild=1&amp;keywords=sommos+vino&amp;qid=1593756879&amp;sprefix=sommos%2Caps%2C161&amp;sr=8-5\"><strong>Vino Blanco Joven Glarima Sommos Somontano<\/strong><\/a><\/p>\n<p><img loading=\"lazy\" decoding=\"async\" class=\"alignnone wp-image-42923 size-large\" src=\"https:\/\/stepienybarno.es\/blog\/wp-content\/uploads\/2020\/07\/glarima-joven-sommos-vino-blanco-stepienybarno-1024x341.jpg\" alt=\"\" width=\"911\" height=\"303\" srcset=\"https:\/\/stepienybarno.es\/blog\/wp-content\/uploads\/2020\/07\/glarima-joven-sommos-vino-blanco-stepienybarno-1024x341.jpg 1024w, https:\/\/stepienybarno.es\/blog\/wp-content\/uploads\/2020\/07\/glarima-joven-sommos-vino-blanco-stepienybarno-550x183.jpg 550w, https:\/\/stepienybarno.es\/blog\/wp-content\/uploads\/2020\/07\/glarima-joven-sommos-vino-blanco-stepienybarno-180x60.jpg 180w, https:\/\/stepienybarno.es\/blog\/wp-content\/uploads\/2020\/07\/glarima-joven-sommos-vino-blanco-stepienybarno-316x105.jpg 316w, https:\/\/stepienybarno.es\/blog\/wp-content\/uploads\/2020\/07\/glarima-joven-sommos-vino-blanco-stepienybarno-rotated.jpg 1200w\" sizes=\"(max-width: 911px) 100vw, 911px\" \/><\/p>\n<p style=\"text-align: center;\"><a href=\"\" class=\"kp-button \" target=\"_self\">COMPRAR<\/a><\/p>\n<p><strong>D.O. Somontano<\/strong><\/p>\n<p>80% Chardonnay y 20% Gew\u00fcrztraminer<\/p>\n<p>3 meses de crianza sobre l\u00edas<\/p>\n<p><strong>Nota de Cata:<\/strong><\/p>\n<p>Vista: amarillo p\u00e1lido<\/p>\n<p>Nariz: frutas y azahar.<\/p>\n<p>Boca: Complejo y fresco<\/p>\n<p>&nbsp;<\/p>\n<h2>Bodega Campo Viejo<\/h2>\n<p>Arquitectos: <strong><a href=\"http:\/\/www.ignacioquemadaarquitectos.com\/\">Ignacio Quemada<\/a><\/strong><\/p>\n<p>Situaci\u00f3n: Logro\u00f1o<\/p>\n<p>Fecha: 2004<\/p>\n<div id=\"attachment_42897\" style=\"width: 921px\" class=\"wp-caption alignnone\"><img loading=\"lazy\" decoding=\"async\" aria-describedby=\"caption-attachment-42897\" class=\"size-large wp-image-42897\" src=\"https:\/\/stepienybarno.es\/blog\/wp-content\/uploads\/2020\/07\/campo-viejo-ignacio-quemada-duccio-malagamba-stepienybarno-1024x511.jpg\" alt=\"\" width=\"911\" height=\"455\" srcset=\"https:\/\/stepienybarno.es\/blog\/wp-content\/uploads\/2020\/07\/campo-viejo-ignacio-quemada-duccio-malagamba-stepienybarno-1024x511.jpg 1024w, https:\/\/stepienybarno.es\/blog\/wp-content\/uploads\/2020\/07\/campo-viejo-ignacio-quemada-duccio-malagamba-stepienybarno-550x275.jpg 550w, https:\/\/stepienybarno.es\/blog\/wp-content\/uploads\/2020\/07\/campo-viejo-ignacio-quemada-duccio-malagamba-stepienybarno-180x90.jpg 180w, https:\/\/stepienybarno.es\/blog\/wp-content\/uploads\/2020\/07\/campo-viejo-ignacio-quemada-duccio-malagamba-stepienybarno-1536x767.jpg 1536w, https:\/\/stepienybarno.es\/blog\/wp-content\/uploads\/2020\/07\/campo-viejo-ignacio-quemada-duccio-malagamba-stepienybarno-316x158.jpg 316w, https:\/\/stepienybarno.es\/blog\/wp-content\/uploads\/2020\/07\/campo-viejo-ignacio-quemada-duccio-malagamba-stepienybarno.jpg 1582w\" sizes=\"(max-width: 911px) 100vw, 911px\" \/><p id=\"caption-attachment-42897\" class=\"wp-caption-text\">Campo Viejo. Fotograf\u00eda: Duccio Malagamba<\/p><\/div>\n<div id=\"attachment_42898\" style=\"width: 921px\" class=\"wp-caption alignnone\"><img loading=\"lazy\" decoding=\"async\" aria-describedby=\"caption-attachment-42898\" class=\"size-large wp-image-42898\" src=\"https:\/\/stepienybarno.es\/blog\/wp-content\/uploads\/2020\/07\/campo-viejo-ignacio-quemada-planta-stepienybarno-991x700.jpg\" alt=\"\" width=\"911\" height=\"643\" srcset=\"https:\/\/stepienybarno.es\/blog\/wp-content\/uploads\/2020\/07\/campo-viejo-ignacio-quemada-planta-stepienybarno-991x700.jpg 991w, https:\/\/stepienybarno.es\/blog\/wp-content\/uploads\/2020\/07\/campo-viejo-ignacio-quemada-planta-stepienybarno-550x388.jpg 550w, https:\/\/stepienybarno.es\/blog\/wp-content\/uploads\/2020\/07\/campo-viejo-ignacio-quemada-planta-stepienybarno-180x127.jpg 180w, https:\/\/stepienybarno.es\/blog\/wp-content\/uploads\/2020\/07\/campo-viejo-ignacio-quemada-planta-stepienybarno-316x223.jpg 316w, https:\/\/stepienybarno.es\/blog\/wp-content\/uploads\/2020\/07\/campo-viejo-ignacio-quemada-planta-stepienybarno.jpg 1416w\" sizes=\"(max-width: 911px) 100vw, 911px\" \/><p id=\"caption-attachment-42898\" class=\"wp-caption-text\">Bodegas Campo Viejo. Planta Ignacio Quemada<\/p><\/div>\n<p><em>\u00abLa bodega Campo Viejo se sit\u00faa en un altiplano sobre el valle del Ebro, La Rad de Santa Cruz, cubierto por 37 hect\u00e1reas de vi\u00f1edo ondulado, con vistas panor\u00e1micas en todas las direcciones.\u00a0 El programa se desdobla, de manera que la zona para recibir a las visitas se sit\u00faa sobre el vi\u00f1edo a modo de ch\u00e2teau mientras la bodega, cuyo tama\u00f1o, 45.000 m\u00b2, hace impensable situarla sobre el cerro, se construye haci\u00e9ndose parte de \u00e9l, a la manera de una obra de land art, quedando oculta desde el vi\u00f1edo.\u00bb<\/em><\/p>\n<p style=\"text-align: center;\"><a href=\"https:\/\/www.plataformaarquitectura.cl\/cl\/02-227482\/bodega-campo-viejo-ignacio-quemada-arquitectos\"><strong>Acceder a m\u00e1s informaci\u00f3n AQU\u00cd<\/strong><\/a><\/p>\n<p>Vino recomendado de esta Bodega:<\/p>\n<h4><a href=\"https:\/\/www.amazon.es\/dp\/B01BWKYKCK\/ref=olp_product_details?_encoding=UTF8&amp;me=&amp;qid=1593595932&amp;sr=8-3\">Campo Viejo Rioja Crianza Vendimia Seleccionada<\/a><\/h4>\n<p><img loading=\"lazy\" decoding=\"async\" class=\"alignnone size-large wp-image-42899\" src=\"https:\/\/stepienybarno.es\/blog\/wp-content\/uploads\/2020\/07\/campo-viejo-crianza-vendimia-seleccionada-2012-1024x236.jpg\" alt=\"\" width=\"911\" height=\"210\" srcset=\"https:\/\/stepienybarno.es\/blog\/wp-content\/uploads\/2020\/07\/campo-viejo-crianza-vendimia-seleccionada-2012-1024x236.jpg 1024w, https:\/\/stepienybarno.es\/blog\/wp-content\/uploads\/2020\/07\/campo-viejo-crianza-vendimia-seleccionada-2012-550x127.jpg 550w, https:\/\/stepienybarno.es\/blog\/wp-content\/uploads\/2020\/07\/campo-viejo-crianza-vendimia-seleccionada-2012-180x42.jpg 180w, https:\/\/stepienybarno.es\/blog\/wp-content\/uploads\/2020\/07\/campo-viejo-crianza-vendimia-seleccionada-2012-316x73.jpg 316w, https:\/\/stepienybarno.es\/blog\/wp-content\/uploads\/2020\/07\/campo-viejo-crianza-vendimia-seleccionada-2012-rotated.jpg 1500w\" sizes=\"(max-width: 911px) 100vw, 911px\" \/><\/p>\n<p style=\"text-align: center;\"><a href=\"\" class=\"kp-button \" target=\"_self\">COMPRAR<\/a><\/p>\n<p><strong>D.O. Ca. Rioja<\/strong><\/p>\n<p>100% Tempranillo<\/p>\n<p>Crianza de <strong>18 meses<\/strong> en barrica de roble franc\u00e9s y americano.<\/p>\n<p><strong>Nota de Cata:<\/strong><\/p>\n<p>Vista: Rojo-cereza<\/p>\n<p>Nariz: Frutas con matices a vainilla y cacao<\/p>\n<p>Boca: Frutado, taninos suaves recuerdos a hierbas y especies.<\/p>\n<h2>Bodegas Qumram<\/h2>\n<p>Arquitectos: <a href=\"http:\/\/www.konkritblu.com\/\">Konkritblu Arquitectura<\/a><\/p>\n<p>Situaci\u00f3n: Padilla de Duero (Valladolid)<\/p>\n<p>Fecha: 2009<\/p>\n<div id=\"attachment_42910\" style=\"width: 921px\" class=\"wp-caption alignnone\"><img loading=\"lazy\" decoding=\"async\" aria-describedby=\"caption-attachment-42910\" class=\"size-large wp-image-42910\" src=\"https:\/\/stepienybarno.es\/blog\/wp-content\/uploads\/2020\/07\/qumran-konkritblu-jose-hevia-stepienybarno-1024x629.jpg\" alt=\"\" width=\"911\" height=\"560\" srcset=\"https:\/\/stepienybarno.es\/blog\/wp-content\/uploads\/2020\/07\/qumran-konkritblu-jose-hevia-stepienybarno-1024x629.jpg 1024w, https:\/\/stepienybarno.es\/blog\/wp-content\/uploads\/2020\/07\/qumran-konkritblu-jose-hevia-stepienybarno-550x338.jpg 550w, https:\/\/stepienybarno.es\/blog\/wp-content\/uploads\/2020\/07\/qumran-konkritblu-jose-hevia-stepienybarno-180x110.jpg 180w, https:\/\/stepienybarno.es\/blog\/wp-content\/uploads\/2020\/07\/qumran-konkritblu-jose-hevia-stepienybarno-1536x943.jpg 1536w, https:\/\/stepienybarno.es\/blog\/wp-content\/uploads\/2020\/07\/qumran-konkritblu-jose-hevia-stepienybarno-316x194.jpg 316w, https:\/\/stepienybarno.es\/blog\/wp-content\/uploads\/2020\/07\/qumran-konkritblu-jose-hevia-stepienybarno.jpg 1955w\" sizes=\"(max-width: 911px) 100vw, 911px\" \/><p id=\"caption-attachment-42910\" class=\"wp-caption-text\">Bodegas Qumram. Fotograf\u00eda: Jose Hev\u00eda<\/p><\/div>\n<div id=\"attachment_42911\" style=\"width: 921px\" class=\"wp-caption alignnone\"><img loading=\"lazy\" decoding=\"async\" aria-describedby=\"caption-attachment-42911\" class=\"size-large wp-image-42911\" src=\"https:\/\/stepienybarno.es\/blog\/wp-content\/uploads\/2020\/07\/qumran-planta-konkritblu-stepienybarno-991x700.jpg\" alt=\"\" width=\"911\" height=\"643\" srcset=\"https:\/\/stepienybarno.es\/blog\/wp-content\/uploads\/2020\/07\/qumran-planta-konkritblu-stepienybarno-991x700.jpg 991w, https:\/\/stepienybarno.es\/blog\/wp-content\/uploads\/2020\/07\/qumran-planta-konkritblu-stepienybarno-550x389.jpg 550w, https:\/\/stepienybarno.es\/blog\/wp-content\/uploads\/2020\/07\/qumran-planta-konkritblu-stepienybarno-180x127.jpg 180w, https:\/\/stepienybarno.es\/blog\/wp-content\/uploads\/2020\/07\/qumran-planta-konkritblu-stepienybarno-1536x1085.jpg 1536w, https:\/\/stepienybarno.es\/blog\/wp-content\/uploads\/2020\/07\/qumran-planta-konkritblu-stepienybarno-316x223.jpg 316w, https:\/\/stepienybarno.es\/blog\/wp-content\/uploads\/2020\/07\/qumran-planta-konkritblu-stepienybarno.jpg 2000w\" sizes=\"(max-width: 911px) 100vw, 911px\" \/><p id=\"caption-attachment-42911\" class=\"wp-caption-text\">Bodegas Qumran. Planta. Konkrit Blu Arquitectos<\/p><\/div>\n<p><em>\u00abA medida que se asciende por el camino, rodeado de vi\u00f1edo, el emplazamiento se presenta como una peque\u00f1a loma, de contornos suaves, posada en reposo sobre la inmensidad del paisaje. Un lugar silencioso, surcado \u00fanicamente por los ecos de la memoria, de las huellas infligidas inexorablemente por el tiempo. Trazas que se desdibujan pero que pertenecen al lugar. La intenci\u00f3n, desde un principio, ser\u00e1 la de rememorar y enfatizar estas preexistencias; contextualizarlas, situarlas y relacionarlas, para integrarlas finalmente al proyecto. Redefinir un nuevo programa, implementar una nueva estrategia, para la creaci\u00f3n de un nuevo lugar y unas nuevas trazas; de este modo, enlazar lo antiguo con lo nuevo\u00bb<\/em><\/p>\n<p style=\"text-align: center;\"><a href=\"https:\/\/www.plataformaarquitectura.cl\/cl\/02-47315\/bodega-qumran-konkrit-blu-arquitectura\"><strong>Acceder a m\u00e1s informaci\u00f3n AQU\u00cd<\/strong><\/a><\/p>\n<p>&nbsp;<\/p>\n<h2>Bodegas Real<\/h2>\n<p>Arquitectos: <a href=\"http:\/\/www.paredespedrosa.com\/works\/68-bodegas-real\/?id=21\">Paredes y Pedrosa<\/a><\/p>\n<p>Situaci\u00f3n: Ciudad Real<\/p>\n<p>Fecha: 2007<\/p>\n<div id=\"attachment_42912\" style=\"width: 921px\" class=\"wp-caption alignnone\"><img loading=\"lazy\" decoding=\"async\" aria-describedby=\"caption-attachment-42912\" class=\"size-large wp-image-42912\" src=\"https:\/\/stepienybarno.es\/blog\/wp-content\/uploads\/2020\/07\/bodegas-real-paredes-pedrosa-luis-asin-stepienybarno-1024x687.png\" alt=\"\" width=\"911\" height=\"611\" srcset=\"https:\/\/stepienybarno.es\/blog\/wp-content\/uploads\/2020\/07\/bodegas-real-paredes-pedrosa-luis-asin-stepienybarno-1024x687.png 1024w, https:\/\/stepienybarno.es\/blog\/wp-content\/uploads\/2020\/07\/bodegas-real-paredes-pedrosa-luis-asin-stepienybarno-550x369.png 550w, https:\/\/stepienybarno.es\/blog\/wp-content\/uploads\/2020\/07\/bodegas-real-paredes-pedrosa-luis-asin-stepienybarno-180x121.png 180w, https:\/\/stepienybarno.es\/blog\/wp-content\/uploads\/2020\/07\/bodegas-real-paredes-pedrosa-luis-asin-stepienybarno-1536x1030.png 1536w, https:\/\/stepienybarno.es\/blog\/wp-content\/uploads\/2020\/07\/bodegas-real-paredes-pedrosa-luis-asin-stepienybarno-316x212.png 316w, https:\/\/stepienybarno.es\/blog\/wp-content\/uploads\/2020\/07\/bodegas-real-paredes-pedrosa-luis-asin-stepienybarno.png 1640w\" sizes=\"(max-width: 911px) 100vw, 911px\" \/><p id=\"caption-attachment-42912\" class=\"wp-caption-text\">Bodegas Real. Fotograf\u00eda: Luis As\u00edn<\/p><\/div>\n<div id=\"attachment_42913\" style=\"width: 728px\" class=\"wp-caption alignnone\"><img loading=\"lazy\" decoding=\"async\" aria-describedby=\"caption-attachment-42913\" class=\"size-large wp-image-42913\" src=\"https:\/\/stepienybarno.es\/blog\/wp-content\/uploads\/2020\/07\/paredes-pedrosa-planta-bodegas-real-stepienybarno-718x700.png\" alt=\"\" width=\"718\" height=\"700\" srcset=\"https:\/\/stepienybarno.es\/blog\/wp-content\/uploads\/2020\/07\/paredes-pedrosa-planta-bodegas-real-stepienybarno-718x700.png 718w, https:\/\/stepienybarno.es\/blog\/wp-content\/uploads\/2020\/07\/paredes-pedrosa-planta-bodegas-real-stepienybarno-550x536.png 550w, https:\/\/stepienybarno.es\/blog\/wp-content\/uploads\/2020\/07\/paredes-pedrosa-planta-bodegas-real-stepienybarno-180x176.png 180w, https:\/\/stepienybarno.es\/blog\/wp-content\/uploads\/2020\/07\/paredes-pedrosa-planta-bodegas-real-stepienybarno-316x308.png 316w, https:\/\/stepienybarno.es\/blog\/wp-content\/uploads\/2020\/07\/paredes-pedrosa-planta-bodegas-real-stepienybarno.png 1128w\" sizes=\"(max-width: 718px) 100vw, 718px\" \/><p id=\"caption-attachment-42913\" class=\"wp-caption-text\">Bodegas Real. Paredes y Pedrosa. Planta<\/p><\/div>\n<p><em>\u00abEn el interior de un cortijo del siglo XVIII, \u00fanica construcci\u00f3n en un paisaje marcado por el trazado geom\u00e9trico regular de vi\u00f1edos y olivares que precisaba ser adaptado para nuevos usos enol\u00f3gicos, se desliza en el gran patio una nueva estructura en forma de estrella irregular de cuatro brazos. Partiendo de la organizaci\u00f3n de la hacienda dispuesta alrededor del patio, tradicionalmente centro de actividad agr\u00edcola de la finca, el umbr\u00e1culo organiza las nuevas intervenciones y recorridos sin tocar los viejos muros encalados. El espacio queda organizado en partes de altura variable donde las distintas piezas se articulan de forma aut\u00f3noma bajo la cubierta continua que en su centro tiene un peque\u00f1o patio con una fuente pentagonal. De esta manera en el coraz\u00f3n de la edificaci\u00f3n existente se introducen los nuevos usos y la ligera estructura met\u00e1lica se convierte en lugar de estancia y actividad de la bodega, enlazando el conjunto de espacios construidos y espacios abiertos.\u00bb<\/em><\/p>\n<p style=\"text-align: center;\"><a href=\"https:\/\/www.metalocus.es\/es\/noticias\/bodegas-real-por-paredespedrosa-arquitectos\"><strong>Acceder a m\u00e1s informaci\u00f3n AQU\u00cd<\/strong><\/a><\/p>\n<p>&nbsp;<\/p>\n<h2>Mas Rod\u00f3 Vitivinicola<\/h2>\n<p>Arquitectos: <strong><a href=\"https:\/\/www.salaferusic.com\/\">Sala Ferusic Arquitectos<\/a><\/strong><\/p>\n<p>Situaci\u00f3n: Barcelona<\/p>\n<p>Fecha: 2008<\/p>\n<div id=\"attachment_42924\" style=\"width: 921px\" class=\"wp-caption alignnone\"><img loading=\"lazy\" decoding=\"async\" aria-describedby=\"caption-attachment-42924\" class=\"wp-image-42924 size-large\" src=\"https:\/\/stepienybarno.es\/blog\/wp-content\/uploads\/2020\/07\/bodegas-masrodo-foto-salaferusic-arquitectos-stepeinybarno-990x700.jpg\" alt=\"\" width=\"911\" height=\"644\" srcset=\"https:\/\/stepienybarno.es\/blog\/wp-content\/uploads\/2020\/07\/bodegas-masrodo-foto-salaferusic-arquitectos-stepeinybarno-990x700.jpg 990w, https:\/\/stepienybarno.es\/blog\/wp-content\/uploads\/2020\/07\/bodegas-masrodo-foto-salaferusic-arquitectos-stepeinybarno-550x389.jpg 550w, https:\/\/stepienybarno.es\/blog\/wp-content\/uploads\/2020\/07\/bodegas-masrodo-foto-salaferusic-arquitectos-stepeinybarno-180x127.jpg 180w, https:\/\/stepienybarno.es\/blog\/wp-content\/uploads\/2020\/07\/bodegas-masrodo-foto-salaferusic-arquitectos-stepeinybarno-1536x1086.jpg 1536w, https:\/\/stepienybarno.es\/blog\/wp-content\/uploads\/2020\/07\/bodegas-masrodo-foto-salaferusic-arquitectos-stepeinybarno-2048x1448.jpg 2048w, https:\/\/stepienybarno.es\/blog\/wp-content\/uploads\/2020\/07\/bodegas-masrodo-foto-salaferusic-arquitectos-stepeinybarno-316x223.jpg 316w\" sizes=\"(max-width: 911px) 100vw, 911px\" \/><p id=\"caption-attachment-42924\" class=\"wp-caption-text\">Bodega Mas Rod\u00f3. Fotograf\u00eda: Sala Ferusic Arquitectos<\/p><\/div>\n<div id=\"attachment_42925\" style=\"width: 760px\" class=\"wp-caption alignnone\"><img loading=\"lazy\" decoding=\"async\" aria-describedby=\"caption-attachment-42925\" class=\"wp-image-42925 size-full\" src=\"https:\/\/stepienybarno.es\/blog\/wp-content\/uploads\/2020\/07\/bodega-masrodo-planta-salaferusic-stepienybarno.png\" alt=\"\" width=\"750\" height=\"499\" srcset=\"https:\/\/stepienybarno.es\/blog\/wp-content\/uploads\/2020\/07\/bodega-masrodo-planta-salaferusic-stepienybarno.png 750w, https:\/\/stepienybarno.es\/blog\/wp-content\/uploads\/2020\/07\/bodega-masrodo-planta-salaferusic-stepienybarno-550x366.png 550w, https:\/\/stepienybarno.es\/blog\/wp-content\/uploads\/2020\/07\/bodega-masrodo-planta-salaferusic-stepienybarno-180x120.png 180w, https:\/\/stepienybarno.es\/blog\/wp-content\/uploads\/2020\/07\/bodega-masrodo-planta-salaferusic-stepienybarno-316x210.png 316w\" sizes=\"(max-width: 750px) 100vw, 750px\" \/><p id=\"caption-attachment-42925\" class=\"wp-caption-text\">Bodega Mas Rod\u00f3. Sala Ferusic Arquitectos<\/p><\/div>\n<p><em>\u00abLa bodega Mas Rod\u00f3 en una reforma y adecuaci\u00f3n de una nave agr\u00edcola construida en los a\u00f1os setenta sobre las preexistencias de la antigua mas\u00eda del siglo XVIII en la que, sin apenas intervenir en la estructura, se ha actuado para definir una imagen y condicionar el espacio para una producci\u00f3n vin\u00edcola contempor\u00e1nea.<\/em><\/p>\n<p><em>Sobre un z\u00f3calo original de mamposter\u00eda, la nueva fachada de madera y acero redefine la volumetr\u00eda del edificio y se encuentra c\u00f3moda entre lo natural y lo hist\u00f3rico. El sistema de fachada ventilada, una doble piel en madera, templa el interior de la sala de vinificaci\u00f3n para optimizar el control en la fermentaci\u00f3n del mosto, as\u00ed como minimiza el consumo energ\u00e9tico; mientras que el grosor del antiguo muro de piedra consigue unas condiciones de temperatura y humedad m\u00e1s que satisfactorias para la crianza del vino\u00bb<\/em><\/p>\n<p style=\"text-align: center;\"><a href=\"https:\/\/www.premiosdearquitectura.es\/es\/premios\/31-premio-basf-de-arquitectura\/obras-presentadas\/550-bodega-vitivinicola-mas-rodo-en-mediona-barcelona\"><strong>Acceder a m\u00e1s informaci\u00f3n AQU\u00cd<\/strong><\/a><\/p>\n<p>&nbsp;<\/p>\n<h2>Bodega Terra Remota<\/h2>\n<p>Arquitectos: <strong><a href=\"http:\/\/www.untaller.es\/contentDetail.php?cat=1&amp;cont=68\">Untaller<\/a><\/strong><\/p>\n<p>Situaci\u00f3n: Girona<\/p>\n<p>Fecha: 2008<\/p>\n<div id=\"attachment_42927\" style=\"width: 921px\" class=\"wp-caption alignnone\"><img loading=\"lazy\" decoding=\"async\" aria-describedby=\"caption-attachment-42927\" class=\"wp-image-42927 size-large\" src=\"https:\/\/stepienybarno.es\/blog\/wp-content\/uploads\/2020\/07\/bodegas-terra-remota-foto-lluis-casals-stepienybarno-1024x414.jpg\" alt=\"\" width=\"911\" height=\"368\" srcset=\"https:\/\/stepienybarno.es\/blog\/wp-content\/uploads\/2020\/07\/bodegas-terra-remota-foto-lluis-casals-stepienybarno-1024x414.jpg 1024w, https:\/\/stepienybarno.es\/blog\/wp-content\/uploads\/2020\/07\/bodegas-terra-remota-foto-lluis-casals-stepienybarno-550x222.jpg 550w, https:\/\/stepienybarno.es\/blog\/wp-content\/uploads\/2020\/07\/bodegas-terra-remota-foto-lluis-casals-stepienybarno-180x73.jpg 180w, https:\/\/stepienybarno.es\/blog\/wp-content\/uploads\/2020\/07\/bodegas-terra-remota-foto-lluis-casals-stepienybarno-1536x620.jpg 1536w, https:\/\/stepienybarno.es\/blog\/wp-content\/uploads\/2020\/07\/bodegas-terra-remota-foto-lluis-casals-stepienybarno-316x128.jpg 316w, https:\/\/stepienybarno.es\/blog\/wp-content\/uploads\/2020\/07\/bodegas-terra-remota-foto-lluis-casals-stepienybarno.jpg 1582w\" sizes=\"(max-width: 911px) 100vw, 911px\" \/><p id=\"caption-attachment-42927\" class=\"wp-caption-text\">Bodega Terra Remota. Fotograf\u00eda: Lluis Casals<\/p><\/div>\n<div id=\"attachment_42928\" style=\"width: 921px\" class=\"wp-caption alignnone\"><img loading=\"lazy\" decoding=\"async\" aria-describedby=\"caption-attachment-42928\" class=\"wp-image-42928 size-large\" src=\"https:\/\/stepienybarno.es\/blog\/wp-content\/uploads\/2020\/07\/bodega-terra.remota-planta-untaller-stepienybarno-1024x472.jpg\" alt=\"\" width=\"911\" height=\"420\" srcset=\"https:\/\/stepienybarno.es\/blog\/wp-content\/uploads\/2020\/07\/bodega-terra.remota-planta-untaller-stepienybarno-1024x472.jpg 1024w, https:\/\/stepienybarno.es\/blog\/wp-content\/uploads\/2020\/07\/bodega-terra.remota-planta-untaller-stepienybarno-550x253.jpg 550w, https:\/\/stepienybarno.es\/blog\/wp-content\/uploads\/2020\/07\/bodega-terra.remota-planta-untaller-stepienybarno-180x83.jpg 180w, https:\/\/stepienybarno.es\/blog\/wp-content\/uploads\/2020\/07\/bodega-terra.remota-planta-untaller-stepienybarno-1536x708.jpg 1536w, https:\/\/stepienybarno.es\/blog\/wp-content\/uploads\/2020\/07\/bodega-terra.remota-planta-untaller-stepienybarno-316x146.jpg 316w, https:\/\/stepienybarno.es\/blog\/wp-content\/uploads\/2020\/07\/bodega-terra.remota-planta-untaller-stepienybarno.jpg 1582w\" sizes=\"(max-width: 911px) 100vw, 911px\" \/><p id=\"caption-attachment-42928\" class=\"wp-caption-text\">Bodega Terra Remota. Untaller. Planta<\/p><\/div>\n<p><em>\u00abLa ubicaci\u00f3n de la bodega responde a diferentes factores. Por una parte, ten\u00eda que estar cerca de las vi\u00f1as y de las dos edificaciones preexistentes. Por otra, el dise\u00f1o deb\u00eda tener en cuenta el aprovechamiento de la gravedad en el proceso de elaboraci\u00f3n del vino. Y por \u00faltimo, destacar la intenci\u00f3n de buscar para la bodega las mejores condiciones naturales del terreno.\u00bb<\/em><\/p>\n<p style=\"text-align: center;\"><a href=\"https:\/\/www.plataformaarquitectura.cl\/cl\/624655\/bodega-terra-remota-untaller\"><strong>Acceder a m\u00e1s informaci\u00f3n AQU\u00cd<\/strong><\/a><\/p>\n<p>Vino recomendado de esta Bodega:<\/p>\n<p><strong><a href=\"https:\/\/www.amazon.es\/Terra-Remota-TERRA-REMOTA-CAMINANTE\/dp\/B01MSB19ON\/ref=sr_1_2?__mk_es_ES=%C3%85M%C3%85%C5%BD%C3%95%C3%91&amp;dchild=1&amp;keywords=Terra+Remota+vino&amp;qid=1593604428&amp;s=toys&amp;sr=8-2\">Vino Blanco Terra Remota Caminante<\/a><\/strong><\/p>\n<p><img loading=\"lazy\" decoding=\"async\" class=\"alignnone wp-image-42929 size-large\" src=\"https:\/\/stepienybarno.es\/blog\/wp-content\/uploads\/2020\/07\/vino-blanco-terra-remota-caminante-1024x298.jpg\" alt=\"\" width=\"911\" height=\"265\" srcset=\"https:\/\/stepienybarno.es\/blog\/wp-content\/uploads\/2020\/07\/vino-blanco-terra-remota-caminante-1024x298.jpg 1024w, https:\/\/stepienybarno.es\/blog\/wp-content\/uploads\/2020\/07\/vino-blanco-terra-remota-caminante-550x160.jpg 550w, https:\/\/stepienybarno.es\/blog\/wp-content\/uploads\/2020\/07\/vino-blanco-terra-remota-caminante-180x52.jpg 180w, https:\/\/stepienybarno.es\/blog\/wp-content\/uploads\/2020\/07\/vino-blanco-terra-remota-caminante-316x92.jpg 316w, https:\/\/stepienybarno.es\/blog\/wp-content\/uploads\/2020\/07\/vino-blanco-terra-remota-caminante.jpg 1307w\" sizes=\"(max-width: 911px) 100vw, 911px\" \/><\/p>\n<p style=\"text-align: center;\"><a href=\"\" class=\"kp-button \" target=\"_self\">COMPRAR<\/a><\/p>\n<p><strong>D.O. Empord\u00e1<\/strong><\/p>\n<p>Garnacha Blanca\u00a0\/\u00a0Chardonnay\u00a0\/\u00a0Chenin Blanc<\/p>\n<p>10 meses de crianza en barrica de roble franc\u00e9s<\/p>\n<p><strong>Nota de Cata<\/strong><\/p>\n<p>Vista: Oro p\u00e1lido<\/p>\n<p>Nariz: Notas tostados y crianza<\/p>\n<p>Boca: Fresco y untuoso<\/p>\n<p>&nbsp;<\/p>\n<h2>Bodega Montepedroso<\/h2>\n<p>Arquitectos: 3.14 GA<\/p>\n<p>Situaci\u00f3n: Rueda (Valladolid)<\/p>\n<p>Fecha: 2012<\/p>\n<div id=\"attachment_42894\" style=\"width: 921px\" class=\"wp-caption alignnone\"><img loading=\"lazy\" decoding=\"async\" aria-describedby=\"caption-attachment-42894\" class=\"size-large wp-image-42894\" src=\"https:\/\/stepienybarno.es\/blog\/wp-content\/uploads\/2020\/07\/bodegas-montepedroso-314GA-jara-varela-stepienybarno-1024x682.jpg\" alt=\"\" width=\"911\" height=\"607\" srcset=\"https:\/\/stepienybarno.es\/blog\/wp-content\/uploads\/2020\/07\/bodegas-montepedroso-314GA-jara-varela-stepienybarno-1024x682.jpg 1024w, https:\/\/stepienybarno.es\/blog\/wp-content\/uploads\/2020\/07\/bodegas-montepedroso-314GA-jara-varela-stepienybarno-550x367.jpg 550w, https:\/\/stepienybarno.es\/blog\/wp-content\/uploads\/2020\/07\/bodegas-montepedroso-314GA-jara-varela-stepienybarno-180x120.jpg 180w, https:\/\/stepienybarno.es\/blog\/wp-content\/uploads\/2020\/07\/bodegas-montepedroso-314GA-jara-varela-stepienybarno-316x211.jpg 316w, https:\/\/stepienybarno.es\/blog\/wp-content\/uploads\/2020\/07\/bodegas-montepedroso-314GA-jara-varela-stepienybarno.jpg 1475w\" sizes=\"(max-width: 911px) 100vw, 911px\" \/><p id=\"caption-attachment-42894\" class=\"wp-caption-text\">Bodega Montepedroso. Fotograf\u00eda Jara Varela<\/p><\/div>\n<div id=\"attachment_42895\" style=\"width: 921px\" class=\"wp-caption alignnone\"><img loading=\"lazy\" decoding=\"async\" aria-describedby=\"caption-attachment-42895\" class=\"size-large wp-image-42895\" src=\"https:\/\/stepienybarno.es\/blog\/wp-content\/uploads\/2020\/07\/bodegas-montepedroso-314GA-planta-stepeinybarno-990x700.jpg\" alt=\"\" width=\"911\" height=\"644\" srcset=\"https:\/\/stepienybarno.es\/blog\/wp-content\/uploads\/2020\/07\/bodegas-montepedroso-314GA-planta-stepeinybarno-990x700.jpg 990w, https:\/\/stepienybarno.es\/blog\/wp-content\/uploads\/2020\/07\/bodegas-montepedroso-314GA-planta-stepeinybarno-550x389.jpg 550w, https:\/\/stepienybarno.es\/blog\/wp-content\/uploads\/2020\/07\/bodegas-montepedroso-314GA-planta-stepeinybarno-180x127.jpg 180w, https:\/\/stepienybarno.es\/blog\/wp-content\/uploads\/2020\/07\/bodegas-montepedroso-314GA-planta-stepeinybarno-316x223.jpg 316w, https:\/\/stepienybarno.es\/blog\/wp-content\/uploads\/2020\/07\/bodegas-montepedroso-314GA-planta-stepeinybarno-rotated.jpg 1000w\" sizes=\"(max-width: 911px) 100vw, 911px\" \/><p id=\"caption-attachment-42895\" class=\"wp-caption-text\">Bodegas Montepedroso. Plano implantaci\u00f3n. 3.14 GA<\/p><\/div>\n<p><em>\u00abEl edificio se sit\u00faa en la parte alta de la \u201cmeseta\u201d al norte de Rueda, con una altura de cornisa de 4,35m sobre esta. Bajo rasante y ocupando aproximadamente la mitad de la planta del edificio, se construye un s\u00f3tano para la elaboraci\u00f3n de la uva, de 7 m de altura, con salida en el talud Este y as\u00ed conseguir la m\u00ednima alteraci\u00f3n del terreno original.\u00bb<\/em><\/p>\n<p style=\"text-align: center;\"><a href=\"https:\/\/www.plataformaarquitectura.cl\/cl\/02-190422\/bodegas-montepedroso-3-14ga\"><strong>Acceder a m\u00e1s informaci\u00f3n AQU\u00cd<\/strong><\/a><\/p>\n<p>Vino recomendado de esta Bodega:<\/p>\n<p><strong><a href=\"https:\/\/www.amazon.es\/Finca-Montepedroso-Verdejo-75-Cl\/dp\/B00G9BU6OO\/ref=sr_1_2?__mk_es_ES=%C3%85M%C3%85%C5%BD%C3%95%C3%91&amp;dchild=1&amp;keywords=montepedroso&amp;qid=1593703398&amp;sr=8-2\">Vino Blanco Finca Montepedroso Verdejo<\/a><\/strong><\/p>\n<p><img loading=\"lazy\" decoding=\"async\" class=\"alignnone wp-image-42932 size-large\" src=\"https:\/\/stepienybarno.es\/blog\/wp-content\/uploads\/2020\/07\/Finca-Montepedroso-Verdejo-1024x283.jpg\" alt=\"\" width=\"911\" height=\"252\" srcset=\"https:\/\/stepienybarno.es\/blog\/wp-content\/uploads\/2020\/07\/Finca-Montepedroso-Verdejo-1024x283.jpg 1024w, https:\/\/stepienybarno.es\/blog\/wp-content\/uploads\/2020\/07\/Finca-Montepedroso-Verdejo-550x152.jpg 550w, https:\/\/stepienybarno.es\/blog\/wp-content\/uploads\/2020\/07\/Finca-Montepedroso-Verdejo-180x50.jpg 180w, https:\/\/stepienybarno.es\/blog\/wp-content\/uploads\/2020\/07\/Finca-Montepedroso-Verdejo-1536x425.jpg 1536w, https:\/\/stepienybarno.es\/blog\/wp-content\/uploads\/2020\/07\/Finca-Montepedroso-Verdejo-2048x567.jpg 2048w, https:\/\/stepienybarno.es\/blog\/wp-content\/uploads\/2020\/07\/Finca-Montepedroso-Verdejo-316x87.jpg 316w\" sizes=\"(max-width: 911px) 100vw, 911px\" \/><\/p>\n<p style=\"text-align: center;\"><a href=\"\" class=\"kp-button \" target=\"_self\">COMPRAR<\/a><\/p>\n<p><strong>D.O. Rueda<\/strong><\/p>\n<p>100% Verdejo<\/p>\n<p><strong>Nota de Cata<\/strong><\/p>\n<p>Vista: Amarillo lim\u00f3n<\/p>\n<p>Nariz: Fruta e hinojo<\/p>\n<p>Boca: Sabroso y frutal<\/p>\n","protected":false},"excerpt":{"rendered":"<p>En este post vamos a hacer un recorrido sobre la<\/p>\n","protected":false},"author":2,"featured_media":42910,"comment_status":"open","ping_status":"closed","sticky":false,"template":"","format":"standard","meta":{"om_disable_all_campaigns":false,"_monsterinsights_skip_tracking":false,"_monsterinsights_sitenote_active":false,"_monsterinsights_sitenote_note":"","_monsterinsights_sitenote_category":0,"_uf_show_specific_survey":0,"_uf_disable_surveys":false,"episode_type":"audio","audio_file":"","cover_image":"","cover_image_id":"","duration":"","filesize":"","date_recorded":"","explicit":"","block":"","filesize_raw":"","footnotes":""},"categories":[34],"tags":[8253,6529,8251,8252,8250,8247,5148,8249,669,8248,857],"series":[],"class_list":["post-42675","post","type-post","status-publish","format-standard","has-post-thumbnail","hentry","category-actualidad","tag-amas4-arquitectura","tag-arquitectura-y-vino","tag-ignacio-quemada","tag-jesus-marino-pascual","tag-konkrit-blu","tag-pago-de-carraovejas","tag-paredes-pedrosa","tag-sala-ferusic","tag-sancho-madridejos","tag-untaller","tag-virai-arquitectos"],"aioseo_notices":[],"episode_featured_image":"https:\/\/stepienybarno.es\/blog\/wp-content\/uploads\/2020\/07\/qumran-konkritblu-jose-hevia-stepienybarno.jpg","episode_player_image":"https:\/\/stepienybarno.es\/blog\/wp-content\/uploads\/2020\/11\/stepienybarno-podcast-scaled.jpg","download_link":"","player_link":"","audio_player":false,"episode_data":{"playerMode":"dark","subscribeUrls":[],"rssFeedUrl":"https:\/\/stepienybarno.es\/blog\/feed\/podcast\/podcast-de-stepienybarno","embedCode":"<blockquote class=\"wp-embedded-content\" data-secret=\"DXO13KQYSt\"><a href=\"https:\/\/stepienybarno.es\/blog\/2020\/09\/15\/10-proyectos-de-arquitectura-y-vino\/\">10 Proyectos de Arquitectura y Vino<\/a><\/blockquote><iframe sandbox=\"allow-scripts\" security=\"restricted\" src=\"https:\/\/stepienybarno.es\/blog\/2020\/09\/15\/10-proyectos-de-arquitectura-y-vino\/embed\/#?secret=DXO13KQYSt\" width=\"500\" height=\"350\" title=\"\u00ab10 Proyectos de Arquitectura y Vino\u00bb \u2014 Blog de STEPIEN Y BARNO - publicaci\u00f3n digital sobre arquitectura\" data-secret=\"DXO13KQYSt\" frameborder=\"0\" marginwidth=\"0\" marginheight=\"0\" scrolling=\"no\" class=\"wp-embedded-content\"><\/iframe><script type=\"text\/javascript\">\n\/* <![CDATA[ *\/\n\/*! This file is auto-generated *\/\n!function(d,l){\"use strict\";l.querySelector&&d.addEventListener&&\"undefined\"!=typeof URL&&(d.wp=d.wp||{},d.wp.receiveEmbedMessage||(d.wp.receiveEmbedMessage=function(e){var t=e.data;if((t||t.secret||t.message||t.value)&&!\/[^a-zA-Z0-9]\/.test(t.secret)){for(var s,r,n,a=l.querySelectorAll('iframe[data-secret=\"'+t.secret+'\"]'),o=l.querySelectorAll('blockquote[data-secret=\"'+t.secret+'\"]'),c=new RegExp(\"^https?:$\",\"i\"),i=0;i<o.length;i++)o[i].style.display=\"none\";for(i=0;i<a.length;i++)s=a[i],e.source===s.contentWindow&&(s.removeAttribute(\"style\"),\"height\"===t.message?(1e3<(r=parseInt(t.value,10))?r=1e3:~~r<200&&(r=200),s.height=r):\"link\"===t.message&&(r=new URL(s.getAttribute(\"src\")),n=new URL(t.value),c.test(n.protocol))&&n.host===r.host&&l.activeElement===s&&(d.top.location.href=t.value))}},d.addEventListener(\"message\",d.wp.receiveEmbedMessage,!1),l.addEventListener(\"DOMContentLoaded\",function(){for(var e,t,s=l.querySelectorAll(\"iframe.wp-embedded-content\"),r=0;r<s.length;r++)(t=(e=s[r]).getAttribute(\"data-secret\"))||(t=Math.random().toString(36).substring(2,12),e.src+=\"#?secret=\"+t,e.setAttribute(\"data-secret\",t)),e.contentWindow.postMessage({message:\"ready\",secret:t},\"*\")},!1)))}(window,document);\n\/* ]]> *\/\n<\/script>\n"},"_links":{"self":[{"href":"https:\/\/stepienybarno.es\/blog\/wp-json\/wp\/v2\/posts\/42675"}],"collection":[{"href":"https:\/\/stepienybarno.es\/blog\/wp-json\/wp\/v2\/posts"}],"about":[{"href":"https:\/\/stepienybarno.es\/blog\/wp-json\/wp\/v2\/types\/post"}],"author":[{"embeddable":true,"href":"https:\/\/stepienybarno.es\/blog\/wp-json\/wp\/v2\/users\/2"}],"replies":[{"embeddable":true,"href":"https:\/\/stepienybarno.es\/blog\/wp-json\/wp\/v2\/comments?post=42675"}],"version-history":[{"count":16,"href":"https:\/\/stepienybarno.es\/blog\/wp-json\/wp\/v2\/posts\/42675\/revisions"}],"predecessor-version":[{"id":44041,"href":"https:\/\/stepienybarno.es\/blog\/wp-json\/wp\/v2\/posts\/42675\/revisions\/44041"}],"wp:featuredmedia":[{"embeddable":true,"href":"https:\/\/stepienybarno.es\/blog\/wp-json\/wp\/v2\/media\/42910"}],"wp:attachment":[{"href":"https:\/\/stepienybarno.es\/blog\/wp-json\/wp\/v2\/media?parent=42675"}],"wp:term":[{"taxonomy":"category","embeddable":true,"href":"https:\/\/stepienybarno.es\/blog\/wp-json\/wp\/v2\/categories?post=42675"},{"taxonomy":"post_tag","embeddable":true,"href":"https:\/\/stepienybarno.es\/blog\/wp-json\/wp\/v2\/tags?post=42675"},{"taxonomy":"series","embeddable":true,"href":"https:\/\/stepienybarno.es\/blog\/wp-json\/wp\/v2\/series?post=42675"}],"curies":[{"name":"wp","href":"https:\/\/api.w.org\/{rel}","templated":true}]}}