{"id":43110,"date":"2020-07-17T18:00:25","date_gmt":"2020-07-17T16:00:25","guid":{"rendered":"https:\/\/www.stepienybarno.es\/blog\/?p=43110"},"modified":"2020-07-13T18:11:45","modified_gmt":"2020-07-13T16:11:45","slug":"la-arquitectura-como-sentimiento","status":"publish","type":"post","link":"https:\/\/stepienybarno.es\/blog\/2020\/07\/17\/la-arquitectura-como-sentimiento\/","title":{"rendered":"La arquitectura como sentimiento"},"content":{"rendered":"<p><img loading=\"lazy\" decoding=\"async\" class=\"aligncenter wp-image-43111\" src=\"https:\/\/stepienybarno.es\/blog\/wp-content\/uploads\/2020\/07\/stepienybarno-La-arquitectura-como-sentimiento-postdeld\u00eda.jpg\" alt=\"\" width=\"750\" height=\"458\" srcset=\"https:\/\/stepienybarno.es\/blog\/wp-content\/uploads\/2020\/07\/stepienybarno-La-arquitectura-como-sentimiento-postdeld\u00eda.jpg 516w, https:\/\/stepienybarno.es\/blog\/wp-content\/uploads\/2020\/07\/stepienybarno-La-arquitectura-como-sentimiento-postdeld\u00eda-180x110.jpg 180w, https:\/\/stepienybarno.es\/blog\/wp-content\/uploads\/2020\/07\/stepienybarno-La-arquitectura-como-sentimiento-postdeld\u00eda-316x193.jpg 316w\" sizes=\"(max-width: 750px) 100vw, 750px\" \/><\/p>\n<h1><strong>Por: Fredy Massad<br \/>\n<\/strong><\/h1>\n<h2><strong>Desde: La viga en el ojo<br \/>\n<\/strong><\/h2>\n<p><!--more--><\/p>\n<p><a title=\"Fredy Massad\" href=\"https:\/\/abcblogs.abc.es\/viga-en-el-ojo\/autor\/fmassad\/\">Fredy Massad<\/a> el<\/p>\n<p style=\"padding-left: 40px;\">\u00ab\u2026La de Enric Miralles es arquitectura de imaginaci\u00f3n.\u00bb<\/p>\n<p style=\"padding-left: 40px;\">Josep Quetglas<\/p>\n<p style=\"padding-left: 40px;\">\u00abAhora lo extra\u00f1o es, que cuando representas el ojo con precisi\u00f3n, te arriesgas a destruir exactamente lo que persigues representar: la mirada. (\u2026) Hay pocas obras de arte en las que la mirada existe.\u00bb<\/p>\n<p style=\"padding-left: 40px;\">Alberto Giacometti<\/p>\n<aside><\/aside>\n<p><em>Enric Miralles (1955) -graduado en Arquitectura en 1978- comenz\u00f3 a colaborar en el estudio de Viaplana y Pi\u00f1\u00f3n en 1973. En 1984 form\u00f3 en Barcelona un estudio junto a Carme Pin\u00f3s, destacando entre todos los proyectos conjuntos el del Cementerio de Igualada. La asociaci\u00f3n concluy\u00f3 en 1989. En ese mismo a\u00f1o, Miralles estableci\u00f3 el estudio en el que ha continuado trabajando. Simult\u00e1neamente, desde 1981, ejerce como docente en diversas universidades de Europa y Estados Unidos. Entusiastamente se resaltan de sus trabajos una serie de capacidades y cualidades, como el di\u00e1logo que sus obras establecen con el suelo y el paisaje donde se construyen y su fuerte identidad pese a las evidentes influencias que se palpan en ella: la conjunci\u00f3n de numerosas tradiciones asimiladas hasta derivar en la formaci\u00f3n de un esp\u00edritu\/car\u00e1cter aut\u00f3ctono que obliga a afirmar que la arquitectura de Miralles s\u00f3lo podr\u00eda ser obra surgida del lugar al que el arquitecto pertenece.<\/em><\/p>\n<p>&nbsp;<\/p>\n<p style=\"text-align: center;\">Acceder al Post <a href=\"https:\/\/bit.ly\/38Rgbsx\" target=\"_blank\" rel=\"noopener noreferrer\">AQU\u00cd<\/a><\/p>\n<p>&nbsp;<\/p>\n<p><iframe loading=\"lazy\" title=\"\u00bfPara qu\u00e9 sirve un ARQUITECTO \/a? Por Jordi Ludevid\" width=\"911\" height=\"512\" src=\"https:\/\/www.youtube.com\/embed\/videoseries?list=PL9KCMehqFIajpdVXSncYV0J1ef6ms4zRx\" frameborder=\"0\" allow=\"accelerometer; autoplay; encrypted-media; gyroscope; picture-in-picture\" allowfullscreen><\/iframe><\/p>\n<hr \/>\n<h5><strong>Autores del post: <a href=\"https:\/\/stepienybarno.es\/blog\/2011\/09\/04\/las-fortalezas-del-arquitecto\/\">Stepienybarno<\/a> _ Agnieszka Stepien y Lorenzo Barn\u00f3<\/strong><\/h5>\n<h5>Y como siempre, si te gust\u00f3 el post, estar\u00eda genial que lo compartas en tus redes sociales.<\/h5>\n<h5>A su vez, si todav\u00eda no est\u00e1s suscrito a nuestra Newsletter, te animamos a hacerlo en la casilla que tienes al terminar este art\u00edculo.<\/h5>\n<p>&nbsp;<\/p>\n<blockquote><p>Suscribirte a nuestro blog y recibe gratis nuestra gu\u00eda: 10 Ideas para vender m\u00e1s si eres arquitecto<\/p>\n<p>Acceder: <a href=\"http:\/\/bit.ly\/2fkkTS7\">http:\/\/bit.ly\/2fkkTS7<\/a><\/p>\n<p>&nbsp;<\/p>\n<p>Si te interesa contactar con nosotros para que te ayudemos a mejorar tu visibilidad online y, en consecuencia, mejorar tus oportunidades laborales, no dudes en escribirnos a: <a href=\"mailto:blog@stepienybarno.es\">blog@stepienybarno.es<\/a><\/p><\/blockquote>\n<p>&nbsp;<\/p>\n<p><em><a href=\"https:\/\/twitter.com\/stepienybarno\">Stepienybarno en TWITTER<\/a><\/em><\/p>\n<p><em><a href=\"https:\/\/twitter.com\/stepienybarno\">@stepienybarno (+ de 16.000 seguidores)<\/a><\/em><\/p>\n<p><em><a href=\"https:\/\/twitter.com\/stepienybarno?lang=es\">https:\/\/twitter.com\/stepienybarno?lang=es<\/a><\/em><\/p>\n<p><em><a href=\"https:\/\/www.facebook.com\/pages\/BLOG-DE-STEPIENYBARNO\/78001079029\">Stepienybarno en FACEBOOK (+ de 24<u>.000 seguidores)<\/u><\/a><\/em><\/p>\n<p><em><a href=\"https:\/\/www.facebook.com\/StepienyBarnoArquitecturaeIdentidadDigital\/\">https:\/\/www.facebook.com\/StepienyBarnoArquitecturaeIdentidadDigital\/<\/a><\/em><\/p>\n<p><em>Acceder a nuestro GRUPO CERRADO DE FACEBOOK sobre Identidad Digital para Arquitectos:<\/em><\/p>\n<p><em><a href=\"https:\/\/www.facebook.com\/groups\/IdentidadDigitalParaArquitectos\/\">https:\/\/www.facebook.com\/groups\/IdentidadDigitalParaArquitectos\/<\/a><\/em><\/p>\n<p><em>Suscr\u00edbete a nuestro canal de YOUTUBE: <a href=\"http:\/\/bit.ly\/2A1UtAd\">http:\/\/bit.ly\/2A1UtAd<\/a><\/em><\/p>\n<p>&nbsp;<\/p>\n<p>* <a href=\"https:\/\/stepienybarno.es\/blog\/2011\/09\/04\/las-fortalezas-del-arquitecto\/\">Stepienybarno<\/a> est\u00e1 formado por Agnieszka Stepien y Lorenzo Barn\u00f3 y desde mayo del 2009 estamos en la red con la presente publicaci\u00f3n digital (Blog) de arquitectura.<\/p>\n<p>Nuestra actividad se sustenta en tres pilares b\u00e1sicos: la investigaci\u00f3n, la publicaci\u00f3n y la redacci\u00f3n de proyectos de arquitectura.<\/p>\n<p>A su vez, somos socios cofundadores de <a href=\"http:\/\/sinergiasostenible.org\/\">SINERGIA SOSTENIBLE<\/a> y directores del blog de FUNDACI\u00d3N ARQUIA.<\/p>\n","protected":false},"excerpt":{"rendered":"<p>Por: Fredy Massad Desde: La viga en el ojo<\/p>\n","protected":false},"author":2,"featured_media":43111,"comment_status":"open","ping_status":"closed","sticky":false,"template":"","format":"standard","meta":{"om_disable_all_campaigns":false,"_monsterinsights_skip_tracking":false,"_monsterinsights_sitenote_active":false,"_monsterinsights_sitenote_note":"","_monsterinsights_sitenote_category":0,"_uf_show_specific_survey":0,"_uf_disable_surveys":false,"episode_type":"audio","audio_file":"","cover_image":"","cover_image_id":"","duration":"","filesize":"","date_recorded":"","explicit":"","block":"","filesize_raw":"","footnotes":""},"categories":[244],"tags":[8275,6069,2445,1651,351,608],"series":[],"class_list":["post-43110","post","type-post","status-publish","format-standard","has-post-thumbnail","hentry","category-canal-de-arquitectura","tag-alberto-giacometti","tag-benedetta-tagliabue","tag-carme-pinos","tag-enric-miralles","tag-fredy-massad","tag-josep-quetglas"],"aioseo_notices":[],"episode_featured_image":"https:\/\/stepienybarno.es\/blog\/wp-content\/uploads\/2020\/07\/stepienybarno-La-arquitectura-como-sentimiento-postdeld\u00eda.jpg","episode_player_image":"https:\/\/stepienybarno.es\/blog\/wp-content\/uploads\/2020\/11\/stepienybarno-podcast-scaled.jpg","download_link":"","player_link":"","audio_player":false,"episode_data":{"playerMode":"dark","subscribeUrls":[],"rssFeedUrl":"https:\/\/stepienybarno.es\/blog\/feed\/podcast\/podcast-de-stepienybarno","embedCode":"<blockquote class=\"wp-embedded-content\" data-secret=\"mMK7IVR7ao\"><a href=\"https:\/\/stepienybarno.es\/blog\/2020\/07\/17\/la-arquitectura-como-sentimiento\/\">La arquitectura como sentimiento<\/a><\/blockquote><iframe sandbox=\"allow-scripts\" security=\"restricted\" src=\"https:\/\/stepienybarno.es\/blog\/2020\/07\/17\/la-arquitectura-como-sentimiento\/embed\/#?secret=mMK7IVR7ao\" width=\"500\" height=\"350\" title=\"\u00abLa arquitectura como sentimiento\u00bb \u2014 Blog de STEPIEN Y BARNO - publicaci\u00f3n digital sobre arquitectura\" data-secret=\"mMK7IVR7ao\" frameborder=\"0\" marginwidth=\"0\" marginheight=\"0\" scrolling=\"no\" class=\"wp-embedded-content\"><\/iframe><script type=\"text\/javascript\">\n\/* <![CDATA[ *\/\n\/*! This file is auto-generated *\/\n!function(d,l){\"use strict\";l.querySelector&&d.addEventListener&&\"undefined\"!=typeof URL&&(d.wp=d.wp||{},d.wp.receiveEmbedMessage||(d.wp.receiveEmbedMessage=function(e){var t=e.data;if((t||t.secret||t.message||t.value)&&!\/[^a-zA-Z0-9]\/.test(t.secret)){for(var s,r,n,a=l.querySelectorAll('iframe[data-secret=\"'+t.secret+'\"]'),o=l.querySelectorAll('blockquote[data-secret=\"'+t.secret+'\"]'),c=new RegExp(\"^https?:$\",\"i\"),i=0;i<o.length;i++)o[i].style.display=\"none\";for(i=0;i<a.length;i++)s=a[i],e.source===s.contentWindow&&(s.removeAttribute(\"style\"),\"height\"===t.message?(1e3<(r=parseInt(t.value,10))?r=1e3:~~r<200&&(r=200),s.height=r):\"link\"===t.message&&(r=new URL(s.getAttribute(\"src\")),n=new URL(t.value),c.test(n.protocol))&&n.host===r.host&&l.activeElement===s&&(d.top.location.href=t.value))}},d.addEventListener(\"message\",d.wp.receiveEmbedMessage,!1),l.addEventListener(\"DOMContentLoaded\",function(){for(var e,t,s=l.querySelectorAll(\"iframe.wp-embedded-content\"),r=0;r<s.length;r++)(t=(e=s[r]).getAttribute(\"data-secret\"))||(t=Math.random().toString(36).substring(2,12),e.src+=\"#?secret=\"+t,e.setAttribute(\"data-secret\",t)),e.contentWindow.postMessage({message:\"ready\",secret:t},\"*\")},!1)))}(window,document);\n\/* ]]> *\/\n<\/script>\n"},"_links":{"self":[{"href":"https:\/\/stepienybarno.es\/blog\/wp-json\/wp\/v2\/posts\/43110"}],"collection":[{"href":"https:\/\/stepienybarno.es\/blog\/wp-json\/wp\/v2\/posts"}],"about":[{"href":"https:\/\/stepienybarno.es\/blog\/wp-json\/wp\/v2\/types\/post"}],"author":[{"embeddable":true,"href":"https:\/\/stepienybarno.es\/blog\/wp-json\/wp\/v2\/users\/2"}],"replies":[{"embeddable":true,"href":"https:\/\/stepienybarno.es\/blog\/wp-json\/wp\/v2\/comments?post=43110"}],"version-history":[{"count":1,"href":"https:\/\/stepienybarno.es\/blog\/wp-json\/wp\/v2\/posts\/43110\/revisions"}],"predecessor-version":[{"id":43112,"href":"https:\/\/stepienybarno.es\/blog\/wp-json\/wp\/v2\/posts\/43110\/revisions\/43112"}],"wp:featuredmedia":[{"embeddable":true,"href":"https:\/\/stepienybarno.es\/blog\/wp-json\/wp\/v2\/media\/43111"}],"wp:attachment":[{"href":"https:\/\/stepienybarno.es\/blog\/wp-json\/wp\/v2\/media?parent=43110"}],"wp:term":[{"taxonomy":"category","embeddable":true,"href":"https:\/\/stepienybarno.es\/blog\/wp-json\/wp\/v2\/categories?post=43110"},{"taxonomy":"post_tag","embeddable":true,"href":"https:\/\/stepienybarno.es\/blog\/wp-json\/wp\/v2\/tags?post=43110"},{"taxonomy":"series","embeddable":true,"href":"https:\/\/stepienybarno.es\/blog\/wp-json\/wp\/v2\/series?post=43110"}],"curies":[{"name":"wp","href":"https:\/\/api.w.org\/{rel}","templated":true}]}}