{"id":43254,"date":"2020-07-27T08:01:07","date_gmt":"2020-07-27T06:01:07","guid":{"rendered":"https:\/\/www.stepienybarno.es\/blog\/?p=43254"},"modified":"2020-07-23T16:31:09","modified_gmt":"2020-07-23T14:31:09","slug":"marca-y-branding-para-arquitectos","status":"publish","type":"post","link":"https:\/\/stepienybarno.es\/blog\/2020\/07\/27\/marca-y-branding-para-arquitectos\/","title":{"rendered":"Marca y branding para arquitectos"},"content":{"rendered":"<p><img loading=\"lazy\" decoding=\"async\" class=\"aligncenter wp-image-43256 size-full\" src=\"https:\/\/stepienybarno.es\/blog\/wp-content\/uploads\/2020\/07\/stepienybarno-Marca-y-branding-para-arquitectos-postdeld\u00eda.jpg\" alt=\"\" width=\"1200\" height=\"740\" srcset=\"https:\/\/stepienybarno.es\/blog\/wp-content\/uploads\/2020\/07\/stepienybarno-Marca-y-branding-para-arquitectos-postdeld\u00eda.jpg 1200w, https:\/\/stepienybarno.es\/blog\/wp-content\/uploads\/2020\/07\/stepienybarno-Marca-y-branding-para-arquitectos-postdeld\u00eda-550x339.jpg 550w, https:\/\/stepienybarno.es\/blog\/wp-content\/uploads\/2020\/07\/stepienybarno-Marca-y-branding-para-arquitectos-postdeld\u00eda-1024x631.jpg 1024w, https:\/\/stepienybarno.es\/blog\/wp-content\/uploads\/2020\/07\/stepienybarno-Marca-y-branding-para-arquitectos-postdeld\u00eda-180x111.jpg 180w, https:\/\/stepienybarno.es\/blog\/wp-content\/uploads\/2020\/07\/stepienybarno-Marca-y-branding-para-arquitectos-postdeld\u00eda-316x195.jpg 316w\" sizes=\"(max-width: 1200px) 100vw, 1200px\" \/><\/p>\n<p>Hoy, os animamos a echar un ojo al post (trabajo de curso) que nos hacen llegar los alumnos Maialen Garate y Aitor Axpe de la \u00faltima edici\u00f3n de CURSO ONLINE de IDENTIDAD DIGITAL para arquitectos.<\/p>\n<p>\u00a1Esperamos que sea de vuestro inter\u00e9s!<\/p>\n<p><!--more--><\/p>\n<p style=\"text-align: center;\"><span style=\"color: #808080;\">&#8230;&#8230;&#8230;&#8230;&#8230;&#8230;&#8230;&#8230;&#8230;&#8230;&#8230;&#8230;&#8230;&#8230;&#8230;&#8230;&#8230;&#8230;&#8230;&#8230;&#8230;&#8230;.<\/span><\/p>\n<p>Estos \u00faltimos a\u00f1os, los cambios y avances tecnol\u00f3gicos han hecho que el modelo de negocio haya cambiado radicalmente. Hoy es el d\u00eda en el que pocos pueden avanzar, sin tener una presencia online.<br \/>\nEn el mundo 2.0 en el que vivimos, es importante darse a conocer y dejarse ver.<\/p>\n<p>Pero,<\/p>\n<blockquote><p>\u00bfC\u00f3mo queremos que nos conozcan? \u00bfC\u00f3mo queremos que nos busquen o encuentren cuando recurren a las redes?<\/p><\/blockquote>\n<p>En el curso de Identidad Digital hemos aprendido que tenemos que crear una <strong>MARCA<\/strong> mediante un correcto <strong>BRANDING.<\/strong><\/p>\n<p>LA MARCA la podemos definir como un nombre, s\u00edmbolo, dise\u00f1o o combinaci\u00f3n de ambas por los que el servicio y producto creados se diferencian de la competencia.<\/p>\n<p>El BRANDING corporativo ser\u00eda el proceso con el cual llegaremos a la construcci\u00f3n de esa marca. El objetivo de desenvolverse en el branding ser\u00eda visualizar y ampliar la marca en el mercado, posicion\u00e1ndolo como referente mediante una promesa clave.<\/p>\n<p>En uno de los ejercicios del curso de Identidad Digital, nos hac\u00edan ver p\u00e1ginas web y blogs de otros estudios de arquitectura que identific\u00e1bamos mediante una marca y estilo. Este ejercicio deriv\u00f3 en la b\u00fasqueda de nuestra propia marca y llegamos a la conclusi\u00f3n de que un estudio, con un m\u00ednimo recorrido, esconde esa Marca en s\u00ed mismo. Aun as\u00ed, hay que parar, reflexionar y dedicar tiempo a reforzarlo, consiguiendo de esa manera esa visualizaci\u00f3n con el que queremos hacernos conocer. Si es que no llegamos a ello, pasaremos desapercibidos por las redes.<\/p>\n<p>No es f\u00e1cil empezar a pensar en una MARCA de empresa sin antes hacer varias reflexiones.<\/p>\n<p>Para ello seg\u00fan hemos aprendido, es importante seguir el m\u00e9todo de las 3C:<\/p>\n<p><strong>CREER, CREAR Y CRECER.<\/strong><\/p>\n<p style=\"padding-left: 40px;\">&#8211; CREER en uno mismo, confiar en lo que hacemos y en nuestros potenciales.<br \/>\n&#8211; CREAR nuestro espacio de trabajo confortable<br \/>\n&#8211; CRECER resolviendo situaciones. Ver con qui\u00e9n queremos ir de la mano, sin dejar de pensar en sinergias.<\/p>\n<p>Los siguientes pasos junto a los anteriores ayudaran a conseguir esa marca de estudio que te interesa:<\/p>\n<p style=\"padding-left: 40px;\">1- <strong>MARCARSE UN OBJETIVO<\/strong>: Tenemos que ver en qu\u00e9 somos buenos. Hay que poner en juego, nuestras cualidades personales y grupales.<br \/>\n2- <strong>ANALISIS<\/strong> <strong>EXTERNO:<\/strong> Ver y analizar que hace la competencia. Difer\u00e9nciate.<br \/>\n3- <strong>\u00bfA QUI\u00c9N QUEREMOS LLEGAR?<\/strong> Las formas y modos ser\u00e1n diferentes seg\u00fan nuestro cliente. Es importante conocer la sensaci\u00f3n del usuario al consumir tu servicio.<br \/>\n4- <strong>IDENTIDAD DIGITAL:<\/strong> B\u00fascate a ti mismo en Google. Te ayudar\u00e1 a saber si es que es as\u00ed como quieres que te encuentren.<br \/>\n5- <strong>DEFINIR LAS REDES A UTILIZAR<\/strong>: Elige las redes en las que m\u00e1s comod@ te sientas. Ser\u00eda importante estar m\u00ednimamente en dos.<br \/>\n6- <strong>BLOG<\/strong>: Es la herramienta perfecta para una marca personal. Cuidado con el autobombo `malo\u00b4<\/p>\n<p>Tenemos que ser conscientes de la imagen que generamos, antes, durante y despu\u00e9s de cada servicio.<\/p>\n<p>Conseguir\u00e1s la recompensa en el momento en el que te vean como t\u00fa quieres que seas visto, como se dec\u00eda en el curso, `sin efectos especiales pero con afectos especiales\u00b4.<\/p>\n<p><strong>Sobre los autores:<\/strong><br \/>\n<strong>Maialen Garate y Aitor Axpe <\/strong>son arquitectos y conforman estudio<a href=\"https:\/\/oskol.eus\/\" target=\"_blank\" rel=\"noopener noreferrer\"> OSKOL Arkitektura Tailerra<\/a>.<\/p>\n<p>&nbsp;<\/p>\n<p style=\"text-align: center;\"><span style=\"color: #ff0000;\">Ya es posible inscribirse a los cursos a trav\u00e9s de la ESCUELA ON LINE DE SyB para arquitectos.<\/span><\/p>\n<p style=\"text-align: center;\"><span style=\"color: #ff0000;\">Un curso hecho por arquitectos, para arquitectos. Si te interesa mejorar tu visibilidad en la red y, por lo tanto, tus posibilidades laborales \u00a1este es tu curso!<\/span><\/p>\n<p style=\"text-align: center;\"><span style=\"color: #ff0000;\">&gt;<a style=\"color: #ff0000;\" href=\"https:\/\/cursos.stepienybarno.es\/\" target=\"_blank\" rel=\"noopener noreferrer\">Acceder<\/a>&lt;&lt;<\/span><\/p>\n<p>&nbsp;<\/p>\n<h5><strong>Tambi\u00e9n te gustar\u00e1:<\/strong><\/h5>\n<p>TESTIMONIOS DE LOS ALUMNOS DE LA SEXTA EDICI\u00d3N DEL CURSO DE IDENTIDAD DIGITAL.<\/p>\n<blockquote class=\"wp-embedded-content\" data-secret=\"ksLSJul2kQ\"><p><a href=\"https:\/\/stepienybarno.es\/blog\/2017\/05\/10\/testimonios-de-los-alumnos-de-la-sexta-edicion-del-curso-de-identidad-digital\/\">TESTIMONIOS DE LOS ALUMNOS DE LA SEXTA EDICI\u00d3N DEL CURSO DE IDENTIDAD DIGITAL.<\/a><\/p><\/blockquote>\n<p><iframe loading=\"lazy\" class=\"wp-embedded-content\" sandbox=\"allow-scripts\" security=\"restricted\" style=\"position: absolute; clip: rect(1px, 1px, 1px, 1px);\" title=\"\u00abTESTIMONIOS DE LOS ALUMNOS DE LA SEXTA EDICI\u00d3N DEL CURSO DE IDENTIDAD DIGITAL.\u00bb \u2014 Blog de STEPIEN Y BARNO - publicaci\u00f3n digital sobre arquitectura\" src=\"https:\/\/stepienybarno.es\/blog\/2017\/05\/10\/testimonios-de-los-alumnos-de-la-sexta-edicion-del-curso-de-identidad-digital\/embed\/#?secret=ksLSJul2kQ\" data-secret=\"ksLSJul2kQ\" width=\"600\" height=\"338\" frameborder=\"0\" marginwidth=\"0\" marginheight=\"0\" scrolling=\"no\"><\/iframe><\/p>\n<hr \/>\n<h5><strong>Autores del post: <a href=\"https:\/\/stepienybarno.es\/blog\/2011\/09\/04\/las-fortalezas-del-arquitecto\/\">Stepienybarno<\/a> _ Agnieszka Stepien y Lorenzo Barn\u00f3<\/strong><\/h5>\n<h5>Y como siempre, si te gust\u00f3 el post, estar\u00eda genial que lo compartas en tus redes sociales.<\/h5>\n<h5>A su vez, si todav\u00eda no est\u00e1s suscrito a nuestra Newsletter, te animamos a hacerlo en la casilla que tienes al terminar este art\u00edculo.<\/h5>\n<p>&nbsp;<\/p>\n<blockquote><p>Suscribirte a nuestro blog y recibe gratis nuestra gu\u00eda: 10 Ideas para vender m\u00e1s si eres arquitecto<\/p>\n<p>Acceder: <a href=\"http:\/\/bit.ly\/2fkkTS7\">http:\/\/bit.ly\/2fkkTS7<\/a><\/p>\n<p>&nbsp;<\/p>\n<p>Si te interesa contactar con nosotros para que te ayudemos a mejorar tu visibilidad online y, en consecuencia, mejorar tus oportunidades laborales, no dudes en escribirnos a: <a href=\"mailto:blog@stepienybarno.es\">blog@stepienybarno.es<\/a><\/p><\/blockquote>\n<p>&nbsp;<\/p>\n<p><em><a href=\"https:\/\/twitter.com\/stepienybarno\">Stepienybarno en TWITTER<\/a><\/em><\/p>\n<p><em><a href=\"https:\/\/twitter.com\/stepienybarno\">@stepienybarno (+ de 16.000 seguidores)<\/a><\/em><\/p>\n<p><em><a href=\"https:\/\/twitter.com\/stepienybarno?lang=es\">https:\/\/twitter.com\/stepienybarno?lang=es<\/a><\/em><\/p>\n<p><em><a href=\"https:\/\/www.facebook.com\/pages\/BLOG-DE-STEPIENYBARNO\/78001079029\">Stepienybarno en FACEBOOK (+ de 24<u>.000 seguidores)<\/u><\/a><\/em><\/p>\n<p><em><a href=\"https:\/\/www.facebook.com\/StepienyBarnoArquitecturaeIdentidadDigital\/\">https:\/\/www.facebook.com\/StepienyBarnoArquitecturaeIdentidadDigital\/<\/a><\/em><\/p>\n<p><em>Acceder a nuestro GRUPO CERRADO DE FACEBOOK sobre Identidad Digital para Arquitectos:<\/em><\/p>\n<p><em><a href=\"https:\/\/www.facebook.com\/groups\/IdentidadDigitalParaArquitectos\/\">https:\/\/www.facebook.com\/groups\/IdentidadDigitalParaArquitectos\/<\/a><\/em><\/p>\n<p><em>Suscr\u00edbete a nuestro canal de YOUTUBE: <a href=\"http:\/\/bit.ly\/2A1UtAd\">http:\/\/bit.ly\/2A1UtAd<\/a><\/em><\/p>\n<p>&nbsp;<\/p>\n<p>* <a href=\"https:\/\/stepienybarno.es\/blog\/2011\/09\/04\/las-fortalezas-del-arquitecto\/\">Stepienybarno<\/a> est\u00e1 formado por Agnieszka Stepien y Lorenzo Barn\u00f3 y desde mayo del 2009 estamos en la red con la presente publicaci\u00f3n digital (Blog) de arquitectura.<\/p>\n<p>Nuestra actividad se sustenta en tres pilares b\u00e1sicos: la investigaci\u00f3n, la publicaci\u00f3n y la redacci\u00f3n de proyectos de arquitectura.<\/p>\n<p>A su vez, somos socios cofundadores de <a href=\"http:\/\/sinergiasostenible.org\/\">SINERGIA SOSTENIBLE<\/a> y directores del blog de FUNDACI\u00d3N ARQUIA.<\/p>\n","protected":false},"excerpt":{"rendered":"<p>Hoy, os animamos a echar un ojo al post (trabajo<\/p>\n","protected":false},"author":2,"featured_media":43256,"comment_status":"open","ping_status":"closed","sticky":false,"template":"","format":"standard","meta":{"om_disable_all_campaigns":false,"_monsterinsights_skip_tracking":false,"_monsterinsights_sitenote_active":false,"_monsterinsights_sitenote_note":"","_monsterinsights_sitenote_category":0,"_uf_show_specific_survey":0,"_uf_disable_surveys":false,"episode_type":"audio","audio_file":"","cover_image":"","cover_image_id":"","duration":"","filesize":"","date_recorded":"","explicit":"","block":"","filesize_raw":"","footnotes":""},"categories":[244],"tags":[6425,8257,7040,3942,4292,1907,8258,2157,8259],"series":[],"class_list":["post-43254","post","type-post","status-publish","format-standard","has-post-thumbnail","hentry","category-canal-de-arquitectura","tag-identidaddigital","tag-aitor-axpe-oyanguren","tag-branding","tag-curso-de-identidad-digital","tag-curso-de-identidad-digital-para-arquitectos","tag-identidad-digital","tag-maialen-garate-elkoro","tag-marca","tag-oskol-arkitektura-tailerra"],"aioseo_notices":[],"episode_featured_image":"https:\/\/stepienybarno.es\/blog\/wp-content\/uploads\/2020\/07\/stepienybarno-Marca-y-branding-para-arquitectos-postdeld\u00eda.jpg","episode_player_image":"https:\/\/stepienybarno.es\/blog\/wp-content\/uploads\/2020\/11\/stepienybarno-podcast-scaled.jpg","download_link":"","player_link":"","audio_player":false,"episode_data":{"playerMode":"dark","subscribeUrls":[],"rssFeedUrl":"https:\/\/stepienybarno.es\/blog\/feed\/podcast\/podcast-de-stepienybarno","embedCode":"<blockquote class=\"wp-embedded-content\" data-secret=\"em4ji0fHb5\"><a href=\"https:\/\/stepienybarno.es\/blog\/2020\/07\/27\/marca-y-branding-para-arquitectos\/\">Marca y branding para arquitectos<\/a><\/blockquote><iframe sandbox=\"allow-scripts\" security=\"restricted\" src=\"https:\/\/stepienybarno.es\/blog\/2020\/07\/27\/marca-y-branding-para-arquitectos\/embed\/#?secret=em4ji0fHb5\" width=\"500\" height=\"350\" title=\"\u00abMarca y branding para arquitectos\u00bb \u2014 Blog de STEPIEN Y BARNO - publicaci\u00f3n digital sobre arquitectura\" data-secret=\"em4ji0fHb5\" frameborder=\"0\" marginwidth=\"0\" marginheight=\"0\" scrolling=\"no\" class=\"wp-embedded-content\"><\/iframe><script type=\"text\/javascript\">\n\/* <![CDATA[ *\/\n\/*! This file is auto-generated *\/\n!function(d,l){\"use strict\";l.querySelector&&d.addEventListener&&\"undefined\"!=typeof URL&&(d.wp=d.wp||{},d.wp.receiveEmbedMessage||(d.wp.receiveEmbedMessage=function(e){var t=e.data;if((t||t.secret||t.message||t.value)&&!\/[^a-zA-Z0-9]\/.test(t.secret)){for(var s,r,n,a=l.querySelectorAll('iframe[data-secret=\"'+t.secret+'\"]'),o=l.querySelectorAll('blockquote[data-secret=\"'+t.secret+'\"]'),c=new RegExp(\"^https?:$\",\"i\"),i=0;i<o.length;i++)o[i].style.display=\"none\";for(i=0;i<a.length;i++)s=a[i],e.source===s.contentWindow&&(s.removeAttribute(\"style\"),\"height\"===t.message?(1e3<(r=parseInt(t.value,10))?r=1e3:~~r<200&&(r=200),s.height=r):\"link\"===t.message&&(r=new URL(s.getAttribute(\"src\")),n=new URL(t.value),c.test(n.protocol))&&n.host===r.host&&l.activeElement===s&&(d.top.location.href=t.value))}},d.addEventListener(\"message\",d.wp.receiveEmbedMessage,!1),l.addEventListener(\"DOMContentLoaded\",function(){for(var e,t,s=l.querySelectorAll(\"iframe.wp-embedded-content\"),r=0;r<s.length;r++)(t=(e=s[r]).getAttribute(\"data-secret\"))||(t=Math.random().toString(36).substring(2,12),e.src+=\"#?secret=\"+t,e.setAttribute(\"data-secret\",t)),e.contentWindow.postMessage({message:\"ready\",secret:t},\"*\")},!1)))}(window,document);\n\/* ]]> *\/\n<\/script>\n"},"_links":{"self":[{"href":"https:\/\/stepienybarno.es\/blog\/wp-json\/wp\/v2\/posts\/43254"}],"collection":[{"href":"https:\/\/stepienybarno.es\/blog\/wp-json\/wp\/v2\/posts"}],"about":[{"href":"https:\/\/stepienybarno.es\/blog\/wp-json\/wp\/v2\/types\/post"}],"author":[{"embeddable":true,"href":"https:\/\/stepienybarno.es\/blog\/wp-json\/wp\/v2\/users\/2"}],"replies":[{"embeddable":true,"href":"https:\/\/stepienybarno.es\/blog\/wp-json\/wp\/v2\/comments?post=43254"}],"version-history":[{"count":2,"href":"https:\/\/stepienybarno.es\/blog\/wp-json\/wp\/v2\/posts\/43254\/revisions"}],"predecessor-version":[{"id":43258,"href":"https:\/\/stepienybarno.es\/blog\/wp-json\/wp\/v2\/posts\/43254\/revisions\/43258"}],"wp:featuredmedia":[{"embeddable":true,"href":"https:\/\/stepienybarno.es\/blog\/wp-json\/wp\/v2\/media\/43256"}],"wp:attachment":[{"href":"https:\/\/stepienybarno.es\/blog\/wp-json\/wp\/v2\/media?parent=43254"}],"wp:term":[{"taxonomy":"category","embeddable":true,"href":"https:\/\/stepienybarno.es\/blog\/wp-json\/wp\/v2\/categories?post=43254"},{"taxonomy":"post_tag","embeddable":true,"href":"https:\/\/stepienybarno.es\/blog\/wp-json\/wp\/v2\/tags?post=43254"},{"taxonomy":"series","embeddable":true,"href":"https:\/\/stepienybarno.es\/blog\/wp-json\/wp\/v2\/series?post=43254"}],"curies":[{"name":"wp","href":"https:\/\/api.w.org\/{rel}","templated":true}]}}