{"id":4329,"date":"2011-10-13T09:42:47","date_gmt":"2011-10-13T07:42:47","guid":{"rendered":"https:\/\/www.stepienybarno.es\/blog\/?p=4329"},"modified":"2011-10-13T09:42:47","modified_gmt":"2011-10-13T07:42:47","slug":"debajo-del-carton","status":"publish","type":"post","link":"https:\/\/stepienybarno.es\/blog\/2011\/10\/13\/debajo-del-carton\/","title":{"rendered":"DEBAJO DEL CART\u00d3N"},"content":{"rendered":"<p align=\"center\"><img loading=\"lazy\" decoding=\"async\" class=\"aligncenter size-full wp-image-4330\" title=\"debajodelcart\u00f3n.Antonio Heredia.El mundo.Stepienybarno\" src=\"https:\/\/stepienybarno.es\/blog\/wp-content\/uploads\/2011\/10\/debajodelcart\u00f3n.Antonio-Heredia.El-mundo.Stepienybarno.jpg\" alt=\"debajodelcart\u00f3n.Antonio Heredia.El mundo.Stepienybarno\" width=\"350\" height=\"233\" srcset=\"https:\/\/stepienybarno.es\/blog\/wp-content\/uploads\/2011\/10\/debajodelcart\u00f3n.Antonio-Heredia.El-mundo.Stepienybarno.jpg 350w, https:\/\/stepienybarno.es\/blog\/wp-content\/uploads\/2011\/10\/debajodelcart\u00f3n.Antonio-Heredia.El-mundo.Stepienybarno-180x120.jpg 180w, https:\/\/stepienybarno.es\/blog\/wp-content\/uploads\/2011\/10\/debajodelcart\u00f3n.Antonio-Heredia.El-mundo.Stepienybarno-316x210.jpg 316w\" sizes=\"(max-width: 350px) 100vw, 350px\" \/><\/p>\n<p>\u201cUno de los logros m\u00e1s hermosos de Sol es la recuperaci\u00f3n del espacio p\u00fablico.\u201d<\/p>\n<p>Por Elena Medel.<\/p>\n<p><!--more--><\/p>\n<p>\u201c(\u2026) Conseguir que no se limite al tr\u00e1nsito o al alquiler -como ocurre con la plaza de los cines Luna, Santo Domingo o Callao- para mercadillos y otros eventos, y devolverla a sus due\u00f1os leg\u00edtimos, los ciudadanos. Utilizar una plaza para la protesta, para la expresi\u00f3n, para la convivencia. Si eliminaron \u00e1rboles y sombras para aumentar su hostilidad, si no existen en ellas los bancos ni lugares para el descanso -y, si los hay, las temperaturas y la ausencia de recursos para amainarlas lo impiden- y expulsaron as\u00ed a quienes viven la ciudad -confundi\u00e9ndolos con mercaderes, mezclando el suelo de todos con el templo-, ahora toca reivindicarlo no como adorno, no como tr\u00e1nsito, sino como elemento fundamental en nuestro d\u00eda a d\u00eda. Frente al pasar de puntillas, el quedarse. En este sentido, el peque\u00f1o huerto en la fuente de Sol trasciende la met\u00e1fora: nos recuerda todo lo que, sin rechistar, perdimos.\u201d<\/p>\n<p><a href=\"http:\/\/www.elpais.com\/articulo\/madrid\/Debajo\/carton\/elpepuespmad\/20110528elpmad_5\/Tes?utm_source=twitterfeed&amp;utm_medium=twitter\">Acceder al art\u00edculo<\/a><\/p>\n<p align=\"left\">Y si te gust\u00f3 la entrada, quiz\u00e1s quieras echar un ojo a nuestro Canal de arquitectura. <a href=\"https:\/\/stepienybarno.es\/blog\/category\/canal-de-arquitectura\/\">Acceder.<\/a><\/p>\n<p>Art\u00edculo seleccionado por el Canal de arquitectura STEPIENYBARNO.<\/p>\n<p><a href=\"http:\/\/www.linkedin.com\/company\/stepienybarno\">STEPIENYBARNO EN LINKEDIN<\/a><\/p>\n<p><a href=\"http:\/\/twitter.com\/stepienybarno\/stepienybarno\">STEPIENYBARNO EN TWITTER<\/a><\/p>\n<p><a href=\"https:\/\/www.facebook.com\/StepienybarnoCANAL\">STEPIENYBARNO EN FACEBOOK<\/a><\/p>\n<p>*Stepienybarno est\u00e1 formado por Agnieszka Stepien y Lorenzo Barn\u00f3 y desde mayo del 2009 estamos en la red con\u00a0 la presente publicaci\u00f3n digital (Blog) de arquitectura.<\/p>\n<p>Nuestra actividad se sustenta en tres pilares b\u00e1sicos: la investigaci\u00f3n, la publicaci\u00f3n (comunicaci\u00f3n y difusi\u00f3n) y la redacci\u00f3n de proyectos de arquitectura.<\/p>\n<p>A su vez, somos socios cofundadores de <a href=\"http:\/\/sinergiasostenible.org\/\">SINERGIA SOSTENIBLE<\/a> y redactores de <a href=\"http:\/\/www.laciudadviva.org\/blogs\/?author=45\">LA CIUDAD VIVA<\/a>.<\/p>\n","protected":false},"excerpt":{"rendered":"<p>\u201cUno de los logros m\u00e1s hermosos de Sol es la recuperaci\u00f3n del espacio p\u00fablico.\u201d<\/p>\n<p>Por Elena Medel.<\/p>\n<p>V\u00eda_ Alfonso S\u00e1nchez<\/p>\n<p>\u201cUno de los logros m\u00e1s hermosos de Sol es la recuperaci\u00f3n del espacio p\u00fablico.\u201d<\/p>\n<p>Por Elena Medel.<\/p>\n","protected":false},"author":2,"featured_media":0,"comment_status":"open","ping_status":"closed","sticky":false,"template":"","format":"standard","meta":{"om_disable_all_campaigns":false,"_monsterinsights_skip_tracking":false,"_monsterinsights_sitenote_active":false,"_monsterinsights_sitenote_note":"","_monsterinsights_sitenote_category":0,"_uf_show_specific_survey":0,"_uf_disable_surveys":false,"episode_type":"","audio_file":"","cover_image":"","cover_image_id":"","duration":"","filesize":"","date_recorded":"","explicit":"","block":"","filesize_raw":"","footnotes":""},"categories":[34,244],"tags":[4274,1292,54],"series":[],"class_list":["post-4329","post","type-post","status-publish","format-standard","hentry","category-actualidad","category-canal-de-arquitectura","tag-actualidad","tag-elena-medel","tag-urbanismo-sostenible"],"aioseo_notices":[],"episode_featured_image":false,"episode_player_image":"https:\/\/stepienybarno.es\/blog\/wp-content\/uploads\/2020\/11\/stepienybarno-podcast-scaled.jpg","download_link":"","player_link":"","audio_player":false,"episode_data":{"playerMode":"dark","subscribeUrls":[],"rssFeedUrl":"https:\/\/stepienybarno.es\/blog\/feed\/podcast\/podcast-de-stepienybarno","embedCode":"<blockquote class=\"wp-embedded-content\" data-secret=\"l6dSTGl6mb\"><a href=\"https:\/\/stepienybarno.es\/blog\/2011\/10\/13\/debajo-del-carton\/\">DEBAJO DEL CART\u00d3N<\/a><\/blockquote><iframe sandbox=\"allow-scripts\" security=\"restricted\" src=\"https:\/\/stepienybarno.es\/blog\/2011\/10\/13\/debajo-del-carton\/embed\/#?secret=l6dSTGl6mb\" width=\"500\" height=\"350\" title=\"\u00abDEBAJO DEL CART\u00d3N\u00bb \u2014 Blog de STEPIEN Y BARNO - publicaci\u00f3n digital sobre arquitectura\" data-secret=\"l6dSTGl6mb\" frameborder=\"0\" marginwidth=\"0\" marginheight=\"0\" scrolling=\"no\" class=\"wp-embedded-content\"><\/iframe><script type=\"text\/javascript\">\n\/* <![CDATA[ *\/\n\/*! This file is auto-generated *\/\n!function(d,l){\"use strict\";l.querySelector&&d.addEventListener&&\"undefined\"!=typeof URL&&(d.wp=d.wp||{},d.wp.receiveEmbedMessage||(d.wp.receiveEmbedMessage=function(e){var t=e.data;if((t||t.secret||t.message||t.value)&&!\/[^a-zA-Z0-9]\/.test(t.secret)){for(var s,r,n,a=l.querySelectorAll('iframe[data-secret=\"'+t.secret+'\"]'),o=l.querySelectorAll('blockquote[data-secret=\"'+t.secret+'\"]'),c=new RegExp(\"^https?:$\",\"i\"),i=0;i<o.length;i++)o[i].style.display=\"none\";for(i=0;i<a.length;i++)s=a[i],e.source===s.contentWindow&&(s.removeAttribute(\"style\"),\"height\"===t.message?(1e3<(r=parseInt(t.value,10))?r=1e3:~~r<200&&(r=200),s.height=r):\"link\"===t.message&&(r=new URL(s.getAttribute(\"src\")),n=new URL(t.value),c.test(n.protocol))&&n.host===r.host&&l.activeElement===s&&(d.top.location.href=t.value))}},d.addEventListener(\"message\",d.wp.receiveEmbedMessage,!1),l.addEventListener(\"DOMContentLoaded\",function(){for(var e,t,s=l.querySelectorAll(\"iframe.wp-embedded-content\"),r=0;r<s.length;r++)(t=(e=s[r]).getAttribute(\"data-secret\"))||(t=Math.random().toString(36).substring(2,12),e.src+=\"#?secret=\"+t,e.setAttribute(\"data-secret\",t)),e.contentWindow.postMessage({message:\"ready\",secret:t},\"*\")},!1)))}(window,document);\n\/* ]]> *\/\n<\/script>\n"},"_links":{"self":[{"href":"https:\/\/stepienybarno.es\/blog\/wp-json\/wp\/v2\/posts\/4329"}],"collection":[{"href":"https:\/\/stepienybarno.es\/blog\/wp-json\/wp\/v2\/posts"}],"about":[{"href":"https:\/\/stepienybarno.es\/blog\/wp-json\/wp\/v2\/types\/post"}],"author":[{"embeddable":true,"href":"https:\/\/stepienybarno.es\/blog\/wp-json\/wp\/v2\/users\/2"}],"replies":[{"embeddable":true,"href":"https:\/\/stepienybarno.es\/blog\/wp-json\/wp\/v2\/comments?post=4329"}],"version-history":[{"count":1,"href":"https:\/\/stepienybarno.es\/blog\/wp-json\/wp\/v2\/posts\/4329\/revisions"}],"predecessor-version":[{"id":4331,"href":"https:\/\/stepienybarno.es\/blog\/wp-json\/wp\/v2\/posts\/4329\/revisions\/4331"}],"wp:attachment":[{"href":"https:\/\/stepienybarno.es\/blog\/wp-json\/wp\/v2\/media?parent=4329"}],"wp:term":[{"taxonomy":"category","embeddable":true,"href":"https:\/\/stepienybarno.es\/blog\/wp-json\/wp\/v2\/categories?post=4329"},{"taxonomy":"post_tag","embeddable":true,"href":"https:\/\/stepienybarno.es\/blog\/wp-json\/wp\/v2\/tags?post=4329"},{"taxonomy":"series","embeddable":true,"href":"https:\/\/stepienybarno.es\/blog\/wp-json\/wp\/v2\/series?post=4329"}],"curies":[{"name":"wp","href":"https:\/\/api.w.org\/{rel}","templated":true}]}}