{"id":43385,"date":"2020-07-30T08:02:42","date_gmt":"2020-07-30T06:02:42","guid":{"rendered":"https:\/\/www.stepienybarno.es\/blog\/?p=43385"},"modified":"2020-07-28T17:59:18","modified_gmt":"2020-07-28T15:59:18","slug":"los-arquitectos-proponen-una-recuperacion-economica-que-se-apoye-en-la-edificacion-para-promover-el-acceso-a-la-vivienda-asequible-y-la-renovacion-urbana","status":"publish","type":"post","link":"https:\/\/stepienybarno.es\/blog\/2020\/07\/30\/los-arquitectos-proponen-una-recuperacion-economica-que-se-apoye-en-la-edificacion-para-promover-el-acceso-a-la-vivienda-asequible-y-la-renovacion-urbana\/","title":{"rendered":"Los arquitectos proponen una recuperaci\u00f3n econ\u00f3mica que se apoye en la edificaci\u00f3n para promover el acceso a la vivienda asequible y la renovaci\u00f3n urbana"},"content":{"rendered":"<p><img loading=\"lazy\" decoding=\"async\" class=\"aligncenter wp-image-43395 size-full\" src=\"https:\/\/stepienybarno.es\/blog\/wp-content\/uploads\/2020\/07\/stepienybarno-Los-arquitectos-proponen-una-recuperaci\u00f3n-econ\u00f3mica-que-se-apoye-en-la-edificaci\u00f3n-para-promover-el-acceso-a-la-vivienda-asequible-y-la-renovaci\u00f3n-urbana-postdeld\u00eda.png\" alt=\"\" width=\"1200\" height=\"627\" srcset=\"https:\/\/stepienybarno.es\/blog\/wp-content\/uploads\/2020\/07\/stepienybarno-Los-arquitectos-proponen-una-recuperaci\u00f3n-econ\u00f3mica-que-se-apoye-en-la-edificaci\u00f3n-para-promover-el-acceso-a-la-vivienda-asequible-y-la-renovaci\u00f3n-urbana-postdeld\u00eda.png 1200w, https:\/\/stepienybarno.es\/blog\/wp-content\/uploads\/2020\/07\/stepienybarno-Los-arquitectos-proponen-una-recuperaci\u00f3n-econ\u00f3mica-que-se-apoye-en-la-edificaci\u00f3n-para-promover-el-acceso-a-la-vivienda-asequible-y-la-renovaci\u00f3n-urbana-postdeld\u00eda-550x287.png 550w, https:\/\/stepienybarno.es\/blog\/wp-content\/uploads\/2020\/07\/stepienybarno-Los-arquitectos-proponen-una-recuperaci\u00f3n-econ\u00f3mica-que-se-apoye-en-la-edificaci\u00f3n-para-promover-el-acceso-a-la-vivienda-asequible-y-la-renovaci\u00f3n-urbana-postdeld\u00eda-1024x535.png 1024w, https:\/\/stepienybarno.es\/blog\/wp-content\/uploads\/2020\/07\/stepienybarno-Los-arquitectos-proponen-una-recuperaci\u00f3n-econ\u00f3mica-que-se-apoye-en-la-edificaci\u00f3n-para-promover-el-acceso-a-la-vivienda-asequible-y-la-renovaci\u00f3n-urbana-postdeld\u00eda-180x94.png 180w, https:\/\/stepienybarno.es\/blog\/wp-content\/uploads\/2020\/07\/stepienybarno-Los-arquitectos-proponen-una-recuperaci\u00f3n-econ\u00f3mica-que-se-apoye-en-la-edificaci\u00f3n-para-promover-el-acceso-a-la-vivienda-asequible-y-la-renovaci\u00f3n-urbana-postdeld\u00eda-316x165.png 316w\" sizes=\"(max-width: 1200px) 100vw, 1200px\" \/><\/p>\n<h2><strong>Desde: <span class=\"css-acjdas\">CSCAE<\/span><br \/>\n<\/strong><\/h2>\n<p><!--more--><\/p>\n<p>Para contener la crisis econ\u00f3mica que vive el pa\u00eds derivada de la pandemia de coronavirus, el Consejo Superior de los Colegios de Arquitectos de Espa\u00f1a (CSCAE) plantea una recuperaci\u00f3n econ\u00f3mica que se apoye en la reactivaci\u00f3n del sector de la construcci\u00f3n y tenga como objetivos garantizar el derecho universal a la vivienda y la rehabilitaci\u00f3n y renovaci\u00f3n urbanas como bases del bienestar del conjunto de la ciudadan\u00eda.<\/p>\n<p>En un momento de p\u00e9rdida masiva de puestos de trabajo e incremento de la deuda p\u00fablica, el documento de propuestas elaborado por el CSCAE y remitido al Gobierno, a todos los partidos pol\u00edticos y a los principales agentes sociales destaca las elevadas tasas de empleabilidad asociadas al sector, con casi 1,3 millones de personas empleadas, y pone el foco en el potencial \u201cincomparable\u201d de la rehabilitaci\u00f3n y la renovaci\u00f3n urbana para crear nuevos empleos. Por cada mill\u00f3n de euros invertidos en rehabilitaci\u00f3n se generan 18 puestos de trabajo, por lo que -se apunta- el sector puede ser clave en la recuperaci\u00f3n del pa\u00eds. M\u00e1xime cuando, en materia de rehabilitaci\u00f3n, a Espa\u00f1a le queda un largo camino por recorrer.<\/p>\n<p>&nbsp;<\/p>\n<p style=\"text-align: center;\">Acceder al Post <a href=\"https:\/\/bit.ly\/3047XKQ\" target=\"_blank\" rel=\"noopener noreferrer\">AQU\u00cd<\/a><\/p>\n<p>&nbsp;<\/p>\n<p><iframe loading=\"lazy\" title=\"\u00bfPara qu\u00e9 sirve un ARQUITECTO \/a? Por Jordi Ludevid\" width=\"911\" height=\"512\" src=\"https:\/\/www.youtube.com\/embed\/videoseries?list=PL9KCMehqFIajpdVXSncYV0J1ef6ms4zRx\" frameborder=\"0\" allow=\"accelerometer; autoplay; encrypted-media; gyroscope; picture-in-picture\" allowfullscreen><\/iframe><\/p>\n<hr \/>\n<h5><strong>Autores del post: <a href=\"https:\/\/stepienybarno.es\/blog\/2011\/09\/04\/las-fortalezas-del-arquitecto\/\">Stepienybarno<\/a> _ Agnieszka Stepien y Lorenzo Barn\u00f3<\/strong><\/h5>\n<h5>Y como siempre, si te gust\u00f3 el post, estar\u00eda genial que lo compartas en tus redes sociales.<\/h5>\n<h5>A su vez, si todav\u00eda no est\u00e1s suscrito a nuestra Newsletter, te animamos a hacerlo en la casilla que tienes al terminar este art\u00edculo.<\/h5>\n<p>&nbsp;<\/p>\n<blockquote><p>Suscribirte a nuestro blog y recibe gratis nuestra gu\u00eda: 10 Ideas para vender m\u00e1s si eres arquitecto<\/p>\n<p>Acceder: <a href=\"http:\/\/bit.ly\/2fkkTS7\">http:\/\/bit.ly\/2fkkTS7<\/a><\/p>\n<p>&nbsp;<\/p>\n<p>Si te interesa contactar con nosotros para que te ayudemos a mejorar tu visibilidad online y, en consecuencia, mejorar tus oportunidades laborales, no dudes en escribirnos a: <a href=\"mailto:blog@stepienybarno.es\">blog@stepienybarno.es<\/a><\/p><\/blockquote>\n<p>&nbsp;<\/p>\n<p><em><a href=\"https:\/\/twitter.com\/stepienybarno\">Stepienybarno en TWITTER<\/a><\/em><\/p>\n<p><em><a href=\"https:\/\/twitter.com\/stepienybarno\">@stepienybarno (+ de 16.000 seguidores)<\/a><\/em><\/p>\n<p><em><a href=\"https:\/\/twitter.com\/stepienybarno?lang=es\">https:\/\/twitter.com\/stepienybarno?lang=es<\/a><\/em><\/p>\n<p><em><a href=\"https:\/\/www.facebook.com\/pages\/BLOG-DE-STEPIENYBARNO\/78001079029\">Stepienybarno en FACEBOOK (+ de 24<u>.000 seguidores)<\/u><\/a><\/em><\/p>\n<p><em><a href=\"https:\/\/www.facebook.com\/StepienyBarnoArquitecturaeIdentidadDigital\/\">https:\/\/www.facebook.com\/StepienyBarnoArquitecturaeIdentidadDigital\/<\/a><\/em><\/p>\n<p><em>Acceder a nuestro GRUPO CERRADO DE FACEBOOK sobre Identidad Digital para Arquitectos:<\/em><\/p>\n<p><em><a href=\"https:\/\/www.facebook.com\/groups\/IdentidadDigitalParaArquitectos\/\">https:\/\/www.facebook.com\/groups\/IdentidadDigitalParaArquitectos\/<\/a><\/em><\/p>\n<p><em>Suscr\u00edbete a nuestro canal de YOUTUBE: <a href=\"http:\/\/bit.ly\/2A1UtAd\">http:\/\/bit.ly\/2A1UtAd<\/a><\/em><\/p>\n<p>&nbsp;<\/p>\n<p>* <a href=\"https:\/\/stepienybarno.es\/blog\/2011\/09\/04\/las-fortalezas-del-arquitecto\/\">Stepienybarno<\/a> est\u00e1 formado por Agnieszka Stepien y Lorenzo Barn\u00f3 y desde mayo del 2009 estamos en la red con la presente publicaci\u00f3n digital (Blog) de arquitectura.<\/p>\n<p>Nuestra actividad se sustenta en tres pilares b\u00e1sicos: la investigaci\u00f3n, la publicaci\u00f3n y la redacci\u00f3n de proyectos de arquitectura.<\/p>\n<p>A su vez, somos socios cofundadores de <a href=\"http:\/\/sinergiasostenible.org\/\">SINERGIA SOSTENIBLE<\/a> y directores del blog de FUNDACI\u00d3N ARQUIA.<\/p>\n","protected":false},"excerpt":{"rendered":"<p>Desde: CSCAE<\/p>\n","protected":false},"author":2,"featured_media":43395,"comment_status":"open","ping_status":"closed","sticky":false,"template":"","format":"standard","meta":{"om_disable_all_campaigns":false,"_monsterinsights_skip_tracking":false,"_monsterinsights_sitenote_active":false,"_monsterinsights_sitenote_note":"","_monsterinsights_sitenote_category":0,"_uf_show_specific_survey":0,"_uf_disable_surveys":false,"episode_type":"audio","audio_file":"","cover_image":"","cover_image_id":"","duration":"","filesize":"","date_recorded":"","explicit":"","block":"","filesize_raw":"","footnotes":""},"categories":[244],"tags":[1985],"series":[],"class_list":["post-43385","post","type-post","status-publish","format-standard","has-post-thumbnail","hentry","category-canal-de-arquitectura","tag-cscae"],"aioseo_notices":[],"episode_featured_image":"https:\/\/stepienybarno.es\/blog\/wp-content\/uploads\/2020\/07\/stepienybarno-Los-arquitectos-proponen-una-recuperaci\u00f3n-econ\u00f3mica-que-se-apoye-en-la-edificaci\u00f3n-para-promover-el-acceso-a-la-vivienda-asequible-y-la-renovaci\u00f3n-urbana-postdeld\u00eda.png","episode_player_image":"https:\/\/stepienybarno.es\/blog\/wp-content\/uploads\/2020\/11\/stepienybarno-podcast-scaled.jpg","download_link":"","player_link":"","audio_player":false,"episode_data":{"playerMode":"dark","subscribeUrls":[],"rssFeedUrl":"https:\/\/stepienybarno.es\/blog\/feed\/podcast\/podcast-de-stepienybarno","embedCode":"<blockquote class=\"wp-embedded-content\" data-secret=\"nGxJGXTTUL\"><a href=\"https:\/\/stepienybarno.es\/blog\/2020\/07\/30\/los-arquitectos-proponen-una-recuperacion-economica-que-se-apoye-en-la-edificacion-para-promover-el-acceso-a-la-vivienda-asequible-y-la-renovacion-urbana\/\">Los arquitectos proponen una recuperaci\u00f3n econ\u00f3mica que se apoye en la edificaci\u00f3n para promover el acceso a la vivienda asequible y la renovaci\u00f3n urbana<\/a><\/blockquote><iframe sandbox=\"allow-scripts\" security=\"restricted\" src=\"https:\/\/stepienybarno.es\/blog\/2020\/07\/30\/los-arquitectos-proponen-una-recuperacion-economica-que-se-apoye-en-la-edificacion-para-promover-el-acceso-a-la-vivienda-asequible-y-la-renovacion-urbana\/embed\/#?secret=nGxJGXTTUL\" width=\"500\" height=\"350\" title=\"\u00abLos arquitectos proponen una recuperaci\u00f3n econ\u00f3mica que se apoye en la edificaci\u00f3n para promover el acceso a la vivienda asequible y la renovaci\u00f3n urbana\u00bb \u2014 Blog de STEPIEN Y BARNO - publicaci\u00f3n digital sobre arquitectura\" data-secret=\"nGxJGXTTUL\" frameborder=\"0\" marginwidth=\"0\" marginheight=\"0\" scrolling=\"no\" class=\"wp-embedded-content\"><\/iframe><script type=\"text\/javascript\">\n\/* <![CDATA[ *\/\n\/*! This file is auto-generated *\/\n!function(d,l){\"use strict\";l.querySelector&&d.addEventListener&&\"undefined\"!=typeof URL&&(d.wp=d.wp||{},d.wp.receiveEmbedMessage||(d.wp.receiveEmbedMessage=function(e){var t=e.data;if((t||t.secret||t.message||t.value)&&!\/[^a-zA-Z0-9]\/.test(t.secret)){for(var s,r,n,a=l.querySelectorAll('iframe[data-secret=\"'+t.secret+'\"]'),o=l.querySelectorAll('blockquote[data-secret=\"'+t.secret+'\"]'),c=new RegExp(\"^https?:$\",\"i\"),i=0;i<o.length;i++)o[i].style.display=\"none\";for(i=0;i<a.length;i++)s=a[i],e.source===s.contentWindow&&(s.removeAttribute(\"style\"),\"height\"===t.message?(1e3<(r=parseInt(t.value,10))?r=1e3:~~r<200&&(r=200),s.height=r):\"link\"===t.message&&(r=new URL(s.getAttribute(\"src\")),n=new URL(t.value),c.test(n.protocol))&&n.host===r.host&&l.activeElement===s&&(d.top.location.href=t.value))}},d.addEventListener(\"message\",d.wp.receiveEmbedMessage,!1),l.addEventListener(\"DOMContentLoaded\",function(){for(var e,t,s=l.querySelectorAll(\"iframe.wp-embedded-content\"),r=0;r<s.length;r++)(t=(e=s[r]).getAttribute(\"data-secret\"))||(t=Math.random().toString(36).substring(2,12),e.src+=\"#?secret=\"+t,e.setAttribute(\"data-secret\",t)),e.contentWindow.postMessage({message:\"ready\",secret:t},\"*\")},!1)))}(window,document);\n\/* ]]> *\/\n<\/script>\n"},"_links":{"self":[{"href":"https:\/\/stepienybarno.es\/blog\/wp-json\/wp\/v2\/posts\/43385"}],"collection":[{"href":"https:\/\/stepienybarno.es\/blog\/wp-json\/wp\/v2\/posts"}],"about":[{"href":"https:\/\/stepienybarno.es\/blog\/wp-json\/wp\/v2\/types\/post"}],"author":[{"embeddable":true,"href":"https:\/\/stepienybarno.es\/blog\/wp-json\/wp\/v2\/users\/2"}],"replies":[{"embeddable":true,"href":"https:\/\/stepienybarno.es\/blog\/wp-json\/wp\/v2\/comments?post=43385"}],"version-history":[{"count":1,"href":"https:\/\/stepienybarno.es\/blog\/wp-json\/wp\/v2\/posts\/43385\/revisions"}],"predecessor-version":[{"id":43396,"href":"https:\/\/stepienybarno.es\/blog\/wp-json\/wp\/v2\/posts\/43385\/revisions\/43396"}],"wp:featuredmedia":[{"embeddable":true,"href":"https:\/\/stepienybarno.es\/blog\/wp-json\/wp\/v2\/media\/43395"}],"wp:attachment":[{"href":"https:\/\/stepienybarno.es\/blog\/wp-json\/wp\/v2\/media?parent=43385"}],"wp:term":[{"taxonomy":"category","embeddable":true,"href":"https:\/\/stepienybarno.es\/blog\/wp-json\/wp\/v2\/categories?post=43385"},{"taxonomy":"post_tag","embeddable":true,"href":"https:\/\/stepienybarno.es\/blog\/wp-json\/wp\/v2\/tags?post=43385"},{"taxonomy":"series","embeddable":true,"href":"https:\/\/stepienybarno.es\/blog\/wp-json\/wp\/v2\/series?post=43385"}],"curies":[{"name":"wp","href":"https:\/\/api.w.org\/{rel}","templated":true}]}}