{"id":43787,"date":"2020-09-03T08:01:24","date_gmt":"2020-09-03T06:01:24","guid":{"rendered":"https:\/\/www.stepienybarno.es\/blog\/?p=43787"},"modified":"2020-09-01T18:17:55","modified_gmt":"2020-09-01T16:17:55","slug":"ls-arquitects-y-la-venta","status":"publish","type":"post","link":"https:\/\/stepienybarno.es\/blog\/2020\/09\/03\/ls-arquitects-y-la-venta\/","title":{"rendered":"L@s arquitect@s y la venta"},"content":{"rendered":"<p><img loading=\"lazy\" decoding=\"async\" src=\"https:\/\/stepienybarno.es\/blog\/wp-content\/uploads\/2020\/09\/stepienybarno-L@s-arquitect@s-y-la-venta-postdeldia.jpg\" alt=\"\" width=\"750\" height=\"500\" class=\"aligncenter size-full wp-image-43788\" srcset=\"https:\/\/stepienybarno.es\/blog\/wp-content\/uploads\/2020\/09\/stepienybarno-L@s-arquitect@s-y-la-venta-postdeldia.jpg 750w, https:\/\/stepienybarno.es\/blog\/wp-content\/uploads\/2020\/09\/stepienybarno-L@s-arquitect@s-y-la-venta-postdeldia-550x367.jpg 550w, https:\/\/stepienybarno.es\/blog\/wp-content\/uploads\/2020\/09\/stepienybarno-L@s-arquitect@s-y-la-venta-postdeldia-180x120.jpg 180w, https:\/\/stepienybarno.es\/blog\/wp-content\/uploads\/2020\/09\/stepienybarno-L@s-arquitect@s-y-la-venta-postdeldia-316x211.jpg 316w\" sizes=\"(max-width: 750px) 100vw, 750px\" \/><\/p>\n<p>Hoy, os animamos a echar un ojo al post (trabajo de curso) que nos hacen llegar la alumna Maialen Garate de la \u00faltima edici\u00f3n de CURSO ONLINE de IDENTIDAD DIGITAL para arquitectos.<\/p>\n<p>\u00a1Esperamos que sea de vuestro inter\u00e9s!<\/p>\n<p><!--more--><\/p>\n<p style=\"text-align: center;\"><span style=\"color: #808080;\">&#8230;&#8230;&#8230;&#8230;&#8230;&#8230;&#8230;&#8230;&#8230;&#8230;&#8230;&#8230;&#8230;&#8230;&#8230;&#8230;&#8230;&#8230;&#8230;&#8230;&#8230;&#8230;.<\/span><\/p>\n<p>Otra cosa m\u00e1s que no ense\u00f1an en la carrera, dir\u00e1 m\u00e1s de uno. \u00a1Y es as\u00ed! Si es que se nos hace dif\u00edcil la gesti\u00f3n de un estudio de arquitectura en sus primeros a\u00f1os, qu\u00e9 decir de las ventas.<br \/>\nEl dominio de las t\u00e9cnicas de venta es algo que pocos profesionales del sector han logrado, y es imprescindible si es que queremos que el negocio siga adelante. En el curso, se ha reflexionado m\u00e1s de una vez que, tenemos que entender que un estudio de arquitectura es una empresa desde el momento en el que vivimos o queremos vivir de ello. Todos somos vendedores de alguna manera, del servicio que prestamos. <\/p>\n<p>El vender es un acto de incentivar a comprar al cliente, un producto o servicio benefici\u00e1ndolo. Para ello, hay que generar situaciones para que cuando una persona tiene una necesidad, acuda a ti. No vendas, ayuda a comprar.<\/p>\n<p>Una vez que acuden, \u00bfC\u00f3mo los complacemos?<\/p>\n<p>L@s arquitect@s se han ganado fama de ser soberbios durante a\u00f1os. Los egos de artista, han jugado malas pasadas. Tenemos que bajar a la realidad, y dar ese servicio que tanto se necesita de una manera m\u00e1s cercana y realista. Tenemos que acercarnos al cliente, dejarnos de discursos que solamente otros arquitectos entender\u00edan y explicar de forma habilidosa, ideas claras, que acompa\u00f1en a esos dibujos que tanto tiempo dedicamos.<\/p>\n<p>Otro punto a tratar es que un estudio de arquitectura, normalmente no hace venta de un producto acabado. El arquitecto vende una idea o proyecto, que en mayor\u00eda terminar\u00e1 siendo un edificio o construcci\u00f3n. El proceso participativo o las reuniones de modificaciones de un proyecto toman luego y mayor importancia y es primordial prepararlos adecuadamente. El cliente y el arquitecto se retroalimentar\u00e1n en estas reuniones siempre que se realicen de una manera adecuada.<\/p>\n<p>En el curso de Identidad Digital hemos aprendido que las claves para una venta correcta son:<\/p>\n<p>&#8211; Creer en aquello que vendes: Transmite confianza. Si te ayudas de una historia para explicar el proyecto mucho mejor.<br \/>\n&#8211; Especial\u00edzate: Destacar\u00e1s.  Haz que en tu sector se te vea como un experto.<br \/>\n&#8211; Desglosa el servicio: De esta manera se pondr\u00e1n en valor diferentes acciones, que muchas veces pasan desapercibidos.<br \/>\n&#8211; Ofrece paquetes de m\u00faltiples servicios y productifica el servicio: El sector de la arquitectura conlleva distintos tr\u00e1mites en los que puedes ofrecer ayuda al cliente mediante paquetes de servicios.<br \/>\n&#8211; Hacer un seguimiento de los clientes: La mejor publicidad es la de un cliente que ha quedado satisfecho con el trabajo realizado.<br \/>\n&#8211; Combinar estrategias de venta offline  y online: En el mundo 2.0. que vivimos hoy en d\u00eda, es casi obligatorio estar en las redes.<\/p>\n<p>Han cambiado las maneras de vender, y no podemos quedar anticuados. Tenemos que utilizar los m\u00e9todos y tecnolog\u00edas a nuestro alcance, poner precio a nuestro trabajo y lo m\u00e1s importante, empezar a dise\u00f1ar para el consumidor, no para otros arquitectos.<\/p>\n<p><strong>Sobre los autores:<\/strong><br \/>\n<strong>Maialen Garate<\/strong>es arquitecta y conforma parte del estudio<a href=\"https:\/\/oskol.eus\/\" target=\"_blank\" rel=\"noopener noreferrer\"> OSKOL Arkitektura Tailerra<\/a>, es un peque\u00f1o estudio localizado en Aretxabaleta (Gipuzkoa). Especialistas en proyectar espacios educativos saludables para nuevas pedagog\u00edas, realizamos estos proyectos mediante procesos o talleres participativos donde intervienen las comunidades educativas al completo. <\/p>\n<p>&nbsp;<\/p>\n<p style=\"text-align: center;\"><span style=\"color: #ff0000;\">Ya es posible inscribirse a los cursos a trav\u00e9s de la ESCUELA ON LINE DE SyB para arquitectos.<\/span><\/p>\n<p style=\"text-align: center;\"><span style=\"color: #ff0000;\">Un curso hecho por arquitectos, para arquitectos. Si te interesa mejorar tu visibilidad en la red y, por lo tanto, tus posibilidades laborales \u00a1este es tu curso!<\/span><\/p>\n<p style=\"text-align: center;\"><span style=\"color: #ff0000;\">&gt;<a style=\"color: #ff0000;\" href=\"https:\/\/cursos.stepienybarno.es\/\" target=\"_blank\" rel=\"noopener noreferrer\">Acceder<\/a>&lt;&lt;<\/span><\/p>\n<p>&nbsp;<\/p>\n<h5><strong>Tambi\u00e9n te gustar\u00e1:<\/strong><\/h5>\n<p>TESTIMONIOS DE LOS ALUMNOS DE LA SEXTA EDICI\u00d3N DEL CURSO DE IDENTIDAD DIGITAL.<\/p>\n<blockquote class=\"wp-embedded-content\" data-secret=\"GUvcXImLrN\"><p><a href=\"https:\/\/stepienybarno.es\/blog\/2017\/05\/10\/testimonios-de-los-alumnos-de-la-sexta-edicion-del-curso-de-identidad-digital\/\">TESTIMONIOS DE LOS ALUMNOS DE LA SEXTA EDICI\u00d3N DEL CURSO DE IDENTIDAD DIGITAL.<\/a><\/p><\/blockquote>\n<p><iframe loading=\"lazy\" class=\"wp-embedded-content\" sandbox=\"allow-scripts\" security=\"restricted\" style=\"position: absolute; clip: rect(1px, 1px, 1px, 1px);\" title=\"\u00abTESTIMONIOS DE LOS ALUMNOS DE LA SEXTA EDICI\u00d3N DEL CURSO DE IDENTIDAD DIGITAL.\u00bb \u2014 Blog de STEPIEN Y BARNO - publicaci\u00f3n digital sobre arquitectura\" src=\"https:\/\/stepienybarno.es\/blog\/2017\/05\/10\/testimonios-de-los-alumnos-de-la-sexta-edicion-del-curso-de-identidad-digital\/embed\/#?secret=GUvcXImLrN\" data-secret=\"GUvcXImLrN\" width=\"600\" height=\"338\" frameborder=\"0\" marginwidth=\"0\" marginheight=\"0\" scrolling=\"no\"><\/iframe><\/p>\n<hr \/>\n<h5><strong>Autores del post: <a href=\"https:\/\/stepienybarno.es\/blog\/2011\/09\/04\/las-fortalezas-del-arquitecto\/\">Stepienybarno<\/a> _ Agnieszka Stepien y Lorenzo Barn\u00f3<\/strong><\/h5>\n<h5>Y como siempre, si te gust\u00f3 el post, estar\u00eda genial que lo compartas en tus redes sociales.<\/h5>\n<h5>A su vez, si todav\u00eda no est\u00e1s suscrito a nuestra Newsletter, te animamos a hacerlo en la casilla que tienes al terminar este art\u00edculo.<\/h5>\n<p>&nbsp;<\/p>\n<blockquote><p>Suscribirte a nuestro blog y recibe gratis nuestra gu\u00eda: 10 Ideas para vender m\u00e1s si eres arquitecto<\/p>\n<p>Acceder: <a href=\"http:\/\/bit.ly\/2fkkTS7\">http:\/\/bit.ly\/2fkkTS7<\/a><\/p>\n<p>&nbsp;<\/p>\n<p>Si te interesa contactar con nosotros para que te ayudemos a mejorar tu visibilidad online y, en consecuencia, mejorar tus oportunidades laborales, no dudes en escribirnos a: <a href=\"mailto:blog@stepienybarno.es\">blog@stepienybarno.es<\/a><\/p><\/blockquote>\n<p>&nbsp;<\/p>\n<p><em><a href=\"https:\/\/twitter.com\/stepienybarno\">Stepienybarno en TWITTER<\/a><\/em><\/p>\n<p><em><a href=\"https:\/\/twitter.com\/stepienybarno\">@stepienybarno (+ de 16.000 seguidores)<\/a><\/em><\/p>\n<p><em><a href=\"https:\/\/twitter.com\/stepienybarno?lang=es\">https:\/\/twitter.com\/stepienybarno?lang=es<\/a><\/em><\/p>\n<p><em><a href=\"https:\/\/www.facebook.com\/pages\/BLOG-DE-STEPIENYBARNO\/78001079029\">Stepienybarno en FACEBOOK (+ de 24<u>.000 seguidores)<\/u><\/a><\/em><\/p>\n<p><em><a href=\"https:\/\/www.facebook.com\/StepienyBarnoArquitecturaeIdentidadDigital\/\">https:\/\/www.facebook.com\/StepienyBarnoArquitecturaeIdentidadDigital\/<\/a><\/em><\/p>\n<p><em>Acceder a nuestro GRUPO CERRADO DE FACEBOOK sobre Identidad Digital para Arquitectos:<\/em><\/p>\n<p><em><a href=\"https:\/\/www.facebook.com\/groups\/IdentidadDigitalParaArquitectos\/\">https:\/\/www.facebook.com\/groups\/IdentidadDigitalParaArquitectos\/<\/a><\/em><\/p>\n<p><em>Suscr\u00edbete a nuestro canal de YOUTUBE: <a href=\"http:\/\/bit.ly\/2A1UtAd\">http:\/\/bit.ly\/2A1UtAd<\/a><\/em><\/p>\n<p>&nbsp;<\/p>\n<p>* <a href=\"https:\/\/stepienybarno.es\/blog\/2011\/09\/04\/las-fortalezas-del-arquitecto\/\">Stepienybarno<\/a> est\u00e1 formado por Agnieszka Stepien y Lorenzo Barn\u00f3 y desde mayo del 2009 estamos en la red con la presente publicaci\u00f3n digital (Blog) de arquitectura.<\/p>\n<p>Nuestra actividad se sustenta en tres pilares b\u00e1sicos: la investigaci\u00f3n, la publicaci\u00f3n y la redacci\u00f3n de proyectos de arquitectura.<\/p>\n<p>A su vez, somos socios cofundadores de <a href=\"http:\/\/sinergiasostenible.org\/\">SINERGIA SOSTENIBLE<\/a> y directores del blog de FUNDACI\u00d3N ARQUIA.<\/p>\n","protected":false},"excerpt":{"rendered":"<p>Hoy, os animamos a echar un ojo al post (trabajo<\/p>\n","protected":false},"author":2,"featured_media":43788,"comment_status":"open","ping_status":"closed","sticky":false,"template":"","format":"standard","meta":{"om_disable_all_campaigns":false,"_monsterinsights_skip_tracking":false,"_monsterinsights_sitenote_active":false,"_monsterinsights_sitenote_note":"","_monsterinsights_sitenote_category":0,"_uf_show_specific_survey":0,"_uf_disable_surveys":false,"episode_type":"audio","audio_file":"","cover_image":"","cover_image_id":"","duration":"","filesize":"","date_recorded":"","explicit":"","block":"","filesize_raw":"","footnotes":""},"categories":[244],"tags":[6425,8257,7040,3942,4292,1907,8258,2157,8259],"series":[],"class_list":["post-43787","post","type-post","status-publish","format-standard","has-post-thumbnail","hentry","category-canal-de-arquitectura","tag-identidaddigital","tag-aitor-axpe-oyanguren","tag-branding","tag-curso-de-identidad-digital","tag-curso-de-identidad-digital-para-arquitectos","tag-identidad-digital","tag-maialen-garate-elkoro","tag-marca","tag-oskol-arkitektura-tailerra"],"aioseo_notices":[],"episode_featured_image":"https:\/\/stepienybarno.es\/blog\/wp-content\/uploads\/2020\/09\/stepienybarno-L@s-arquitect@s-y-la-venta-postdeldia.jpg","episode_player_image":"https:\/\/stepienybarno.es\/blog\/wp-content\/uploads\/2020\/11\/stepienybarno-podcast-scaled.jpg","download_link":"","player_link":"","audio_player":false,"episode_data":{"playerMode":"dark","subscribeUrls":[],"rssFeedUrl":"https:\/\/stepienybarno.es\/blog\/feed\/podcast\/podcast-de-stepienybarno","embedCode":"<blockquote class=\"wp-embedded-content\" data-secret=\"dASNKIEw1y\"><a href=\"https:\/\/stepienybarno.es\/blog\/2020\/09\/03\/ls-arquitects-y-la-venta\/\">L@s arquitect@s y la venta<\/a><\/blockquote><iframe sandbox=\"allow-scripts\" security=\"restricted\" src=\"https:\/\/stepienybarno.es\/blog\/2020\/09\/03\/ls-arquitects-y-la-venta\/embed\/#?secret=dASNKIEw1y\" width=\"500\" height=\"350\" title=\"\u00abL@s arquitect@s y la venta\u00bb \u2014 Blog de STEPIEN Y BARNO - publicaci\u00f3n digital sobre arquitectura\" data-secret=\"dASNKIEw1y\" frameborder=\"0\" marginwidth=\"0\" marginheight=\"0\" scrolling=\"no\" class=\"wp-embedded-content\"><\/iframe><script type=\"text\/javascript\">\n\/* <![CDATA[ *\/\n\/*! This file is auto-generated *\/\n!function(d,l){\"use strict\";l.querySelector&&d.addEventListener&&\"undefined\"!=typeof URL&&(d.wp=d.wp||{},d.wp.receiveEmbedMessage||(d.wp.receiveEmbedMessage=function(e){var t=e.data;if((t||t.secret||t.message||t.value)&&!\/[^a-zA-Z0-9]\/.test(t.secret)){for(var s,r,n,a=l.querySelectorAll('iframe[data-secret=\"'+t.secret+'\"]'),o=l.querySelectorAll('blockquote[data-secret=\"'+t.secret+'\"]'),c=new RegExp(\"^https?:$\",\"i\"),i=0;i<o.length;i++)o[i].style.display=\"none\";for(i=0;i<a.length;i++)s=a[i],e.source===s.contentWindow&&(s.removeAttribute(\"style\"),\"height\"===t.message?(1e3<(r=parseInt(t.value,10))?r=1e3:~~r<200&&(r=200),s.height=r):\"link\"===t.message&&(r=new URL(s.getAttribute(\"src\")),n=new URL(t.value),c.test(n.protocol))&&n.host===r.host&&l.activeElement===s&&(d.top.location.href=t.value))}},d.addEventListener(\"message\",d.wp.receiveEmbedMessage,!1),l.addEventListener(\"DOMContentLoaded\",function(){for(var e,t,s=l.querySelectorAll(\"iframe.wp-embedded-content\"),r=0;r<s.length;r++)(t=(e=s[r]).getAttribute(\"data-secret\"))||(t=Math.random().toString(36).substring(2,12),e.src+=\"#?secret=\"+t,e.setAttribute(\"data-secret\",t)),e.contentWindow.postMessage({message:\"ready\",secret:t},\"*\")},!1)))}(window,document);\n\/* ]]> *\/\n<\/script>\n"},"_links":{"self":[{"href":"https:\/\/stepienybarno.es\/blog\/wp-json\/wp\/v2\/posts\/43787"}],"collection":[{"href":"https:\/\/stepienybarno.es\/blog\/wp-json\/wp\/v2\/posts"}],"about":[{"href":"https:\/\/stepienybarno.es\/blog\/wp-json\/wp\/v2\/types\/post"}],"author":[{"embeddable":true,"href":"https:\/\/stepienybarno.es\/blog\/wp-json\/wp\/v2\/users\/2"}],"replies":[{"embeddable":true,"href":"https:\/\/stepienybarno.es\/blog\/wp-json\/wp\/v2\/comments?post=43787"}],"version-history":[{"count":3,"href":"https:\/\/stepienybarno.es\/blog\/wp-json\/wp\/v2\/posts\/43787\/revisions"}],"predecessor-version":[{"id":43791,"href":"https:\/\/stepienybarno.es\/blog\/wp-json\/wp\/v2\/posts\/43787\/revisions\/43791"}],"wp:featuredmedia":[{"embeddable":true,"href":"https:\/\/stepienybarno.es\/blog\/wp-json\/wp\/v2\/media\/43788"}],"wp:attachment":[{"href":"https:\/\/stepienybarno.es\/blog\/wp-json\/wp\/v2\/media?parent=43787"}],"wp:term":[{"taxonomy":"category","embeddable":true,"href":"https:\/\/stepienybarno.es\/blog\/wp-json\/wp\/v2\/categories?post=43787"},{"taxonomy":"post_tag","embeddable":true,"href":"https:\/\/stepienybarno.es\/blog\/wp-json\/wp\/v2\/tags?post=43787"},{"taxonomy":"series","embeddable":true,"href":"https:\/\/stepienybarno.es\/blog\/wp-json\/wp\/v2\/series?post=43787"}],"curies":[{"name":"wp","href":"https:\/\/api.w.org\/{rel}","templated":true}]}}