{"id":43885,"date":"2020-09-08T10:41:40","date_gmt":"2020-09-08T08:41:40","guid":{"rendered":"https:\/\/www.stepienybarno.es\/blog\/?p=43885"},"modified":"2020-09-18T12:39:02","modified_gmt":"2020-09-18T10:39:02","slug":"episodio-44-arquicafe-con-almudena-lopez-de-rego","status":"publish","type":"post","link":"https:\/\/stepienybarno.es\/blog\/2020\/09\/08\/episodio-44-arquicafe-con-almudena-lopez-de-rego\/","title":{"rendered":"Episodio 44: Arquicaf\u00e9 con Almudena L\u00f3pez de Rego"},"content":{"rendered":"<p><img loading=\"lazy\" decoding=\"async\" class=\"aligncenter wp-image-43887 size-large\" src=\"https:\/\/stepienybarno.es\/blog\/wp-content\/uploads\/2020\/09\/miniatura-ALMUDENA-1024x576.jpg\" alt=\"\" width=\"911\" height=\"512\" srcset=\"https:\/\/stepienybarno.es\/blog\/wp-content\/uploads\/2020\/09\/miniatura-ALMUDENA-1024x576.jpg 1024w, https:\/\/stepienybarno.es\/blog\/wp-content\/uploads\/2020\/09\/miniatura-ALMUDENA-550x309.jpg 550w, https:\/\/stepienybarno.es\/blog\/wp-content\/uploads\/2020\/09\/miniatura-ALMUDENA-180x101.jpg 180w, https:\/\/stepienybarno.es\/blog\/wp-content\/uploads\/2020\/09\/miniatura-ALMUDENA-1536x864.jpg 1536w, https:\/\/stepienybarno.es\/blog\/wp-content\/uploads\/2020\/09\/miniatura-ALMUDENA-2048x1152.jpg 2048w, https:\/\/stepienybarno.es\/blog\/wp-content\/uploads\/2020\/09\/miniatura-ALMUDENA-316x178.jpg 316w\" sizes=\"(max-width: 911px) 100vw, 911px\" \/><\/p>\n<p>Hoy nos tomamos un <strong>Arquicaf\u00e9<\/strong> con <span style=\"color: #0000ff;\"><strong><a style=\"color: #0000ff;\" href=\"https:\/\/disenarparalavida.com\/\">Almudena L\u00f3pez de Rego<\/a>.<\/strong><\/span><\/p>\n<p>Almudena es un apasionada de las\u00a0 <strong>innovaciones tecnol\u00f3gicas<\/strong>, los <strong>nuevos sistemas de construcci\u00f3n<\/strong> y la <strong>sostenibilidad<\/strong> . Esperamos que disfrut\u00e9is la entrevista tanto como nosotros. Gracias Almudena.<!--more--><\/p>\n<p><span style=\"color: #0000ff;\"><a style=\"color: #0000ff;\" href=\"https:\/\/disenarparalavida.com\/autores\/almudena\/\"><strong>Almudena L\u00f3pez de Rego G\u00aa \u2013 Arquimb\u00e1u<\/strong>\u00a0<\/a> <\/span>es Arquitecto por la Universidad de Alcal\u00e1. Con una experiencia variada compuesta por a\u00f1os en investigaci\u00f3n, otros en el estudio familiar, un par como Project Manager en obra y algunos colaborando con fabricantes del sector de la edificaci\u00f3n. Especializada en el dise\u00f1o y an\u00e1lisis de espacios interiores saludables y sostenibles. Fan del dise\u00f1o, la moda, el arte y los viajes. Responsable de la Oficina T\u00e9cnica y las Relaciones Institucionales de <span style=\"color: #0000ff;\"><a style=\"color: #0000ff;\" href=\"https:\/\/www.velux.es\/\"><strong>VELUX Espa\u00f1a<\/strong><\/a>.<\/span> Doctorando de la UPM estudiando la iluminaci\u00f3n natural y su valor en los espacios y el bienestar de los habitantes de edificios.<\/p>\n<p>Es directora de la nueva revista <span style=\"color: #0000ff;\"><a style=\"color: #0000ff;\" href=\"https:\/\/disenarparalavida.com\/\">\u00ab<\/a><\/span><strong><span style=\"color: #0000ff;\">Dise\u00f1ar para la vida\u00bb<\/span>, <\/strong>que es un espacio que invita a hacer arquitectura saludable y sostenible hasta la m\u00e9dula<strong>.<\/strong><\/p>\n<p><em>\u00ab&#8230;El papel de arquitectos y dise\u00f1adores tiene m\u00e1s peso que nunca en la calidad de vida contempor\u00e1nea. La arquitectura entra en una nueva dimensi\u00f3n: dise\u00f1ar ecosistemas para la biolog\u00eda y psicolog\u00eda de una especie, dise\u00f1ar para la vida. Nunca hemos tenido tantas herramientas, tanto conocimiento y tanta tecnolog\u00eda a nuestro alcance; tampoco tanta responsabilidad.\u00bb<\/em><\/p>\n<p>&nbsp;<\/p>\n<p style=\"text-align: center;\"><a href=\"https:\/\/www.ivoox.com\/stepienybarno-arquitectura_sq_f1856662_1.html \" class=\"kp-button \" target=\"_self\">Escucha m\u00e1s podcast de Stepienybarno en IVOOX<\/a><\/p>\n<p>&nbsp;<\/p>\n<p><iframe loading=\"lazy\" title=\"Entrevista #arquicafe con Almudena L\u00f3pez de Rego\" width=\"911\" height=\"512\" src=\"https:\/\/www.youtube.com\/embed\/IRrfW52HKSE?feature=oembed\" frameborder=\"0\" allow=\"accelerometer; autoplay; clipboard-write; encrypted-media; gyroscope; picture-in-picture\" allowfullscreen><\/iframe><\/p>\n<p style=\"text-align: center;\">Esperamos que os haya gustado este Arquicaf\u00e9 con <strong>Almudena L\u00f3pez de Rego<\/strong>.<\/p>\n<p>&nbsp;<\/p>\n","protected":false},"excerpt":{"rendered":"<p>Hoy nos tomamos un Arquicaf\u00e9 con Almudena L\u00f3pez de Rego.<\/p>\n","protected":false},"author":2,"featured_media":43887,"comment_status":"open","ping_status":"closed","sticky":false,"template":"","format":"standard","meta":{"om_disable_all_campaigns":false,"_monsterinsights_skip_tracking":false,"_monsterinsights_sitenote_active":false,"_monsterinsights_sitenote_note":"","_monsterinsights_sitenote_category":0,"_uf_show_specific_survey":0,"_uf_disable_surveys":false,"episode_type":"audio","audio_file":"https:\/\/stepienybarno.es\/blog\/wp-content\/uploads\/2020\/09\/AUDIO-BRUTO-ARQUICAFE-ALMUDENA.mp3","cover_image":"","cover_image_id":"","duration":"16:30","filesize":"11.35M","date_recorded":"","explicit":"","block":"","filesize_raw":"11905185","footnotes":""},"categories":[34,63],"tags":[7777,3855,8334,6277,8333,7997,8332],"series":[10115],"class_list":["post-43885","post","type-post","status-publish","format-standard","has-post-thumbnail","hentry","category-actualidad","category-arqui-entrevista","tag-arquicafe","tag-almudena-lopez-de-rego","tag-arquitectura-saludable","tag-arquitectura-sostenible","tag-disenar-para-la-vida","tag-podcast","tag-velux","series-podcast-de-stepienybarno"],"aioseo_notices":[],"episode_featured_image":"https:\/\/stepienybarno.es\/blog\/wp-content\/uploads\/2020\/09\/miniatura-ALMUDENA-scaled.jpg","episode_player_image":"https:\/\/stepienybarno.es\/blog\/wp-content\/uploads\/2020\/11\/stepienybarno-podcast-scaled.jpg","download_link":"https:\/\/stepienybarno.es\/blog\/podcast-download\/43885\/episodio-44-arquicafe-con-almudena-lopez-de-rego.mp3","player_link":"https:\/\/stepienybarno.es\/blog\/podcast-player\/43885\/episodio-44-arquicafe-con-almudena-lopez-de-rego.mp3","audio_player":"<!--[if lt IE 9]><script>document.createElement('audio');<\/script><![endif]-->\n<audio class=\"wp-audio-shortcode\" id=\"audio-43885-1\" preload=\"none\" style=\"width: 100%;\" controls=\"controls\"><source type=\"audio\/mpeg\" src=\"https:\/\/stepienybarno.es\/blog\/podcast-player\/43885\/episodio-44-arquicafe-con-almudena-lopez-de-rego.mp3?_=1\" \/><a href=\"https:\/\/stepienybarno.es\/blog\/podcast-player\/43885\/episodio-44-arquicafe-con-almudena-lopez-de-rego.mp3\">https:\/\/stepienybarno.es\/blog\/podcast-player\/43885\/episodio-44-arquicafe-con-almudena-lopez-de-rego.mp3<\/a><\/audio>","episode_data":{"playerMode":"dark","subscribeUrls":[],"rssFeedUrl":"https:\/\/stepienybarno.es\/blog\/feed\/podcast\/podcast-de-stepienybarno","embedCode":"<blockquote class=\"wp-embedded-content\" data-secret=\"fTeBIy85nA\"><a href=\"https:\/\/stepienybarno.es\/blog\/2020\/09\/08\/episodio-44-arquicafe-con-almudena-lopez-de-rego\/\">Episodio 44: Arquicaf\u00e9 con Almudena L\u00f3pez de Rego<\/a><\/blockquote><iframe sandbox=\"allow-scripts\" security=\"restricted\" src=\"https:\/\/stepienybarno.es\/blog\/2020\/09\/08\/episodio-44-arquicafe-con-almudena-lopez-de-rego\/embed\/#?secret=fTeBIy85nA\" width=\"500\" height=\"350\" title=\"\u00abEpisodio 44: Arquicaf\u00e9 con Almudena L\u00f3pez de Rego\u00bb \u2014 Blog de STEPIEN Y BARNO - publicaci\u00f3n digital sobre arquitectura\" data-secret=\"fTeBIy85nA\" frameborder=\"0\" marginwidth=\"0\" marginheight=\"0\" scrolling=\"no\" class=\"wp-embedded-content\"><\/iframe><script type=\"text\/javascript\">\n\/* <![CDATA[ *\/\n\/*! This file is auto-generated *\/\n!function(d,l){\"use strict\";l.querySelector&&d.addEventListener&&\"undefined\"!=typeof URL&&(d.wp=d.wp||{},d.wp.receiveEmbedMessage||(d.wp.receiveEmbedMessage=function(e){var t=e.data;if((t||t.secret||t.message||t.value)&&!\/[^a-zA-Z0-9]\/.test(t.secret)){for(var s,r,n,a=l.querySelectorAll('iframe[data-secret=\"'+t.secret+'\"]'),o=l.querySelectorAll('blockquote[data-secret=\"'+t.secret+'\"]'),c=new RegExp(\"^https?:$\",\"i\"),i=0;i<o.length;i++)o[i].style.display=\"none\";for(i=0;i<a.length;i++)s=a[i],e.source===s.contentWindow&&(s.removeAttribute(\"style\"),\"height\"===t.message?(1e3<(r=parseInt(t.value,10))?r=1e3:~~r<200&&(r=200),s.height=r):\"link\"===t.message&&(r=new URL(s.getAttribute(\"src\")),n=new URL(t.value),c.test(n.protocol))&&n.host===r.host&&l.activeElement===s&&(d.top.location.href=t.value))}},d.addEventListener(\"message\",d.wp.receiveEmbedMessage,!1),l.addEventListener(\"DOMContentLoaded\",function(){for(var e,t,s=l.querySelectorAll(\"iframe.wp-embedded-content\"),r=0;r<s.length;r++)(t=(e=s[r]).getAttribute(\"data-secret\"))||(t=Math.random().toString(36).substring(2,12),e.src+=\"#?secret=\"+t,e.setAttribute(\"data-secret\",t)),e.contentWindow.postMessage({message:\"ready\",secret:t},\"*\")},!1)))}(window,document);\n\/* ]]> *\/\n<\/script>\n"},"_links":{"self":[{"href":"https:\/\/stepienybarno.es\/blog\/wp-json\/wp\/v2\/posts\/43885"}],"collection":[{"href":"https:\/\/stepienybarno.es\/blog\/wp-json\/wp\/v2\/posts"}],"about":[{"href":"https:\/\/stepienybarno.es\/blog\/wp-json\/wp\/v2\/types\/post"}],"author":[{"embeddable":true,"href":"https:\/\/stepienybarno.es\/blog\/wp-json\/wp\/v2\/users\/2"}],"replies":[{"embeddable":true,"href":"https:\/\/stepienybarno.es\/blog\/wp-json\/wp\/v2\/comments?post=43885"}],"version-history":[{"count":4,"href":"https:\/\/stepienybarno.es\/blog\/wp-json\/wp\/v2\/posts\/43885\/revisions"}],"predecessor-version":[{"id":43892,"href":"https:\/\/stepienybarno.es\/blog\/wp-json\/wp\/v2\/posts\/43885\/revisions\/43892"}],"wp:featuredmedia":[{"embeddable":true,"href":"https:\/\/stepienybarno.es\/blog\/wp-json\/wp\/v2\/media\/43887"}],"wp:attachment":[{"href":"https:\/\/stepienybarno.es\/blog\/wp-json\/wp\/v2\/media?parent=43885"}],"wp:term":[{"taxonomy":"category","embeddable":true,"href":"https:\/\/stepienybarno.es\/blog\/wp-json\/wp\/v2\/categories?post=43885"},{"taxonomy":"post_tag","embeddable":true,"href":"https:\/\/stepienybarno.es\/blog\/wp-json\/wp\/v2\/tags?post=43885"},{"taxonomy":"series","embeddable":true,"href":"https:\/\/stepienybarno.es\/blog\/wp-json\/wp\/v2\/series?post=43885"}],"curies":[{"name":"wp","href":"https:\/\/api.w.org\/{rel}","templated":true}]}}