{"id":43897,"date":"2020-09-14T08:02:57","date_gmt":"2020-09-14T06:02:57","guid":{"rendered":"https:\/\/www.stepienybarno.es\/blog\/?p=43897"},"modified":"2020-09-14T10:06:19","modified_gmt":"2020-09-14T08:06:19","slug":"somos-la-sociedad-mas-solitaria-en-toda-la-historia-de-la-humanidad","status":"publish","type":"post","link":"https:\/\/stepienybarno.es\/blog\/2020\/09\/14\/somos-la-sociedad-mas-solitaria-en-toda-la-historia-de-la-humanidad\/","title":{"rendered":"\u201cSomos la sociedad m\u00e1s solitaria en toda la historia de la humanidad\u201d"},"content":{"rendered":"<div id=\"attachment_43898\" style=\"width: 1062px\" class=\"wp-caption aligncenter\"><img loading=\"lazy\" decoding=\"async\" aria-describedby=\"caption-attachment-43898\" class=\"wp-image-43898 size-full\" src=\"https:\/\/stepienybarno.es\/blog\/wp-content\/uploads\/2020\/09\/stepienybarno-Somos-la-sociedad-mas-solitaria-en-toda-la-historia-de-la-humanidad-postdeldia.jpg\" alt=\"\" width=\"1052\" height=\"623\" srcset=\"https:\/\/stepienybarno.es\/blog\/wp-content\/uploads\/2020\/09\/stepienybarno-Somos-la-sociedad-mas-solitaria-en-toda-la-historia-de-la-humanidad-postdeldia.jpg 1052w, https:\/\/stepienybarno.es\/blog\/wp-content\/uploads\/2020\/09\/stepienybarno-Somos-la-sociedad-mas-solitaria-en-toda-la-historia-de-la-humanidad-postdeldia-550x326.jpg 550w, https:\/\/stepienybarno.es\/blog\/wp-content\/uploads\/2020\/09\/stepienybarno-Somos-la-sociedad-mas-solitaria-en-toda-la-historia-de-la-humanidad-postdeldia-1024x606.jpg 1024w, https:\/\/stepienybarno.es\/blog\/wp-content\/uploads\/2020\/09\/stepienybarno-Somos-la-sociedad-mas-solitaria-en-toda-la-historia-de-la-humanidad-postdeldia-180x107.jpg 180w, https:\/\/stepienybarno.es\/blog\/wp-content\/uploads\/2020\/09\/stepienybarno-Somos-la-sociedad-mas-solitaria-en-toda-la-historia-de-la-humanidad-postdeldia-316x187.jpg 316w\" sizes=\"(max-width: 1052px) 100vw, 1052px\" \/><p id=\"caption-attachment-43898\" class=\"wp-caption-text\">Fotograf\u00eda: @ Kathrin Baumbach<\/p><\/div>\n<h1><strong>Por: <span class=\"css-acjdas\">Ima Sanch\u00eds<br \/>\n<\/span><\/strong><\/h1>\n<h2><strong>Desde: lavanguardia<br \/>\n<\/strong><\/h2>\n<h2><strong>Fotograf\u00eda: @ Kathrin Baumbach<br \/>\n<\/strong><\/h2>\n<p><!--more--><br \/>\n<strong>El viaje \u00e9pico de Hari<\/strong><\/p>\n<p>Sufri\u00f3 abusos f\u00edsicos en su infancia y una profunda depresi\u00f3n en su adolescencia y juventud. Sigui\u00f3 adelante arrastrando esa carga: fue el primero de su familia en ir a la universidad, y se convirti\u00f3 en un periodista brillante y admirado que publicaba en los mejores diarios del mundo. En 2009 fue nombrado por The Daily Telegraph como una de las personas m\u00e1s influyentes de la izquierda en Gran Breta\u00f1a. Pero cay\u00f3 en desgracia acusado por plagio. El dolor continuado nos destroza, pero educa la voluntad, y Hari se rehizo. Concienzudo, decidi\u00f3 investigar las causas de la depresi\u00f3n. El resultado es un s\u00faper ventas internacional, Conexiones perdidas. Causas reales y soluciones inesperadas para la depresi\u00f3n (Capit\u00e1n Swing). Una epidemia que se ha acelerado con la Covid.<\/p>\n<p>&nbsp;<\/p>\n<p style=\"text-align: center;\">Acceder al Post <a href=\"https:\/\/bit.ly\/35C2hea\" target=\"_blank\" rel=\"noopener noreferrer\">AQU\u00cd<\/a><\/p>\n<p>&nbsp;<\/p>\n<p><iframe loading=\"lazy\" title=\"\u00bfPara qu\u00e9 sirve un ARQUITECTO \/a? Por Jordi Ludevid\" width=\"911\" height=\"512\" src=\"https:\/\/www.youtube.com\/embed\/videoseries?list=PL9KCMehqFIajpdVXSncYV0J1ef6ms4zRx\" frameborder=\"0\" allow=\"accelerometer; autoplay; encrypted-media; gyroscope; picture-in-picture\" allowfullscreen><\/iframe><\/p>\n<hr \/>\n<h5><strong>Autores del post: <a href=\"https:\/\/stepienybarno.es\/blog\/2011\/09\/04\/las-fortalezas-del-arquitecto\/\">Stepienybarno<\/a> _ Agnieszka Stepien y Lorenzo Barn\u00f3<\/strong><\/h5>\n<h5>Y como siempre, si te gust\u00f3 el post, estar\u00eda genial que lo compartas en tus redes sociales.<\/h5>\n<h5>A su vez, si todav\u00eda no est\u00e1s suscrito a nuestra Newsletter, te animamos a hacerlo en la casilla que tienes al terminar este art\u00edculo.<\/h5>\n<p>&nbsp;<\/p>\n<blockquote><p>Suscribirte a nuestro blog y recibe gratis nuestra gu\u00eda: 10 Ideas para vender m\u00e1s si eres arquitecto<\/p>\n<p>Acceder: <a href=\"http:\/\/bit.ly\/2fkkTS7\">http:\/\/bit.ly\/2fkkTS7<\/a><\/p>\n<p>&nbsp;<\/p>\n<p>Si te interesa contactar con nosotros para que te ayudemos a mejorar tu visibilidad online y, en consecuencia, mejorar tus oportunidades laborales, no dudes en escribirnos a: <a href=\"mailto:blog@stepienybarno.es\">blog@stepienybarno.es<\/a><\/p><\/blockquote>\n<p>&nbsp;<\/p>\n<p><em><a href=\"https:\/\/twitter.com\/stepienybarno\">Stepienybarno en TWITTER<\/a><\/em><\/p>\n<p><em><a href=\"https:\/\/twitter.com\/stepienybarno\">@stepienybarno (+ de 16.000 seguidores)<\/a><\/em><\/p>\n<p><em><a href=\"https:\/\/twitter.com\/stepienybarno?lang=es\">https:\/\/twitter.com\/stepienybarno?lang=es<\/a><\/em><\/p>\n<p><em><a href=\"https:\/\/www.facebook.com\/pages\/BLOG-DE-STEPIENYBARNO\/78001079029\">Stepienybarno en FACEBOOK (+ de 24<u>.000 seguidores)<\/u><\/a><\/em><\/p>\n<p><em><a href=\"https:\/\/www.facebook.com\/StepienyBarnoArquitecturaeIdentidadDigital\/\">https:\/\/www.facebook.com\/StepienyBarnoArquitecturaeIdentidadDigital\/<\/a><\/em><\/p>\n<p><em>Acceder a nuestro GRUPO CERRADO DE FACEBOOK sobre Identidad Digital para Arquitectos:<\/em><\/p>\n<p><em><a href=\"https:\/\/www.facebook.com\/groups\/IdentidadDigitalParaArquitectos\/\">https:\/\/www.facebook.com\/groups\/IdentidadDigitalParaArquitectos\/<\/a><\/em><\/p>\n<p><em>Suscr\u00edbete a nuestro canal de YOUTUBE: <a href=\"http:\/\/bit.ly\/2A1UtAd\">http:\/\/bit.ly\/2A1UtAd<\/a><\/em><\/p>\n<p>&nbsp;<\/p>\n<p>* <a href=\"https:\/\/stepienybarno.es\/blog\/2011\/09\/04\/las-fortalezas-del-arquitecto\/\">Stepienybarno<\/a> est\u00e1 formado por Agnieszka Stepien y Lorenzo Barn\u00f3 y desde mayo del 2009 estamos en la red con la presente publicaci\u00f3n digital (Blog) de arquitectura.<\/p>\n<p>Nuestra actividad se sustenta en tres pilares b\u00e1sicos: la investigaci\u00f3n, la publicaci\u00f3n y la redacci\u00f3n de proyectos de arquitectura.<\/p>\n<p>A su vez, somos socios cofundadores de <a href=\"http:\/\/sinergiasostenible.org\/\">SINERGIA SOSTENIBLE<\/a> y directores del blog de FUNDACI\u00d3N ARQUIA.<\/p>\n","protected":false},"excerpt":{"rendered":"<p>Por: Ima Sanch\u00eds Desde: lavanguardia Fotograf\u00eda: @ Kathrin Baumbach<\/p>\n","protected":false},"author":2,"featured_media":43898,"comment_status":"open","ping_status":"closed","sticky":false,"template":"","format":"standard","meta":{"om_disable_all_campaigns":false,"_monsterinsights_skip_tracking":false,"_monsterinsights_sitenote_active":false,"_monsterinsights_sitenote_note":"","_monsterinsights_sitenote_category":0,"_uf_show_specific_survey":0,"_uf_disable_surveys":false,"episode_type":"audio","audio_file":"","cover_image":"","cover_image_id":"","duration":"","filesize":"","date_recorded":"","explicit":"","block":"","filesize_raw":"","footnotes":""},"categories":[244],"tags":[4272],"series":[],"class_list":["post-43897","post","type-post","status-publish","format-standard","has-post-thumbnail","hentry","category-canal-de-arquitectura","tag-urbanismo"],"aioseo_notices":[],"episode_featured_image":"https:\/\/stepienybarno.es\/blog\/wp-content\/uploads\/2020\/09\/stepienybarno-Somos-la-sociedad-mas-solitaria-en-toda-la-historia-de-la-humanidad-postdeldia.jpg","episode_player_image":"https:\/\/stepienybarno.es\/blog\/wp-content\/uploads\/2020\/11\/stepienybarno-podcast-scaled.jpg","download_link":"","player_link":"","audio_player":false,"episode_data":{"playerMode":"dark","subscribeUrls":[],"rssFeedUrl":"https:\/\/stepienybarno.es\/blog\/feed\/podcast\/podcast-de-stepienybarno","embedCode":"<blockquote class=\"wp-embedded-content\" data-secret=\"V49BT2TJh4\"><a href=\"https:\/\/stepienybarno.es\/blog\/2020\/09\/14\/somos-la-sociedad-mas-solitaria-en-toda-la-historia-de-la-humanidad\/\">\u201cSomos la sociedad m\u00e1s solitaria en toda la historia de la humanidad\u201d<\/a><\/blockquote><iframe sandbox=\"allow-scripts\" security=\"restricted\" src=\"https:\/\/stepienybarno.es\/blog\/2020\/09\/14\/somos-la-sociedad-mas-solitaria-en-toda-la-historia-de-la-humanidad\/embed\/#?secret=V49BT2TJh4\" width=\"500\" height=\"350\" title=\"\u00ab\u201cSomos la sociedad m\u00e1s solitaria en toda la historia de la humanidad\u201d\u00bb \u2014 Blog de STEPIEN Y BARNO - publicaci\u00f3n digital sobre arquitectura\" data-secret=\"V49BT2TJh4\" frameborder=\"0\" marginwidth=\"0\" marginheight=\"0\" scrolling=\"no\" class=\"wp-embedded-content\"><\/iframe><script type=\"text\/javascript\">\n\/* <![CDATA[ *\/\n\/*! This file is auto-generated *\/\n!function(d,l){\"use strict\";l.querySelector&&d.addEventListener&&\"undefined\"!=typeof URL&&(d.wp=d.wp||{},d.wp.receiveEmbedMessage||(d.wp.receiveEmbedMessage=function(e){var t=e.data;if((t||t.secret||t.message||t.value)&&!\/[^a-zA-Z0-9]\/.test(t.secret)){for(var s,r,n,a=l.querySelectorAll('iframe[data-secret=\"'+t.secret+'\"]'),o=l.querySelectorAll('blockquote[data-secret=\"'+t.secret+'\"]'),c=new RegExp(\"^https?:$\",\"i\"),i=0;i<o.length;i++)o[i].style.display=\"none\";for(i=0;i<a.length;i++)s=a[i],e.source===s.contentWindow&&(s.removeAttribute(\"style\"),\"height\"===t.message?(1e3<(r=parseInt(t.value,10))?r=1e3:~~r<200&&(r=200),s.height=r):\"link\"===t.message&&(r=new URL(s.getAttribute(\"src\")),n=new URL(t.value),c.test(n.protocol))&&n.host===r.host&&l.activeElement===s&&(d.top.location.href=t.value))}},d.addEventListener(\"message\",d.wp.receiveEmbedMessage,!1),l.addEventListener(\"DOMContentLoaded\",function(){for(var e,t,s=l.querySelectorAll(\"iframe.wp-embedded-content\"),r=0;r<s.length;r++)(t=(e=s[r]).getAttribute(\"data-secret\"))||(t=Math.random().toString(36).substring(2,12),e.src+=\"#?secret=\"+t,e.setAttribute(\"data-secret\",t)),e.contentWindow.postMessage({message:\"ready\",secret:t},\"*\")},!1)))}(window,document);\n\/* ]]> *\/\n<\/script>\n"},"_links":{"self":[{"href":"https:\/\/stepienybarno.es\/blog\/wp-json\/wp\/v2\/posts\/43897"}],"collection":[{"href":"https:\/\/stepienybarno.es\/blog\/wp-json\/wp\/v2\/posts"}],"about":[{"href":"https:\/\/stepienybarno.es\/blog\/wp-json\/wp\/v2\/types\/post"}],"author":[{"embeddable":true,"href":"https:\/\/stepienybarno.es\/blog\/wp-json\/wp\/v2\/users\/2"}],"replies":[{"embeddable":true,"href":"https:\/\/stepienybarno.es\/blog\/wp-json\/wp\/v2\/comments?post=43897"}],"version-history":[{"count":2,"href":"https:\/\/stepienybarno.es\/blog\/wp-json\/wp\/v2\/posts\/43897\/revisions"}],"predecessor-version":[{"id":43982,"href":"https:\/\/stepienybarno.es\/blog\/wp-json\/wp\/v2\/posts\/43897\/revisions\/43982"}],"wp:featuredmedia":[{"embeddable":true,"href":"https:\/\/stepienybarno.es\/blog\/wp-json\/wp\/v2\/media\/43898"}],"wp:attachment":[{"href":"https:\/\/stepienybarno.es\/blog\/wp-json\/wp\/v2\/media?parent=43897"}],"wp:term":[{"taxonomy":"category","embeddable":true,"href":"https:\/\/stepienybarno.es\/blog\/wp-json\/wp\/v2\/categories?post=43897"},{"taxonomy":"post_tag","embeddable":true,"href":"https:\/\/stepienybarno.es\/blog\/wp-json\/wp\/v2\/tags?post=43897"},{"taxonomy":"series","embeddable":true,"href":"https:\/\/stepienybarno.es\/blog\/wp-json\/wp\/v2\/series?post=43897"}],"curies":[{"name":"wp","href":"https:\/\/api.w.org\/{rel}","templated":true}]}}