{"id":44009,"date":"2020-09-15T08:02:45","date_gmt":"2020-09-15T06:02:45","guid":{"rendered":"https:\/\/www.stepienybarno.es\/blog\/?p=44009"},"modified":"2020-09-14T11:23:10","modified_gmt":"2020-09-14T09:23:10","slug":"escala-humana-entre-uvas-elaborar-vino-en-espacios-que-lo-merecen","status":"publish","type":"post","link":"https:\/\/stepienybarno.es\/blog\/2020\/09\/15\/escala-humana-entre-uvas-elaborar-vino-en-espacios-que-lo-merecen\/","title":{"rendered":"Escala Humana. Entre uvas. Elaborar vino en espacios que lo merecen"},"content":{"rendered":"<p><img loading=\"lazy\" decoding=\"async\" class=\"aligncenter size-full wp-image-44010\" src=\"https:\/\/stepienybarno.es\/blog\/wp-content\/uploads\/2020\/09\/stepeinybarno-Escala-Humana.-Entre-uvas.-Elaborar-vino-en-espacios-que-lo-merecen-postdeldia.jpg\" alt=\"\" width=\"1600\" height=\"900\" srcset=\"https:\/\/stepienybarno.es\/blog\/wp-content\/uploads\/2020\/09\/stepeinybarno-Escala-Humana.-Entre-uvas.-Elaborar-vino-en-espacios-que-lo-merecen-postdeldia.jpg 1600w, https:\/\/stepienybarno.es\/blog\/wp-content\/uploads\/2020\/09\/stepeinybarno-Escala-Humana.-Entre-uvas.-Elaborar-vino-en-espacios-que-lo-merecen-postdeldia-550x309.jpg 550w, https:\/\/stepienybarno.es\/blog\/wp-content\/uploads\/2020\/09\/stepeinybarno-Escala-Humana.-Entre-uvas.-Elaborar-vino-en-espacios-que-lo-merecen-postdeldia-1024x576.jpg 1024w, https:\/\/stepienybarno.es\/blog\/wp-content\/uploads\/2020\/09\/stepeinybarno-Escala-Humana.-Entre-uvas.-Elaborar-vino-en-espacios-que-lo-merecen-postdeldia-180x101.jpg 180w, https:\/\/stepienybarno.es\/blog\/wp-content\/uploads\/2020\/09\/stepeinybarno-Escala-Humana.-Entre-uvas.-Elaborar-vino-en-espacios-que-lo-merecen-postdeldia-1536x864.jpg 1536w, https:\/\/stepienybarno.es\/blog\/wp-content\/uploads\/2020\/09\/stepeinybarno-Escala-Humana.-Entre-uvas.-Elaborar-vino-en-espacios-que-lo-merecen-postdeldia-316x178.jpg 316w\" sizes=\"(max-width: 1600px) 100vw, 1600px\" \/><\/p>\n<h1><strong>Por: <span class=\"css-acjdas\">Escala Humana<br \/>\n<\/span><\/strong><\/h1>\n<h2><strong>Desde: Rtve<\/strong><\/h2>\n<p><!--more--><\/p>\n<p>En una bodega sencilla se puede elaborar un buen\u00a0<strong>vino<\/strong>. Pero cuando la\u00a0<strong>arquitectura\u00a0<\/strong>envuelve el espacio con sus maravillas, nuestros ojos, y no solo nuestro paladar, gozan de ello. As\u00ed nos lo cuenta la arquitecta\u00a0<strong>N\u00faria Moliner<\/strong>\u00a0en el estreno de la segunda temporada de\u00a0<a href=\"https:\/\/www.rtve.es\/alacarta\/videos\/escala-humana\/\" target=\"_blank\" rel=\"noopener noreferrer\"><strong>\u00abEscala humana\u00bb.<\/strong><\/a><\/p>\n<p>El programa ha regresado a<a href=\"https:\/\/www.rtve.es\/television\/la-2\/\" target=\"_blank\" rel=\"noopener noreferrer\"><strong>\u00a0La 2\u00a0<\/strong><\/a>con el nuevo a\u00f1o 2020 y con un cap\u00edtulo dedicado a las\u00a0<strong>bodegas<\/strong>. La<strong>\u00a0tradici\u00f3n vin\u00edcola\u00a0<\/strong>en\u00a0<strong>Espa\u00f1a\u00a0<\/strong>sabe de temperatura, quietud, trabajo, dedicaci\u00f3n&#8230; Y la funcionalidad no est\u00e1 re\u00f1ida con el dise\u00f1o.<\/p>\n<p>Las posibilidades econ\u00f3micas de\u00a0grandes marcas o familias ha permitido que<strong>\u00a0arquitectos internacionalmente reconocidos\u00a0<\/strong>levanten edificios espectaculares. La belleza de las zonas de cultivo\u00a0de la vi\u00f1a se ve todav\u00eda m\u00e1s ensalzada.<\/p>\n<p><strong>Espa\u00f1a\u00a0<\/strong>cuenta con la mayor superf\u00edcie de vi\u00f1edos del mundo. En este cap\u00edtulo visitamos en\u00a0<strong>Jerez de la Frontera\u00a0<\/strong>una de nuestras\u00a0bodegas m\u00e1s emblem\u00e1ticas:\u00a0<strong>Gonz\u00e1lez Byass<\/strong>, que son conocidas popularmente como\u00a0<strong>T\u00edo Pepe<\/strong>.<\/p>\n<p>Tambi\u00e9n\u00a0<strong>Gandesa<\/strong>, donde el arquitecto\u00a0<strong>C\u00e9sar Martinell\u00a0<\/strong>dise\u00f1\u00f3 aut\u00e9nticas catedrales del vino. All\u00ed entrevistamos a\u00a0<strong>Anna Espelt<\/strong>. La\u00a0<strong>en\u00f3loga\u00a0<\/strong>nos explica cu\u00e1les son las cualidades que debe tener un edificio destinado a la elaboraci\u00f3n del vino.<\/p>\n<p>Finalmente, un ejemplo de\u00a0<strong>bodega eficiente\u00a0<\/strong>y de gran belleza arquitect\u00f3nica en las bodegas\u00a0<strong>Campo Viejo de La Rioja.<\/strong><\/p>\n<p>&nbsp;<\/p>\n<p style=\"text-align: center;\">Acceder al Post <a href=\"https:\/\/bit.ly\/2E3BtZ6\" target=\"_blank\" rel=\"noopener noreferrer\">AQU\u00cd<\/a><\/p>\n<p>&nbsp;<\/p>\n<p><iframe loading=\"lazy\" title=\"\u00bfPara qu\u00e9 sirve un ARQUITECTO \/a? Por Jordi Ludevid\" width=\"911\" height=\"512\" src=\"https:\/\/www.youtube.com\/embed\/videoseries?list=PL9KCMehqFIajpdVXSncYV0J1ef6ms4zRx\" frameborder=\"0\" allow=\"accelerometer; autoplay; encrypted-media; gyroscope; picture-in-picture\" allowfullscreen><\/iframe><\/p>\n<hr \/>\n<h5><strong>Autores del post: <a href=\"https:\/\/stepienybarno.es\/blog\/2011\/09\/04\/las-fortalezas-del-arquitecto\/\">Stepienybarno<\/a> _ Agnieszka Stepien y Lorenzo Barn\u00f3<\/strong><\/h5>\n<h5>Y como siempre, si te gust\u00f3 el post, estar\u00eda genial que lo compartas en tus redes sociales.<\/h5>\n<h5>A su vez, si todav\u00eda no est\u00e1s suscrito a nuestra Newsletter, te animamos a hacerlo en la casilla que tienes al terminar este art\u00edculo.<\/h5>\n<p>&nbsp;<\/p>\n<blockquote><p>Suscribirte a nuestro blog y recibe gratis nuestra gu\u00eda: 10 Ideas para vender m\u00e1s si eres arquitecto<\/p>\n<p>Acceder: <a href=\"http:\/\/bit.ly\/2fkkTS7\">http:\/\/bit.ly\/2fkkTS7<\/a><\/p>\n<p>&nbsp;<\/p>\n<p>Si te interesa contactar con nosotros para que te ayudemos a mejorar tu visibilidad online y, en consecuencia, mejorar tus oportunidades laborales, no dudes en escribirnos a: <a href=\"mailto:blog@stepienybarno.es\">blog@stepienybarno.es<\/a><\/p><\/blockquote>\n<p>&nbsp;<\/p>\n<p><em><a href=\"https:\/\/twitter.com\/stepienybarno\">Stepienybarno en TWITTER<\/a><\/em><\/p>\n<p><em><a href=\"https:\/\/twitter.com\/stepienybarno\">@stepienybarno (+ de 16.000 seguidores)<\/a><\/em><\/p>\n<p><em><a href=\"https:\/\/twitter.com\/stepienybarno?lang=es\">https:\/\/twitter.com\/stepienybarno?lang=es<\/a><\/em><\/p>\n<p><em><a href=\"https:\/\/www.facebook.com\/pages\/BLOG-DE-STEPIENYBARNO\/78001079029\">Stepienybarno en FACEBOOK (+ de 24<u>.000 seguidores)<\/u><\/a><\/em><\/p>\n<p><em><a href=\"https:\/\/www.facebook.com\/StepienyBarnoArquitecturaeIdentidadDigital\/\">https:\/\/www.facebook.com\/StepienyBarnoArquitecturaeIdentidadDigital\/<\/a><\/em><\/p>\n<p><em>Acceder a nuestro GRUPO CERRADO DE FACEBOOK sobre Identidad Digital para Arquitectos:<\/em><\/p>\n<p><em><a href=\"https:\/\/www.facebook.com\/groups\/IdentidadDigitalParaArquitectos\/\">https:\/\/www.facebook.com\/groups\/IdentidadDigitalParaArquitectos\/<\/a><\/em><\/p>\n<p><em>Suscr\u00edbete a nuestro canal de YOUTUBE: <a href=\"http:\/\/bit.ly\/2A1UtAd\">http:\/\/bit.ly\/2A1UtAd<\/a><\/em><\/p>\n<p>&nbsp;<\/p>\n<p>* <a href=\"https:\/\/stepienybarno.es\/blog\/2011\/09\/04\/las-fortalezas-del-arquitecto\/\">Stepienybarno<\/a> est\u00e1 formado por Agnieszka Stepien y Lorenzo Barn\u00f3 y desde mayo del 2009 estamos en la red con la presente publicaci\u00f3n digital (Blog) de arquitectura.<\/p>\n<p>Nuestra actividad se sustenta en tres pilares b\u00e1sicos: la investigaci\u00f3n, la publicaci\u00f3n y la redacci\u00f3n de proyectos de arquitectura.<\/p>\n<p>A su vez, somos socios cofundadores de <a href=\"http:\/\/sinergiasostenible.org\/\">SINERGIA SOSTENIBLE<\/a> y directores del blog de FUNDACI\u00d3N ARQUIA.<\/p>\n","protected":false},"excerpt":{"rendered":"<p>Por: Escala Humana Desde: Rtve<\/p>\n","protected":false},"author":2,"featured_media":44010,"comment_status":"open","ping_status":"closed","sticky":false,"template":"","format":"standard","meta":{"om_disable_all_campaigns":false,"_monsterinsights_skip_tracking":false,"_monsterinsights_sitenote_active":false,"_monsterinsights_sitenote_note":"","_monsterinsights_sitenote_category":0,"_uf_show_specific_survey":0,"_uf_disable_surveys":false,"episode_type":"audio","audio_file":"","cover_image":"","cover_image_id":"","duration":"","filesize":"","date_recorded":"","explicit":"","block":"","filesize_raw":"","footnotes":""},"categories":[244],"tags":[],"series":[],"class_list":["post-44009","post","type-post","status-publish","format-standard","has-post-thumbnail","hentry","category-canal-de-arquitectura"],"aioseo_notices":[],"episode_featured_image":"https:\/\/stepienybarno.es\/blog\/wp-content\/uploads\/2020\/09\/stepeinybarno-Escala-Humana.-Entre-uvas.-Elaborar-vino-en-espacios-que-lo-merecen-postdeldia.jpg","episode_player_image":"https:\/\/stepienybarno.es\/blog\/wp-content\/uploads\/2020\/11\/stepienybarno-podcast-scaled.jpg","download_link":"","player_link":"","audio_player":false,"episode_data":{"playerMode":"dark","subscribeUrls":[],"rssFeedUrl":"https:\/\/stepienybarno.es\/blog\/feed\/podcast\/podcast-de-stepienybarno","embedCode":"<blockquote class=\"wp-embedded-content\" data-secret=\"dUsKl8iErQ\"><a href=\"https:\/\/stepienybarno.es\/blog\/2020\/09\/15\/escala-humana-entre-uvas-elaborar-vino-en-espacios-que-lo-merecen\/\">Escala Humana. Entre uvas. Elaborar vino en espacios que lo merecen<\/a><\/blockquote><iframe sandbox=\"allow-scripts\" security=\"restricted\" src=\"https:\/\/stepienybarno.es\/blog\/2020\/09\/15\/escala-humana-entre-uvas-elaborar-vino-en-espacios-que-lo-merecen\/embed\/#?secret=dUsKl8iErQ\" width=\"500\" height=\"350\" title=\"\u00abEscala Humana. Entre uvas. Elaborar vino en espacios que lo merecen\u00bb \u2014 Blog de STEPIEN Y BARNO - publicaci\u00f3n digital sobre arquitectura\" data-secret=\"dUsKl8iErQ\" frameborder=\"0\" marginwidth=\"0\" marginheight=\"0\" scrolling=\"no\" class=\"wp-embedded-content\"><\/iframe><script type=\"text\/javascript\">\n\/* <![CDATA[ *\/\n\/*! This file is auto-generated *\/\n!function(d,l){\"use strict\";l.querySelector&&d.addEventListener&&\"undefined\"!=typeof URL&&(d.wp=d.wp||{},d.wp.receiveEmbedMessage||(d.wp.receiveEmbedMessage=function(e){var t=e.data;if((t||t.secret||t.message||t.value)&&!\/[^a-zA-Z0-9]\/.test(t.secret)){for(var s,r,n,a=l.querySelectorAll('iframe[data-secret=\"'+t.secret+'\"]'),o=l.querySelectorAll('blockquote[data-secret=\"'+t.secret+'\"]'),c=new RegExp(\"^https?:$\",\"i\"),i=0;i<o.length;i++)o[i].style.display=\"none\";for(i=0;i<a.length;i++)s=a[i],e.source===s.contentWindow&&(s.removeAttribute(\"style\"),\"height\"===t.message?(1e3<(r=parseInt(t.value,10))?r=1e3:~~r<200&&(r=200),s.height=r):\"link\"===t.message&&(r=new URL(s.getAttribute(\"src\")),n=new URL(t.value),c.test(n.protocol))&&n.host===r.host&&l.activeElement===s&&(d.top.location.href=t.value))}},d.addEventListener(\"message\",d.wp.receiveEmbedMessage,!1),l.addEventListener(\"DOMContentLoaded\",function(){for(var e,t,s=l.querySelectorAll(\"iframe.wp-embedded-content\"),r=0;r<s.length;r++)(t=(e=s[r]).getAttribute(\"data-secret\"))||(t=Math.random().toString(36).substring(2,12),e.src+=\"#?secret=\"+t,e.setAttribute(\"data-secret\",t)),e.contentWindow.postMessage({message:\"ready\",secret:t},\"*\")},!1)))}(window,document);\n\/* ]]> *\/\n<\/script>\n"},"_links":{"self":[{"href":"https:\/\/stepienybarno.es\/blog\/wp-json\/wp\/v2\/posts\/44009"}],"collection":[{"href":"https:\/\/stepienybarno.es\/blog\/wp-json\/wp\/v2\/posts"}],"about":[{"href":"https:\/\/stepienybarno.es\/blog\/wp-json\/wp\/v2\/types\/post"}],"author":[{"embeddable":true,"href":"https:\/\/stepienybarno.es\/blog\/wp-json\/wp\/v2\/users\/2"}],"replies":[{"embeddable":true,"href":"https:\/\/stepienybarno.es\/blog\/wp-json\/wp\/v2\/comments?post=44009"}],"version-history":[{"count":1,"href":"https:\/\/stepienybarno.es\/blog\/wp-json\/wp\/v2\/posts\/44009\/revisions"}],"predecessor-version":[{"id":44011,"href":"https:\/\/stepienybarno.es\/blog\/wp-json\/wp\/v2\/posts\/44009\/revisions\/44011"}],"wp:featuredmedia":[{"embeddable":true,"href":"https:\/\/stepienybarno.es\/blog\/wp-json\/wp\/v2\/media\/44010"}],"wp:attachment":[{"href":"https:\/\/stepienybarno.es\/blog\/wp-json\/wp\/v2\/media?parent=44009"}],"wp:term":[{"taxonomy":"category","embeddable":true,"href":"https:\/\/stepienybarno.es\/blog\/wp-json\/wp\/v2\/categories?post=44009"},{"taxonomy":"post_tag","embeddable":true,"href":"https:\/\/stepienybarno.es\/blog\/wp-json\/wp\/v2\/tags?post=44009"},{"taxonomy":"series","embeddable":true,"href":"https:\/\/stepienybarno.es\/blog\/wp-json\/wp\/v2\/series?post=44009"}],"curies":[{"name":"wp","href":"https:\/\/api.w.org\/{rel}","templated":true}]}}