{"id":44027,"date":"2020-09-24T08:02:01","date_gmt":"2020-09-24T06:02:01","guid":{"rendered":"https:\/\/www.stepienybarno.es\/blog\/?p=44027"},"modified":"2020-09-14T15:34:08","modified_gmt":"2020-09-14T13:34:08","slug":"estrategia-empresarial-en-estudios-de-arquitectura","status":"publish","type":"post","link":"https:\/\/stepienybarno.es\/blog\/2020\/09\/24\/estrategia-empresarial-en-estudios-de-arquitectura\/","title":{"rendered":"Estrategia empresarial en estudios de arquitectura"},"content":{"rendered":"<p>Hoy, os animamos a echar un ojo al post (trabajo de curso) que nos hacen llegar la alumna\u00a0<strong>Aitor Axpe Oyanguren<\/strong> de la \u00faltima edici\u00f3n de CURSO ONLINE de PRODUCTIVIDAD para arquitectos.<\/p>\n<p>\u00a1Esperamos que sea de vuestro inter\u00e9s!<\/p>\n<p><!--more--><\/p>\n<p style=\"text-align: center;\"><span style=\"color: #808080;\">&#8230;&#8230;&#8230;&#8230;&#8230;&#8230;&#8230;&#8230;&#8230;&#8230;&#8230;&#8230;&#8230;&#8230;&#8230;&#8230;&#8230;&#8230;&#8230;&#8230;&#8230;&#8230;.<\/span><\/p>\n<p>&nbsp;<\/p>\n<p><strong>Los estudios de arquitectura por lo general dedicamos muy poco tiempo, <\/strong>por no decir nada<strong>, a la estrategia empresarial. Trabajo \u00ednfimo qu\u00e9 invertimos en ello \u00fanicamente para mostrar a otros estudios lo que hacemos,<\/strong> para vanagloriarnos dentro del gremio y sin darnos cuenta nuestra estrategia va dirigida \u00fanicamente hacia nuestro propio sector. <strong>Una pena gastar esa energ\u00eda,<\/strong> ese esfuerzo, <strong>en no analizar las necesidades y problemas de nuestros clientes y plantear una estrategia verdadera para llegar hacia ellos.<\/strong><\/p>\n<p>Esta reflexi\u00f3n, lo tengo que admitir, lo he realizado en el curso de identidad digital. Por inercia,<strong> siempre he seguido a los colegas de profesi\u00f3n. Viendo y analizando<\/strong>, inconscientemente con mi mirada de arquitecto, lo que hacen y muestran en <strong>sus paginas web<\/strong>, sin darle ninguna importancia a la estrategia empresarial que emplean.<\/p>\n<p>Pasa el tiempo, has cogido la confianza y cuando crees que has generado el material suficiente para mostrarlo <strong>llega tu hora de exponerte en la era digital, \u00bfY que haces?<\/strong> Lo mismo que has visto durante mucho tiempo: <strong>una pagina web dirigida a arquitectos.<\/strong> Piensas que tus clientes la ver\u00e1n y te llamar\u00e1n, pero el tiempo transcurre <strong>y te das cuenta que los clientes vienen mayoritariamente por el boca a boca y no por tu presencia digital.<\/strong><\/p>\n<p><strong>Como podemos revertir esta situaci\u00f3n\u2026 siendo conscientes de la importancia del \u201cMarketing online\u201d<\/strong>, que debe ser un importante pilar de la \u201cEstrategia empresarial\u201d de nuestro estudio. Hasta ahora, no le hemos dado la importancia que se merece. Por el contrario, en el trabajo, nuestro uso de internet es continuo e ilimitado para consultar las paginas de otras empresas o informaci\u00f3n sobre ellas, adentr\u00e1ndonos sin darnos cuenta en su mercadotecnia digital.<\/p>\n<p>En el curso, hemos aprendido <strong>tres pilares fundamentales para comenzar a andar:<\/strong><\/p>\n<ul>\n<li><strong>Ser una empresa<\/strong>: Lo primero, debemos de hacernos a la idea de que somos una empresa y como tal tenemos que tener una estrategia empresarial clara.<\/li>\n<li><strong>Especializarse<\/strong>: Para llamar la atenci\u00f3n y obtener un reconocimiento es fundamental especializarse. No es buena la idea de mostrarse como especialista o solucionador de problemas en muchas cosas. Centrarte en una cosa, public\u00edtate como especialista en ese tema y llama la atenci\u00f3n. Luego en el trabajo ya har\u00e1s diferentes cosas, pero mu\u00e9strate en una sola.<\/li>\n<li><strong>Conocer al cliente:<\/strong> Tenemos que conocer bien el cliente al que nos interesa dirigirnos. Ver cuales son sus necesidades o problemas y darles una soluci\u00f3n.<\/li>\n<\/ul>\n<p>Despu\u00e9s de haber trabajado los tres puntos anteriores, <strong>es la hora de exponerte al mundo. No tengas miedo, ni busques el perfeccionismo, porque sino te paralizaras.<\/strong> La par\u00e1lisis por an\u00e1lisis no es buena, hay que encontrar el equilibrio.<\/p>\n<p>Antes de empezar, <strong>piensa bien lo que quieres compartir y cuando lo tengas medianamente bien sal al mercado. Luego ya iras viendo como funciona el sistema y como ir mejorando.<\/strong> Porque el objetivo es que la gente sepa que existes, les guste lo compartido y hablen de ti, generando confianza con el tiempo.<\/p>\n<p>Recuerda, como se comentaba en el curso<\/p>\n<blockquote><p><strong>\u201cGENERA CONFIANZA, NO SOLO CONTENIDOS\u201d.<\/strong><\/p><\/blockquote>\n<p><strong>Sobre los autores:<\/strong><br \/>\n<strong>Aitor Axpe Oyanguren<\/strong>. Es Arquitecto, profesor y miembro del taller de arquitectura especializado en espacios educativas \u201cOSKOL AT\u201d, situado en Aretxabaleta (Gipuzkoa). Mediante procesos participativos dirigidos a toda la comunidad del centro escolar, creamos espacios saludables para las nuevas metodolog\u00edas de ense\u00f1anza..<\/p>\n<p style=\"text-align: center;\"><span style=\"color: #ff0000;\">Ya es posible inscribirse a los cursos a trav\u00e9s de la ESCUELA ON LINE DE SyB para arquitectos.<\/span><\/p>\n<p style=\"text-align: center;\"><span style=\"color: #ff0000;\">Un curso hecho por arquitectos, para arquitectos. Si te interesa mejorar tu visibilidad en la red y, por lo tanto, tus posibilidades laborales \u00a1este es tu curso!<\/span><\/p>\n<p style=\"text-align: center;\"><span style=\"color: #ff0000;\">&gt;<a style=\"color: #ff0000;\" href=\"https:\/\/cursos.stepienybarno.es\/\" target=\"_blank\" rel=\"noopener noreferrer\">Acceder<\/a>&lt;&lt;<\/span><\/p>\n<p>&nbsp;<\/p>\n<h5><strong>Tambi\u00e9n te gustar\u00e1:<\/strong><\/h5>\n<p>TESTIMONIOS DE LOS ALUMNOS DE LA SEXTA EDICI\u00d3N DEL CURSO DE IDENTIDAD DIGITAL.<\/p>\n<blockquote class=\"wp-embedded-content\" data-secret=\"yAqbb1mwJa\"><p><a href=\"https:\/\/stepienybarno.es\/blog\/2017\/05\/10\/testimonios-de-los-alumnos-de-la-sexta-edicion-del-curso-de-identidad-digital\/\">TESTIMONIOS DE LOS ALUMNOS DE LA SEXTA EDICI\u00d3N DEL CURSO DE IDENTIDAD DIGITAL.<\/a><\/p><\/blockquote>\n<p><iframe loading=\"lazy\" class=\"wp-embedded-content\" sandbox=\"allow-scripts\" security=\"restricted\" style=\"position: absolute; clip: rect(1px, 1px, 1px, 1px);\" title=\"\u00abTESTIMONIOS DE LOS ALUMNOS DE LA SEXTA EDICI\u00d3N DEL CURSO DE IDENTIDAD DIGITAL.\u00bb \u2014 Blog de STEPIEN Y BARNO - publicaci\u00f3n digital sobre arquitectura\" src=\"https:\/\/stepienybarno.es\/blog\/2017\/05\/10\/testimonios-de-los-alumnos-de-la-sexta-edicion-del-curso-de-identidad-digital\/embed\/#?secret=yAqbb1mwJa\" data-secret=\"yAqbb1mwJa\" width=\"600\" height=\"338\" frameborder=\"0\" marginwidth=\"0\" marginheight=\"0\" scrolling=\"no\"><\/iframe><\/p>\n<hr \/>\n<h5><strong>Autores del post: <a href=\"https:\/\/stepienybarno.es\/blog\/2011\/09\/04\/las-fortalezas-del-arquitecto\/\">Stepienybarno<\/a> _ Agnieszka Stepien y Lorenzo Barn\u00f3<\/strong><\/h5>\n<h5>Y como siempre, si te gust\u00f3 el post, estar\u00eda genial que lo compartas en tus redes sociales.<\/h5>\n<h5>A su vez, si todav\u00eda no est\u00e1s suscrito a nuestra Newsletter, te animamos a hacerlo en la casilla que tienes al terminar este art\u00edculo.<\/h5>\n<p>&nbsp;<\/p>\n<blockquote><p>Suscribirte a nuestro blog y recibe gratis nuestra gu\u00eda: 10 Ideas para vender m\u00e1s si eres arquitecto<\/p>\n<p>Acceder: <a href=\"http:\/\/bit.ly\/2fkkTS7\">http:\/\/bit.ly\/2fkkTS7<\/a><\/p>\n<p>&nbsp;<\/p>\n<p>Si te interesa contactar con nosotros para que te ayudemos a mejorar tu visibilidad online y, en consecuencia, mejorar tus oportunidades laborales, no dudes en escribirnos a: <a href=\"mailto:blog@stepienybarno.es\">blog@stepienybarno.es<\/a><\/p><\/blockquote>\n<p>&nbsp;<\/p>\n<p><em><a href=\"https:\/\/twitter.com\/stepienybarno\">Stepienybarno en TWITTER<\/a><\/em><\/p>\n<p><em><a href=\"https:\/\/twitter.com\/stepienybarno\">@stepienybarno (+ de 16.000 seguidores)<\/a><\/em><\/p>\n<p><em><a href=\"https:\/\/twitter.com\/stepienybarno?lang=es\">https:\/\/twitter.com\/stepienybarno?lang=es<\/a><\/em><\/p>\n<p><em><a href=\"https:\/\/www.facebook.com\/pages\/BLOG-DE-STEPIENYBARNO\/78001079029\">Stepienybarno en FACEBOOK (+ de 24<u>.000 seguidores)<\/u><\/a><\/em><\/p>\n<p><em><a href=\"https:\/\/www.facebook.com\/StepienyBarnoArquitecturaeIdentidadDigital\/\">https:\/\/www.facebook.com\/StepienyBarnoArquitecturaeIdentidadDigital\/<\/a><\/em><\/p>\n<p><em>Acceder a nuestro GRUPO CERRADO DE FACEBOOK sobre Identidad Digital para Arquitectos:<\/em><\/p>\n<p><em><a href=\"https:\/\/www.facebook.com\/groups\/IdentidadDigitalParaArquitectos\/\">https:\/\/www.facebook.com\/groups\/IdentidadDigitalParaArquitectos\/<\/a><\/em><\/p>\n<p><em>Suscr\u00edbete a nuestro canal de YOUTUBE: <a href=\"http:\/\/bit.ly\/2A1UtAd\">http:\/\/bit.ly\/2A1UtAd<\/a><\/em><\/p>\n<p>&nbsp;<\/p>\n<p>* <a href=\"https:\/\/stepienybarno.es\/blog\/2011\/09\/04\/las-fortalezas-del-arquitecto\/\">Stepienybarno<\/a> est\u00e1 formado por Agnieszka Stepien y Lorenzo Barn\u00f3 y desde mayo del 2009 estamos en la red con la presente publicaci\u00f3n digital (Blog) de arquitectura.<\/p>\n<p>Nuestra actividad se sustenta en tres pilares b\u00e1sicos: la investigaci\u00f3n, la publicaci\u00f3n y la redacci\u00f3n de proyectos de arquitectura.<\/p>\n<p>A su vez, somos socios cofundadores de <a href=\"http:\/\/sinergiasostenible.org\/\">SINERGIA SOSTENIBLE<\/a> y directores del blog de FUNDACI\u00d3N ARQUIA.<\/p>\n","protected":false},"excerpt":{"rendered":"<p>Hoy, os animamos a echar un ojo al post (trabajo<\/p>\n","protected":false},"author":2,"featured_media":44028,"comment_status":"open","ping_status":"closed","sticky":false,"template":"","format":"standard","meta":{"om_disable_all_campaigns":false,"_monsterinsights_skip_tracking":false,"_monsterinsights_sitenote_active":false,"_monsterinsights_sitenote_note":"","_monsterinsights_sitenote_category":0,"_uf_show_specific_survey":0,"_uf_disable_surveys":false,"episode_type":"audio","audio_file":"","cover_image":"","cover_image_id":"","duration":"","filesize":"","date_recorded":"","explicit":"","block":"","filesize_raw":"","footnotes":""},"categories":[244],"tags":[8257,2710,2733,8259],"series":[],"class_list":["post-44027","post","type-post","status-publish","format-standard","has-post-thumbnail","hentry","category-canal-de-arquitectura","tag-aitor-axpe-oyanguren","tag-marketing","tag-marketing-de-contenidos","tag-oskol-arkitektura-tailerra"],"aioseo_notices":[],"episode_featured_image":"https:\/\/stepienybarno.es\/blog\/wp-content\/uploads\/2020\/09\/stepienybarno-Estrategia-empresarial-en-estudios-de-arquitectura-postdeldia.jpg","episode_player_image":"https:\/\/stepienybarno.es\/blog\/wp-content\/uploads\/2020\/11\/stepienybarno-podcast-scaled.jpg","download_link":"","player_link":"","audio_player":false,"episode_data":{"playerMode":"dark","subscribeUrls":[],"rssFeedUrl":"https:\/\/stepienybarno.es\/blog\/feed\/podcast\/podcast-de-stepienybarno","embedCode":"<blockquote class=\"wp-embedded-content\" data-secret=\"qE1jTv59SR\"><a href=\"https:\/\/stepienybarno.es\/blog\/2020\/09\/24\/estrategia-empresarial-en-estudios-de-arquitectura\/\">Estrategia empresarial en estudios de arquitectura<\/a><\/blockquote><iframe sandbox=\"allow-scripts\" security=\"restricted\" src=\"https:\/\/stepienybarno.es\/blog\/2020\/09\/24\/estrategia-empresarial-en-estudios-de-arquitectura\/embed\/#?secret=qE1jTv59SR\" width=\"500\" height=\"350\" title=\"\u00abEstrategia empresarial en estudios de arquitectura\u00bb \u2014 Blog de STEPIEN Y BARNO - publicaci\u00f3n digital sobre arquitectura\" data-secret=\"qE1jTv59SR\" frameborder=\"0\" marginwidth=\"0\" marginheight=\"0\" scrolling=\"no\" class=\"wp-embedded-content\"><\/iframe><script type=\"text\/javascript\">\n\/* <![CDATA[ *\/\n\/*! This file is auto-generated *\/\n!function(d,l){\"use strict\";l.querySelector&&d.addEventListener&&\"undefined\"!=typeof URL&&(d.wp=d.wp||{},d.wp.receiveEmbedMessage||(d.wp.receiveEmbedMessage=function(e){var t=e.data;if((t||t.secret||t.message||t.value)&&!\/[^a-zA-Z0-9]\/.test(t.secret)){for(var s,r,n,a=l.querySelectorAll('iframe[data-secret=\"'+t.secret+'\"]'),o=l.querySelectorAll('blockquote[data-secret=\"'+t.secret+'\"]'),c=new RegExp(\"^https?:$\",\"i\"),i=0;i<o.length;i++)o[i].style.display=\"none\";for(i=0;i<a.length;i++)s=a[i],e.source===s.contentWindow&&(s.removeAttribute(\"style\"),\"height\"===t.message?(1e3<(r=parseInt(t.value,10))?r=1e3:~~r<200&&(r=200),s.height=r):\"link\"===t.message&&(r=new URL(s.getAttribute(\"src\")),n=new URL(t.value),c.test(n.protocol))&&n.host===r.host&&l.activeElement===s&&(d.top.location.href=t.value))}},d.addEventListener(\"message\",d.wp.receiveEmbedMessage,!1),l.addEventListener(\"DOMContentLoaded\",function(){for(var e,t,s=l.querySelectorAll(\"iframe.wp-embedded-content\"),r=0;r<s.length;r++)(t=(e=s[r]).getAttribute(\"data-secret\"))||(t=Math.random().toString(36).substring(2,12),e.src+=\"#?secret=\"+t,e.setAttribute(\"data-secret\",t)),e.contentWindow.postMessage({message:\"ready\",secret:t},\"*\")},!1)))}(window,document);\n\/* ]]> *\/\n<\/script>\n"},"_links":{"self":[{"href":"https:\/\/stepienybarno.es\/blog\/wp-json\/wp\/v2\/posts\/44027"}],"collection":[{"href":"https:\/\/stepienybarno.es\/blog\/wp-json\/wp\/v2\/posts"}],"about":[{"href":"https:\/\/stepienybarno.es\/blog\/wp-json\/wp\/v2\/types\/post"}],"author":[{"embeddable":true,"href":"https:\/\/stepienybarno.es\/blog\/wp-json\/wp\/v2\/users\/2"}],"replies":[{"embeddable":true,"href":"https:\/\/stepienybarno.es\/blog\/wp-json\/wp\/v2\/comments?post=44027"}],"version-history":[{"count":1,"href":"https:\/\/stepienybarno.es\/blog\/wp-json\/wp\/v2\/posts\/44027\/revisions"}],"predecessor-version":[{"id":44029,"href":"https:\/\/stepienybarno.es\/blog\/wp-json\/wp\/v2\/posts\/44027\/revisions\/44029"}],"wp:featuredmedia":[{"embeddable":true,"href":"https:\/\/stepienybarno.es\/blog\/wp-json\/wp\/v2\/media\/44028"}],"wp:attachment":[{"href":"https:\/\/stepienybarno.es\/blog\/wp-json\/wp\/v2\/media?parent=44027"}],"wp:term":[{"taxonomy":"category","embeddable":true,"href":"https:\/\/stepienybarno.es\/blog\/wp-json\/wp\/v2\/categories?post=44027"},{"taxonomy":"post_tag","embeddable":true,"href":"https:\/\/stepienybarno.es\/blog\/wp-json\/wp\/v2\/tags?post=44027"},{"taxonomy":"series","embeddable":true,"href":"https:\/\/stepienybarno.es\/blog\/wp-json\/wp\/v2\/series?post=44027"}],"curies":[{"name":"wp","href":"https:\/\/api.w.org\/{rel}","templated":true}]}}