{"id":44092,"date":"2020-09-30T08:01:23","date_gmt":"2020-09-30T06:01:23","guid":{"rendered":"https:\/\/www.stepienybarno.es\/blog\/?p=44092"},"modified":"2020-09-17T08:47:49","modified_gmt":"2020-09-17T06:47:49","slug":"eficiencia-en-el-entorno-laboral-de-los-servicios-publicos-hemos-perdido-el-foco","status":"publish","type":"post","link":"https:\/\/stepienybarno.es\/blog\/2020\/09\/30\/eficiencia-en-el-entorno-laboral-de-los-servicios-publicos-hemos-perdido-el-foco\/","title":{"rendered":"Eficiencia en el entorno laboral de los servicios p\u00fablicos, \u00bfhemos perdido el foco?"},"content":{"rendered":"<p>Hoy, os animamos a echar un ojo al post (trabajo de curso) que nos hacen llegar los alumnos <strong>Mar\u00eda Aguilar Alejandre y Juan Carlos P\u00e9rez Juidias<\/strong> de la \u00faltima edici\u00f3n de CURSO ONLINE de PRODUCTIVIDAD para arquitectos.<\/p>\n<p>\u00a1Esperamos que sea de vuestro inter\u00e9s!<\/p>\n<p><!--more--><\/p>\n<p style=\"text-align: center;\"><span style=\"color: #808080;\">&#8230;&#8230;&#8230;&#8230;&#8230;&#8230;&#8230;&#8230;&#8230;&#8230;&#8230;&#8230;&#8230;&#8230;&#8230;&#8230;&#8230;&#8230;&#8230;&#8230;&#8230;&#8230;.<\/span><\/p>\n<p><img loading=\"lazy\" decoding=\"async\" class=\"aligncenter size-full wp-image-44095\" src=\"https:\/\/stepienybarno.es\/blog\/wp-content\/uploads\/2020\/09\/stepienyabarno-Eficiencia-en-el-entorno-laboral-de-los-servicios-publicos-\u00bfhemos-perdido-el-foco-postdeldia.jpg\" alt=\"\" width=\"1350\" height=\"900\" srcset=\"https:\/\/stepienybarno.es\/blog\/wp-content\/uploads\/2020\/09\/stepienyabarno-Eficiencia-en-el-entorno-laboral-de-los-servicios-publicos-\u00bfhemos-perdido-el-foco-postdeldia.jpg 1350w, https:\/\/stepienybarno.es\/blog\/wp-content\/uploads\/2020\/09\/stepienyabarno-Eficiencia-en-el-entorno-laboral-de-los-servicios-publicos-\u00bfhemos-perdido-el-foco-postdeldia-550x367.jpg 550w, https:\/\/stepienybarno.es\/blog\/wp-content\/uploads\/2020\/09\/stepienyabarno-Eficiencia-en-el-entorno-laboral-de-los-servicios-publicos-\u00bfhemos-perdido-el-foco-postdeldia-1024x683.jpg 1024w, https:\/\/stepienybarno.es\/blog\/wp-content\/uploads\/2020\/09\/stepienyabarno-Eficiencia-en-el-entorno-laboral-de-los-servicios-publicos-\u00bfhemos-perdido-el-foco-postdeldia-180x120.jpg 180w, https:\/\/stepienybarno.es\/blog\/wp-content\/uploads\/2020\/09\/stepienyabarno-Eficiencia-en-el-entorno-laboral-de-los-servicios-publicos-\u00bfhemos-perdido-el-foco-postdeldia-316x211.jpg 316w\" sizes=\"(max-width: 1350px) 100vw, 1350px\" \/><\/p>\n<p>Desde el \u00e1mbito de estudio de la productividad, uno de los pilares fundamentales para ser eficientes consiste en no perder de vista nuestros objetivos. Para ello, es importante poder dedicarles nuestra atenci\u00f3n, replantearlos cada cierto tiempo, valorar los pasos que nos conducen a ellos y, sobre todo, creer que podemos alcanzarlos ayud\u00e1ndonos de t\u00e9cnicas como la visualizaci\u00f3n. Este tipo de planteamientos son de una tremenda utilidad a nivel individual como se muestra en la ingente bibliograf\u00eda que prolifera sobre estos temas en la actualidad, gran parte de ella no solo enfocada al desarrollo personal sino tambi\u00e9n al \u00e1mbito de las empresas, pero<\/p>\n<p style=\"padding-left: 40px;\">\u00bfQu\u00e9 pasa con organizaciones complejas y colectivas dentro del mundo laboral que no se adaptan exactamente al perfil de empresa como es el caso de los servicios p\u00fablicos?<\/p>\n<p>Si bien es cierto que gran parte de los recursos disponibles de las \u00e1reas de la productividad y la eficiencia se dirigen a lo que hoy se denominan como \u201cemprendedores\u201d, la realidad es que algunas de las herramientas que proporcionan pueden ser perfectamente utilizadas y adaptadas a otros contextos como los servicios p\u00fablicos. En este sentido, nos interesa muy especialmente la cuesti\u00f3n del foco porque entronca directamente con el cumplimiento de los objetivos. Y los objetivos de los servicios p\u00fablicos, en un nivel muy general, deben de ser unos objetivos alcanzables y compartidos por toda la sociedad. Por ello, es fundamental que para llegar a las metas que la sociedad se impone d\u00eda a d\u00eda, los trabajadores p\u00fablicos dediquen tiempo a reflexionar sobre las mismas y a estar enfocados para alcanzarlas.<\/p>\n<p>Seg\u00fan expertos en productividad como Joan Boluda, para mantener el foco es primordial alejarnos de las distracciones e interrupciones innecesarias. Esta cuesti\u00f3n, puede inculcarse a base de formaci\u00f3n y buenos h\u00e1bitos, pero \u00bfqu\u00e9 ocurre cuando es la propia organizaci\u00f3n laboral la que produce un entorno de continua interrupci\u00f3n y desenfoque? Esto sucede en gran medida en el \u00e1mbito laboral de lo p\u00fablico donde los procesos extremos de burocratizaci\u00f3n y control planteados sobre todo como formas de protecci\u00f3n de la responsabilidad institucional terminan por sabotear en muchos casos el foco de sus trabajadores, y, por tanto, de la entidad. Ya sean estos t\u00e9cnicos, maestros, m\u00e9dicos, administrativos, limpiadores, etc. la perdida de foco de los trabajadores p\u00fablicos influye directamente en la consecuci\u00f3n de los objetivos que nos marcamos como sociedad.<\/p>\n<p>Los trabajadores p\u00fablicos trabajan sobre un enorme elefante burocr\u00e1tico al que le cuesta la vida cambiar de direcci\u00f3n. Se llega tarde donde los dem\u00e1s ya est\u00e1n. Es la burocracia dentro de la burocracia. Tambi\u00e9n es cierto que esas din\u00e1micas tienen estrategias que no tienen en cuenta a las diferencias, lo que sirve a los administrativos no sirve para los t\u00e9cnicos de laboratorio o profesorado, pero se engloba en general provocando falta de motivaci\u00f3n para poder enfocar (el foco de nuevo) los cambios. Eso hace que los trabajadores no acepten los cambios como buenos, y cierto es que dar con la organizaci\u00f3n adecuada que sea capaz de aunar voluntades es quiz\u00e1 lo ideal, lo necesario.<\/p>\n<p>Por eso, aparece como una tarea ineludible el emplazarnos a pensar en soluciones para que tanto los trabajadores como las instituciones sean sensibles a este tema. Los trabajadores p\u00fablicos no deben de dejar de trabajar en sus objetivos y, para ello necesitan foco, as\u00ed como disponer de concentraci\u00f3n para dedicarse cada vez m\u00e1s a lo importante y solo lo justo y necesario a lo urgente, como indica Stephen Covey en su <em>Matriz de Gesti\u00f3n del Tiempo<\/em>. Para ello, es vital que los trabajadores p\u00fablicos se formen en materia de productividad y eficiencia y que los responsables de las instituciones dise\u00f1en din\u00e1micas y patrones de funcionamiento que permitan llevarlas a cabo, siempre con la finalidad de alinear todo esto con unos objetivos sociales que son colectivos y nos benefician a todos.<\/p>\n<p><strong>Sobre los autores:<\/strong><br \/>\n<strong>Mar\u00eda Aguilar Alejandre<\/strong>. Doctora arquitecta y docente en la Universidad de Sevilla, forma parte del grupo de investigaci\u00f3n <a href=\"https:\/\/investigacion.us.es\/sisius\/sis_depgrupos.php?ct=&amp;cs=&amp;seltext=HUM-1025&amp;selfield=CodPAI\" target=\"_blank\" rel=\"noopener noreferrer\">Creaci\u00f3n, Arte Gr\u00e1fico, Est\u00e9tica y G\u00e9nero<\/a>.<br \/>\n<a href=\"https:\/\/investigacion.us.es\/sisius\/sis_showpub.php?idpers=9590\" target=\"_blank\" rel=\"noopener noreferrer\"><strong>Juan Carlos P\u00e9rez Juidias<\/strong><\/a>. Mimebro del Fablab Sevilla,b viene participando desde hace a\u00f1os en la noche de los investigadores aportando en cada una de sus participaciones una actividad totalmente nueva y, normalmente, dise\u00f1ada para la noche de los investigadores. \u00abNo soy cient\u00edfico, me considero, entre otras cosas, divulgador tecnol\u00f3gico. Posibilitador de makers, de personas capaces de convertir los conocimientos en m\u00e1quinas y objetos por el placer de aprender y ense\u00f1ar. Lo que m\u00e1s me mueve de mi trabajo es la oportunidad de participar en el conocimiento colaborativo.\u00bb<\/p>\n<p style=\"text-align: center;\"><span style=\"color: #ff0000;\">Ya es posible inscribirse a los cursos a trav\u00e9s de la ESCUELA ON LINE DE SyB para arquitectos.<\/span><\/p>\n<p style=\"text-align: center;\"><span style=\"color: #ff0000;\">Un curso hecho por arquitectos, para arquitectos. Si te interesa mejorar tu visibilidad en la red y, por lo tanto, tus posibilidades laborales \u00a1este es tu curso!<\/span><\/p>\n<p style=\"text-align: center;\"><span style=\"color: #ff0000;\">&gt;<a style=\"color: #ff0000;\" href=\"https:\/\/cursos.stepienybarno.es\/\" target=\"_blank\" rel=\"noopener noreferrer\">Acceder<\/a>&lt;&lt;<\/span><\/p>\n<p>&nbsp;<\/p>\n<h5><strong>Tambi\u00e9n te gustar\u00e1:<\/strong><\/h5>\n<p>TESTIMONIOS DE LOS ALUMNOS DE LA SEXTA EDICI\u00d3N DEL CURSO DE IDENTIDAD DIGITAL.<\/p>\n<blockquote class=\"wp-embedded-content\" data-secret=\"rZAwAyNj3Y\"><p><a href=\"https:\/\/stepienybarno.es\/blog\/2017\/05\/10\/testimonios-de-los-alumnos-de-la-sexta-edicion-del-curso-de-identidad-digital\/\">TESTIMONIOS DE LOS ALUMNOS DE LA SEXTA EDICI\u00d3N DEL CURSO DE IDENTIDAD DIGITAL.<\/a><\/p><\/blockquote>\n<p><iframe loading=\"lazy\" class=\"wp-embedded-content\" sandbox=\"allow-scripts\" security=\"restricted\" style=\"position: absolute; clip: rect(1px, 1px, 1px, 1px);\" title=\"\u00abTESTIMONIOS DE LOS ALUMNOS DE LA SEXTA EDICI\u00d3N DEL CURSO DE IDENTIDAD DIGITAL.\u00bb \u2014 Blog de STEPIEN Y BARNO - publicaci\u00f3n digital sobre arquitectura\" src=\"https:\/\/stepienybarno.es\/blog\/2017\/05\/10\/testimonios-de-los-alumnos-de-la-sexta-edicion-del-curso-de-identidad-digital\/embed\/#?secret=rZAwAyNj3Y\" data-secret=\"rZAwAyNj3Y\" width=\"600\" height=\"338\" frameborder=\"0\" marginwidth=\"0\" marginheight=\"0\" scrolling=\"no\"><\/iframe><\/p>\n<hr \/>\n<h5><strong>Autores del post: <a href=\"https:\/\/stepienybarno.es\/blog\/2011\/09\/04\/las-fortalezas-del-arquitecto\/\">Stepienybarno<\/a> _ Agnieszka Stepien y Lorenzo Barn\u00f3<\/strong><\/h5>\n<h5>Y como siempre, si te gust\u00f3 el post, estar\u00eda genial que lo compartas en tus redes sociales.<\/h5>\n<h5>A su vez, si todav\u00eda no est\u00e1s suscrito a nuestra Newsletter, te animamos a hacerlo en la casilla que tienes al terminar este art\u00edculo.<\/h5>\n<p>&nbsp;<\/p>\n<blockquote><p>Suscribirte a nuestro blog y recibe gratis nuestra gu\u00eda: 10 Ideas para vender m\u00e1s si eres arquitecto<\/p>\n<p>Acceder: <a href=\"http:\/\/bit.ly\/2fkkTS7\">http:\/\/bit.ly\/2fkkTS7<\/a><\/p>\n<p>&nbsp;<\/p>\n<p>Si te interesa contactar con nosotros para que te ayudemos a mejorar tu visibilidad online y, en consecuencia, mejorar tus oportunidades laborales, no dudes en escribirnos a: <a href=\"mailto:blog@stepienybarno.es\">blog@stepienybarno.es<\/a><\/p><\/blockquote>\n<p>&nbsp;<\/p>\n<p><em><a href=\"https:\/\/twitter.com\/stepienybarno\">Stepienybarno en TWITTER<\/a><\/em><\/p>\n<p><em><a href=\"https:\/\/twitter.com\/stepienybarno\">@stepienybarno (+ de 16.000 seguidores)<\/a><\/em><\/p>\n<p><em><a href=\"https:\/\/twitter.com\/stepienybarno?lang=es\">https:\/\/twitter.com\/stepienybarno?lang=es<\/a><\/em><\/p>\n<p><em><a href=\"https:\/\/www.facebook.com\/pages\/BLOG-DE-STEPIENYBARNO\/78001079029\">Stepienybarno en FACEBOOK (+ de 24<u>.000 seguidores)<\/u><\/a><\/em><\/p>\n<p><em><a href=\"https:\/\/www.facebook.com\/StepienyBarnoArquitecturaeIdentidadDigital\/\">https:\/\/www.facebook.com\/StepienyBarnoArquitecturaeIdentidadDigital\/<\/a><\/em><\/p>\n<p><em>Acceder a nuestro GRUPO CERRADO DE FACEBOOK sobre Identidad Digital para Arquitectos:<\/em><\/p>\n<p><em><a href=\"https:\/\/www.facebook.com\/groups\/IdentidadDigitalParaArquitectos\/\">https:\/\/www.facebook.com\/groups\/IdentidadDigitalParaArquitectos\/<\/a><\/em><\/p>\n<p><em>Suscr\u00edbete a nuestro canal de YOUTUBE: <a href=\"http:\/\/bit.ly\/2A1UtAd\">http:\/\/bit.ly\/2A1UtAd<\/a><\/em><\/p>\n<p>&nbsp;<\/p>\n<p>* <a href=\"https:\/\/stepienybarno.es\/blog\/2011\/09\/04\/las-fortalezas-del-arquitecto\/\">Stepienybarno<\/a> est\u00e1 formado por Agnieszka Stepien y Lorenzo Barn\u00f3 y desde mayo del 2009 estamos en la red con la presente publicaci\u00f3n digital (Blog) de arquitectura.<\/p>\n<p>Nuestra actividad se sustenta en tres pilares b\u00e1sicos: la investigaci\u00f3n, la publicaci\u00f3n y la redacci\u00f3n de proyectos de arquitectura.<\/p>\n<p>A su vez, somos socios cofundadores de <a href=\"http:\/\/sinergiasostenible.org\/\">SINERGIA SOSTENIBLE<\/a> y directores del blog de FUNDACI\u00d3N ARQUIA.<\/p>\n","protected":false},"excerpt":{"rendered":"<p>Hoy, os animamos a echar un ojo al post (trabajo<\/p>\n","protected":false},"author":2,"featured_media":44095,"comment_status":"open","ping_status":"closed","sticky":false,"template":"","format":"standard","meta":{"om_disable_all_campaigns":false,"_monsterinsights_skip_tracking":false,"_monsterinsights_sitenote_active":false,"_monsterinsights_sitenote_note":"","_monsterinsights_sitenote_category":0,"_uf_show_specific_survey":0,"_uf_disable_surveys":false,"episode_type":"audio","audio_file":"","cover_image":"","cover_image_id":"","duration":"","filesize":"","date_recorded":"","explicit":"","block":"","filesize_raw":"","footnotes":""},"categories":[244],"tags":[4087,7391,186,5879,8373,8372],"series":[],"class_list":["post-44092","post","type-post","status-publish","format-standard","has-post-thumbnail","hentry","category-canal-de-arquitectura","tag-arquitecto-productivo","tag-eficiencia-y-productividad","tag-el-tiempo-en-el-proyecto","tag-joan-boluda","tag-juan-carlos-perez-juidias","tag-maria-aguilar-alejandre"],"aioseo_notices":[],"episode_featured_image":"https:\/\/stepienybarno.es\/blog\/wp-content\/uploads\/2020\/09\/stepienyabarno-Eficiencia-en-el-entorno-laboral-de-los-servicios-publicos-\u00bfhemos-perdido-el-foco-postdeldia.jpg","episode_player_image":"https:\/\/stepienybarno.es\/blog\/wp-content\/uploads\/2020\/11\/stepienybarno-podcast-scaled.jpg","download_link":"","player_link":"","audio_player":false,"episode_data":{"playerMode":"dark","subscribeUrls":[],"rssFeedUrl":"https:\/\/stepienybarno.es\/blog\/feed\/podcast\/podcast-de-stepienybarno","embedCode":"<blockquote class=\"wp-embedded-content\" data-secret=\"IoTDXwRioa\"><a href=\"https:\/\/stepienybarno.es\/blog\/2020\/09\/30\/eficiencia-en-el-entorno-laboral-de-los-servicios-publicos-hemos-perdido-el-foco\/\">Eficiencia en el entorno laboral de los servicios p\u00fablicos, \u00bfhemos perdido el foco?<\/a><\/blockquote><iframe sandbox=\"allow-scripts\" security=\"restricted\" src=\"https:\/\/stepienybarno.es\/blog\/2020\/09\/30\/eficiencia-en-el-entorno-laboral-de-los-servicios-publicos-hemos-perdido-el-foco\/embed\/#?secret=IoTDXwRioa\" width=\"500\" height=\"350\" title=\"\u00abEficiencia en el entorno laboral de los servicios p\u00fablicos, \u00bfhemos perdido el foco?\u00bb \u2014 Blog de STEPIEN Y BARNO - publicaci\u00f3n digital sobre arquitectura\" data-secret=\"IoTDXwRioa\" frameborder=\"0\" marginwidth=\"0\" marginheight=\"0\" scrolling=\"no\" class=\"wp-embedded-content\"><\/iframe><script type=\"text\/javascript\">\n\/* <![CDATA[ *\/\n\/*! This file is auto-generated *\/\n!function(d,l){\"use strict\";l.querySelector&&d.addEventListener&&\"undefined\"!=typeof URL&&(d.wp=d.wp||{},d.wp.receiveEmbedMessage||(d.wp.receiveEmbedMessage=function(e){var t=e.data;if((t||t.secret||t.message||t.value)&&!\/[^a-zA-Z0-9]\/.test(t.secret)){for(var s,r,n,a=l.querySelectorAll('iframe[data-secret=\"'+t.secret+'\"]'),o=l.querySelectorAll('blockquote[data-secret=\"'+t.secret+'\"]'),c=new RegExp(\"^https?:$\",\"i\"),i=0;i<o.length;i++)o[i].style.display=\"none\";for(i=0;i<a.length;i++)s=a[i],e.source===s.contentWindow&&(s.removeAttribute(\"style\"),\"height\"===t.message?(1e3<(r=parseInt(t.value,10))?r=1e3:~~r<200&&(r=200),s.height=r):\"link\"===t.message&&(r=new URL(s.getAttribute(\"src\")),n=new URL(t.value),c.test(n.protocol))&&n.host===r.host&&l.activeElement===s&&(d.top.location.href=t.value))}},d.addEventListener(\"message\",d.wp.receiveEmbedMessage,!1),l.addEventListener(\"DOMContentLoaded\",function(){for(var e,t,s=l.querySelectorAll(\"iframe.wp-embedded-content\"),r=0;r<s.length;r++)(t=(e=s[r]).getAttribute(\"data-secret\"))||(t=Math.random().toString(36).substring(2,12),e.src+=\"#?secret=\"+t,e.setAttribute(\"data-secret\",t)),e.contentWindow.postMessage({message:\"ready\",secret:t},\"*\")},!1)))}(window,document);\n\/* ]]> *\/\n<\/script>\n"},"_links":{"self":[{"href":"https:\/\/stepienybarno.es\/blog\/wp-json\/wp\/v2\/posts\/44092"}],"collection":[{"href":"https:\/\/stepienybarno.es\/blog\/wp-json\/wp\/v2\/posts"}],"about":[{"href":"https:\/\/stepienybarno.es\/blog\/wp-json\/wp\/v2\/types\/post"}],"author":[{"embeddable":true,"href":"https:\/\/stepienybarno.es\/blog\/wp-json\/wp\/v2\/users\/2"}],"replies":[{"embeddable":true,"href":"https:\/\/stepienybarno.es\/blog\/wp-json\/wp\/v2\/comments?post=44092"}],"version-history":[{"count":4,"href":"https:\/\/stepienybarno.es\/blog\/wp-json\/wp\/v2\/posts\/44092\/revisions"}],"predecessor-version":[{"id":44104,"href":"https:\/\/stepienybarno.es\/blog\/wp-json\/wp\/v2\/posts\/44092\/revisions\/44104"}],"wp:featuredmedia":[{"embeddable":true,"href":"https:\/\/stepienybarno.es\/blog\/wp-json\/wp\/v2\/media\/44095"}],"wp:attachment":[{"href":"https:\/\/stepienybarno.es\/blog\/wp-json\/wp\/v2\/media?parent=44092"}],"wp:term":[{"taxonomy":"category","embeddable":true,"href":"https:\/\/stepienybarno.es\/blog\/wp-json\/wp\/v2\/categories?post=44092"},{"taxonomy":"post_tag","embeddable":true,"href":"https:\/\/stepienybarno.es\/blog\/wp-json\/wp\/v2\/tags?post=44092"},{"taxonomy":"series","embeddable":true,"href":"https:\/\/stepienybarno.es\/blog\/wp-json\/wp\/v2\/series?post=44092"}],"curies":[{"name":"wp","href":"https:\/\/api.w.org\/{rel}","templated":true}]}}