{"id":44132,"date":"2020-09-22T10:27:16","date_gmt":"2020-09-22T08:27:16","guid":{"rendered":"https:\/\/www.stepienybarno.es\/blog\/?p=44132"},"modified":"2020-09-25T09:49:17","modified_gmt":"2020-09-25T07:49:17","slug":"episodio-46-arquicafe-con-maria-auxiliadora-galvez","status":"publish","type":"post","link":"https:\/\/stepienybarno.es\/blog\/2020\/09\/22\/episodio-46-arquicafe-con-maria-auxiliadora-galvez\/","title":{"rendered":"Episodio 46: Arquicaf\u00e9 con Mar\u00eda Auxiliadora Galvez"},"content":{"rendered":"<p>&nbsp;<\/p>\n<p><img loading=\"lazy\" decoding=\"async\" class=\"aligncenter wp-image-44135 size-large\" src=\"https:\/\/stepienybarno.es\/blog\/wp-content\/uploads\/2020\/09\/miniatura-GALVEZ-1024x576.jpg\" alt=\"\" width=\"911\" height=\"512\" srcset=\"https:\/\/stepienybarno.es\/blog\/wp-content\/uploads\/2020\/09\/miniatura-GALVEZ-1024x576.jpg 1024w, https:\/\/stepienybarno.es\/blog\/wp-content\/uploads\/2020\/09\/miniatura-GALVEZ-550x309.jpg 550w, https:\/\/stepienybarno.es\/blog\/wp-content\/uploads\/2020\/09\/miniatura-GALVEZ-180x101.jpg 180w, https:\/\/stepienybarno.es\/blog\/wp-content\/uploads\/2020\/09\/miniatura-GALVEZ-1536x864.jpg 1536w, https:\/\/stepienybarno.es\/blog\/wp-content\/uploads\/2020\/09\/miniatura-GALVEZ-2048x1152.jpg 2048w, https:\/\/stepienybarno.es\/blog\/wp-content\/uploads\/2020\/09\/miniatura-GALVEZ-316x178.jpg 316w\" sizes=\"(max-width: 911px) 100vw, 911px\" \/><\/p>\n<p>&nbsp;<\/p>\n<p>Hoy nos tomamos un Arquicaf\u00e9 con <a href=\"http:\/\/psaap.com\/\"><strong>M\u00aa Auxiliadora Galvez.<\/strong><\/a><\/p>\n<p>Maria Auxiliadora es un apasionada las posibilidades de <strong>la coreograf\u00eda<\/strong> y<strong> el movimiento<\/strong> como laboratorios experimentales para la <strong>arquitectura<\/strong>\u00a0. Esperamos que disfrut\u00e9is la entrevista tanto como nosotros. Gracias Auxi.<!--more--><\/p>\n<p>M\u00aa Auxiliadora es doctora en arquitectura y profesora del m\u00e9todo Feldenkrais de educaci\u00f3n som\u00e1tica.<\/p>\n<p>Desde 2016 dirige la <strong><a href=\"http:\/\/psaap.com\/blog\/\">\u201cPlataforma de Som\u00e1tica aplicada a la Arquitectura y el Paisaje\u201d<\/a><\/strong> (PSAAP). Es profesora de la U.S.P-C.E.U en Madrid y participa asiduamente en otras instituciones nacionales y extranjeras. Ha sido seleccionada en\u00a0<strong>dos ocasiones para la Bienal de Venecia<\/strong>\u00a0y ha obtenido diversos premios internacionales destacando las ediciones\u00a0<strong>VI, VII y IX de EUROPAN<\/strong>.<\/p>\n<p>En la actualidad trabaja en\u00a0<strong>Arquitectura y Paisaje<\/strong> desde un punto de vista \u201ccorporeizado\u201d e investiga las posibilidades de la \u201ccognici\u00f3n corporeizada\u201d y el movimiento en la pedagog\u00eda y en el desarrollo de estas disciplinas. Es autora, editado por ediciones asim\u00e9tricas, de <a href=\"https:\/\/edicionesasimetricas.com\/Espacio-somatico-Cuerpos-multiples-Maria-Auxiliadora-Galvez\"><strong>\u201cEspacio Som\u00e1tico.Cuerpos M\u00faltiples\u201d<\/strong><\/a><\/p>\n<p>Web:\u00a0<strong><a href=\"http:\/\/www.psaap.com\/\">www.psaap.com<\/a><\/strong><br \/>\nFacebook:\u00a0<strong><a href=\"https:\/\/www.facebook.com\/Plataforma-de-Som%C3%A1tica-Aplicada-a-la-Arquitectura-y-el-Paisaje-117632268706318\/\">Plataforma de Som\u00e1tica aplicada a la Arquitectura y el Paisaje<\/a><\/strong><br \/>\nInstagram:\u00a0\u00a0<strong><a href=\"https:\/\/www.instagram.com\/psaap_l\/\">@psaap_l\u00a0<\/a><\/strong>\u00a0\u00a0y\u00a0 \u00a0<strong><a href=\"https:\/\/www.instagram.com\/maria_gpmlgp\/\">@maria_gpmlgp<\/a><\/strong><\/p>\n<p>&nbsp;<\/p>\n<p><iframe loading=\"lazy\" title=\"Entrevista #arquicaf\u00e9 con Auxi G\u00e1lvez\" width=\"911\" height=\"512\" src=\"https:\/\/www.youtube.com\/embed\/THaT8G5pPBs?feature=oembed\" frameborder=\"0\" allow=\"accelerometer; autoplay; clipboard-write; encrypted-media; gyroscope; picture-in-picture\" allowfullscreen><\/iframe><\/p>\n<p style=\"text-align: center;\">Si quieres conocer mas sobre nuestra amiga Mar\u00eda Auxiliadora G\u00e1lvez no olvides visitar su participaci\u00f3n en nuestro debate<\/p>\n<p style=\"text-align: center;\"><a href=\"https:\/\/stepienybarno.es\/blog\/2020\/05\/29\/debate-online-sobre-arquitectura-y-danza\/\"><strong>Arquitectura y Danza<\/strong><\/a><\/p>\n<blockquote class=\"wp-embedded-content\" data-secret=\"SijDTKpLjI\"><p><a href=\"https:\/\/stepienybarno.es\/blog\/2020\/05\/29\/debate-online-sobre-arquitectura-y-danza\/\">Debate ONLINE sobre Arquitectura y Danza<\/a><\/p><\/blockquote>\n<p><iframe loading=\"lazy\" class=\"wp-embedded-content\" sandbox=\"allow-scripts\" security=\"restricted\" style=\"position: absolute; clip: rect(1px, 1px, 1px, 1px);\" title=\"\u00abDebate ONLINE sobre Arquitectura y Danza\u00bb \u2014 Blog de STEPIEN Y BARNO - publicaci\u00f3n digital sobre arquitectura\" src=\"https:\/\/stepienybarno.es\/blog\/2020\/05\/29\/debate-online-sobre-arquitectura-y-danza\/embed\/#?secret=SijDTKpLjI\" data-secret=\"SijDTKpLjI\" width=\"600\" height=\"338\" frameborder=\"0\" marginwidth=\"0\" marginheight=\"0\" scrolling=\"no\"><\/iframe><\/p>\n<p>&nbsp;<\/p>\n","protected":false},"excerpt":{"rendered":"<p>&nbsp; &nbsp; Hoy nos tomamos un Arquicaf\u00e9 con M\u00aa Auxiliadora<\/p>\n","protected":false},"author":2,"featured_media":44135,"comment_status":"open","ping_status":"closed","sticky":false,"template":"","format":"standard","meta":{"om_disable_all_campaigns":false,"_monsterinsights_skip_tracking":false,"_monsterinsights_sitenote_active":false,"_monsterinsights_sitenote_note":"","_monsterinsights_sitenote_category":0,"_uf_show_specific_survey":0,"_uf_disable_surveys":false,"episode_type":"audio","audio_file":"https:\/\/stepienybarno.es\/blog\/wp-content\/uploads\/2020\/09\/audio-GALVEZ.mp3","cover_image":"","cover_image_id":"","duration":"33:11","filesize":"11.41M","date_recorded":"","explicit":"","block":"","filesize_raw":"11960169","footnotes":""},"categories":[34,63],"tags":[2734,8380,6490,8209,8379,7997,6505],"series":[10115],"class_list":["post-44132","post","type-post","status-publish","format-standard","has-post-thumbnail","hentry","category-actualidad","category-arqui-entrevista","tag-europan","tag-feldenkrais","tag-ma-auxiliadora-galvez-perez","tag-maria-auxiliadora-galvez","tag-plataforma-de-somatica-aplicada-a-la-arquitectura-y-el-paisaje","tag-podcast","tag-psaap","series-podcast-de-stepienybarno"],"aioseo_notices":[],"episode_featured_image":"https:\/\/stepienybarno.es\/blog\/wp-content\/uploads\/2020\/09\/miniatura-GALVEZ-scaled.jpg","episode_player_image":"https:\/\/stepienybarno.es\/blog\/wp-content\/uploads\/2020\/11\/stepienybarno-podcast-scaled.jpg","download_link":"https:\/\/stepienybarno.es\/blog\/podcast-download\/44132\/episodio-46-arquicafe-con-maria-auxiliadora-galvez.mp3","player_link":"https:\/\/stepienybarno.es\/blog\/podcast-player\/44132\/episodio-46-arquicafe-con-maria-auxiliadora-galvez.mp3","audio_player":"<!--[if lt IE 9]><script>document.createElement('audio');<\/script><![endif]-->\n<audio class=\"wp-audio-shortcode\" id=\"audio-44132-1\" preload=\"none\" style=\"width: 100%;\" controls=\"controls\"><source type=\"audio\/mpeg\" src=\"https:\/\/stepienybarno.es\/blog\/podcast-player\/44132\/episodio-46-arquicafe-con-maria-auxiliadora-galvez.mp3?_=1\" \/><a href=\"https:\/\/stepienybarno.es\/blog\/podcast-player\/44132\/episodio-46-arquicafe-con-maria-auxiliadora-galvez.mp3\">https:\/\/stepienybarno.es\/blog\/podcast-player\/44132\/episodio-46-arquicafe-con-maria-auxiliadora-galvez.mp3<\/a><\/audio>","episode_data":{"playerMode":"dark","subscribeUrls":[],"rssFeedUrl":"https:\/\/stepienybarno.es\/blog\/feed\/podcast\/podcast-de-stepienybarno","embedCode":"<blockquote class=\"wp-embedded-content\" data-secret=\"iSw3SE7knO\"><a href=\"https:\/\/stepienybarno.es\/blog\/2020\/09\/22\/episodio-46-arquicafe-con-maria-auxiliadora-galvez\/\">Episodio 46: Arquicaf\u00e9 con Mar\u00eda Auxiliadora Galvez<\/a><\/blockquote><iframe sandbox=\"allow-scripts\" security=\"restricted\" src=\"https:\/\/stepienybarno.es\/blog\/2020\/09\/22\/episodio-46-arquicafe-con-maria-auxiliadora-galvez\/embed\/#?secret=iSw3SE7knO\" width=\"500\" height=\"350\" title=\"\u00abEpisodio 46: Arquicaf\u00e9 con Mar\u00eda Auxiliadora Galvez\u00bb \u2014 Blog de STEPIEN Y BARNO - publicaci\u00f3n digital sobre arquitectura\" data-secret=\"iSw3SE7knO\" frameborder=\"0\" marginwidth=\"0\" marginheight=\"0\" scrolling=\"no\" class=\"wp-embedded-content\"><\/iframe><script type=\"text\/javascript\">\n\/* <![CDATA[ *\/\n\/*! This file is auto-generated *\/\n!function(d,l){\"use strict\";l.querySelector&&d.addEventListener&&\"undefined\"!=typeof URL&&(d.wp=d.wp||{},d.wp.receiveEmbedMessage||(d.wp.receiveEmbedMessage=function(e){var t=e.data;if((t||t.secret||t.message||t.value)&&!\/[^a-zA-Z0-9]\/.test(t.secret)){for(var s,r,n,a=l.querySelectorAll('iframe[data-secret=\"'+t.secret+'\"]'),o=l.querySelectorAll('blockquote[data-secret=\"'+t.secret+'\"]'),c=new RegExp(\"^https?:$\",\"i\"),i=0;i<o.length;i++)o[i].style.display=\"none\";for(i=0;i<a.length;i++)s=a[i],e.source===s.contentWindow&&(s.removeAttribute(\"style\"),\"height\"===t.message?(1e3<(r=parseInt(t.value,10))?r=1e3:~~r<200&&(r=200),s.height=r):\"link\"===t.message&&(r=new URL(s.getAttribute(\"src\")),n=new URL(t.value),c.test(n.protocol))&&n.host===r.host&&l.activeElement===s&&(d.top.location.href=t.value))}},d.addEventListener(\"message\",d.wp.receiveEmbedMessage,!1),l.addEventListener(\"DOMContentLoaded\",function(){for(var e,t,s=l.querySelectorAll(\"iframe.wp-embedded-content\"),r=0;r<s.length;r++)(t=(e=s[r]).getAttribute(\"data-secret\"))||(t=Math.random().toString(36).substring(2,12),e.src+=\"#?secret=\"+t,e.setAttribute(\"data-secret\",t)),e.contentWindow.postMessage({message:\"ready\",secret:t},\"*\")},!1)))}(window,document);\n\/* ]]> *\/\n<\/script>\n"},"_links":{"self":[{"href":"https:\/\/stepienybarno.es\/blog\/wp-json\/wp\/v2\/posts\/44132"}],"collection":[{"href":"https:\/\/stepienybarno.es\/blog\/wp-json\/wp\/v2\/posts"}],"about":[{"href":"https:\/\/stepienybarno.es\/blog\/wp-json\/wp\/v2\/types\/post"}],"author":[{"embeddable":true,"href":"https:\/\/stepienybarno.es\/blog\/wp-json\/wp\/v2\/users\/2"}],"replies":[{"embeddable":true,"href":"https:\/\/stepienybarno.es\/blog\/wp-json\/wp\/v2\/comments?post=44132"}],"version-history":[{"count":3,"href":"https:\/\/stepienybarno.es\/blog\/wp-json\/wp\/v2\/posts\/44132\/revisions"}],"predecessor-version":[{"id":44138,"href":"https:\/\/stepienybarno.es\/blog\/wp-json\/wp\/v2\/posts\/44132\/revisions\/44138"}],"wp:featuredmedia":[{"embeddable":true,"href":"https:\/\/stepienybarno.es\/blog\/wp-json\/wp\/v2\/media\/44135"}],"wp:attachment":[{"href":"https:\/\/stepienybarno.es\/blog\/wp-json\/wp\/v2\/media?parent=44132"}],"wp:term":[{"taxonomy":"category","embeddable":true,"href":"https:\/\/stepienybarno.es\/blog\/wp-json\/wp\/v2\/categories?post=44132"},{"taxonomy":"post_tag","embeddable":true,"href":"https:\/\/stepienybarno.es\/blog\/wp-json\/wp\/v2\/tags?post=44132"},{"taxonomy":"series","embeddable":true,"href":"https:\/\/stepienybarno.es\/blog\/wp-json\/wp\/v2\/series?post=44132"}],"curies":[{"name":"wp","href":"https:\/\/api.w.org\/{rel}","templated":true}]}}