{"id":44205,"date":"2020-10-01T08:02:12","date_gmt":"2020-10-01T06:02:12","guid":{"rendered":"https:\/\/www.stepienybarno.es\/blog\/?p=44205"},"modified":"2020-09-30T11:16:40","modified_gmt":"2020-09-30T09:16:40","slug":"donde-acaba-la-obsesion-espanola-por-colorear-edificios-de-okuda-a-boa-mistura","status":"publish","type":"post","link":"https:\/\/stepienybarno.es\/blog\/2020\/10\/01\/donde-acaba-la-obsesion-espanola-por-colorear-edificios-de-okuda-a-boa-mistura\/","title":{"rendered":"D\u00f3nde acaba la obsesi\u00f3n espa\u00f1ola por colorear edificios: de Okuda a Boa Mistura"},"content":{"rendered":"<div id=\"attachment_44206\" style=\"width: 1970px\" class=\"wp-caption aligncenter\"><img loading=\"lazy\" decoding=\"async\" aria-describedby=\"caption-attachment-44206\" class=\"size-full wp-image-44206\" src=\"https:\/\/stepienybarno.es\/blog\/wp-content\/uploads\/2020\/09\/stepienybarno-Donde-acaba-la-obsesion-espanola-por-colorear-edificios-de-Okuda-a-Boa-Mistura-postdeldia.jpg\" alt=\"\" width=\"1960\" height=\"1395\" srcset=\"https:\/\/stepienybarno.es\/blog\/wp-content\/uploads\/2020\/09\/stepienybarno-Donde-acaba-la-obsesion-espanola-por-colorear-edificios-de-Okuda-a-Boa-Mistura-postdeldia.jpg 1960w, https:\/\/stepienybarno.es\/blog\/wp-content\/uploads\/2020\/09\/stepienybarno-Donde-acaba-la-obsesion-espanola-por-colorear-edificios-de-Okuda-a-Boa-Mistura-postdeldia-550x391.jpg 550w, https:\/\/stepienybarno.es\/blog\/wp-content\/uploads\/2020\/09\/stepienybarno-Donde-acaba-la-obsesion-espanola-por-colorear-edificios-de-Okuda-a-Boa-Mistura-postdeldia-984x700.jpg 984w, https:\/\/stepienybarno.es\/blog\/wp-content\/uploads\/2020\/09\/stepienybarno-Donde-acaba-la-obsesion-espanola-por-colorear-edificios-de-Okuda-a-Boa-Mistura-postdeldia-180x128.jpg 180w, https:\/\/stepienybarno.es\/blog\/wp-content\/uploads\/2020\/09\/stepienybarno-Donde-acaba-la-obsesion-espanola-por-colorear-edificios-de-Okuda-a-Boa-Mistura-postdeldia-1536x1093.jpg 1536w, https:\/\/stepienybarno.es\/blog\/wp-content\/uploads\/2020\/09\/stepienybarno-Donde-acaba-la-obsesion-espanola-por-colorear-edificios-de-Okuda-a-Boa-Mistura-postdeldia-316x225.jpg 316w\" sizes=\"(max-width: 1960px) 100vw, 1960px\" \/><p id=\"caption-attachment-44206\" class=\"wp-caption-text\">A la izquierda Okuda San Miguel frente al faro de Ajo, en Cantabria, despu\u00e9s de su intervenci\u00f3n. A la derecha, el polideportivo de La Alh\u00f3ndiga, en Getafe, de Fisac, una vez pintado por el colectivo Boa Mistura. | EFE \/ Cultura inquieta<\/p><\/div>\n<h1><strong>Por: <span class=\"css-acjdas\">Marc Luelmo<br \/>\n<\/span><\/strong><\/h1>\n<h2><strong>Desde: Icon El Pa\u00eds<br \/>\n<\/strong><\/h2>\n<h2>Fotograf\u00eda: A la izquierda Okuda San Miguel frente al faro de Ajo, en Cantabria, despu\u00e9s de su intervenci\u00f3n. A la derecha, el polideportivo de La Alh\u00f3ndiga, en Getafe, de Fisac, una vez pintado por el colectivo Boa Mistura. | EFE \/ Cultura inquieta<\/h2>\n<p><!--more--><\/p>\n<p>Una nueva tendencia <em>pintora<\/em> de los ayuntamientos espa\u00f1oles ha multiplicado los encontronazos entre los murales de colores que impulsan y las asociaciones que velan por la conservaci\u00f3n del patrimonio hist\u00f3rico. Los \u00faltimos ejemplos, en solo un mes, <a href=\"https:\/\/elpais.com\/elpais\/2020\/08\/26\/icon_design\/1598463135_906500.html\" target=\"_blank\" rel=\"noopener noreferrer\">el faro de Ajo, en Cantabria, una construcci\u00f3n de 1930 que el artista urbano Okuda San Miguel utiliz\u00f3 como lienzo en blanco<\/a> por encargo de Miguel \u00c1ngel Revilla, presidente de la comunidad; y el polideportivo de la Alh\u00f3ndiga, obra de Miguel Fisac, que el Ayuntamiento de Getafe decidi\u00f3 <a href=\"https:\/\/elpais.com\/cultura\/2020-09-23\/el-ayuntamiento-de-getafe-colorea-la-ultima-obra-de-miguel-fisac-para-embellecerla.html\" target=\"_blank\" rel=\"noopener noreferrer\">\u00abembellecer\u00bb con un mural a cargo del colectivo Boa Mistura<\/a>. Para los expertos, lo que comenz\u00f3 con acciones de revitalizaci\u00f3n de barrios en peligro de exclusi\u00f3n y como una apropiaci\u00f3n del espacio p\u00fablico se est\u00e1 convirtiendo en un riesgo para el patrimonio.<\/p>\n<p style=\"padding-left: 40px;\">\u00bfD\u00f3nde est\u00e1 el l\u00edmite?<\/p>\n<p>&nbsp;<\/p>\n<p>&nbsp;<\/p>\n<p style=\"text-align: center;\">Acceder al Post <a href=\"https:\/\/bit.ly\/3jjGNqo\" target=\"_blank\" rel=\"noopener noreferrer\">AQU\u00cd<\/a><\/p>\n<p>&nbsp;<\/p>\n<p><iframe loading=\"lazy\" title=\"\u00bfPara qu\u00e9 sirve un ARQUITECTO \/a? Por Jordi Ludevid\" width=\"911\" height=\"512\" src=\"https:\/\/www.youtube.com\/embed\/videoseries?list=PL9KCMehqFIajpdVXSncYV0J1ef6ms4zRx\" frameborder=\"0\" allow=\"accelerometer; autoplay; clipboard-write; encrypted-media; gyroscope; picture-in-picture\" allowfullscreen><\/iframe><\/p>\n<hr \/>\n<h5><strong>Autores del post: <a href=\"https:\/\/stepienybarno.es\/blog\/2011\/09\/04\/las-fortalezas-del-arquitecto\/\">Stepienybarno<\/a> _ Agnieszka Stepien y Lorenzo Barn\u00f3<\/strong><\/h5>\n<h5>Y como siempre, si te gust\u00f3 el post, estar\u00eda genial que lo compartas en tus redes sociales.<\/h5>\n<h5>A su vez, si todav\u00eda no est\u00e1s suscrito a nuestra Newsletter, te animamos a hacerlo en la casilla que tienes al terminar este art\u00edculo.<\/h5>\n<p>&nbsp;<\/p>\n<blockquote><p>Suscribirte a nuestro blog y recibe gratis nuestra gu\u00eda: 10 Ideas para vender m\u00e1s si eres arquitecto<\/p>\n<p>Acceder: <a href=\"http:\/\/bit.ly\/2fkkTS7\">http:\/\/bit.ly\/2fkkTS7<\/a><\/p>\n<p>&nbsp;<\/p>\n<p>Si te interesa contactar con nosotros para que te ayudemos a mejorar tu visibilidad online y, en consecuencia, mejorar tus oportunidades laborales, no dudes en escribirnos a: <a href=\"mailto:blog@stepienybarno.es\">blog@stepienybarno.es<\/a><\/p><\/blockquote>\n<p>&nbsp;<\/p>\n<p><em><a href=\"https:\/\/twitter.com\/stepienybarno\">Stepienybarno en TWITTER<\/a><\/em><\/p>\n<p><em><a href=\"https:\/\/twitter.com\/stepienybarno\">@stepienybarno (+ de 16.000 seguidores)<\/a><\/em><\/p>\n<p><em><a href=\"https:\/\/twitter.com\/stepienybarno?lang=es\">https:\/\/twitter.com\/stepienybarno?lang=es<\/a><\/em><\/p>\n<p><em><a href=\"https:\/\/www.facebook.com\/pages\/BLOG-DE-STEPIENYBARNO\/78001079029\">Stepienybarno en FACEBOOK (+ de 24<u>.000 seguidores)<\/u><\/a><\/em><\/p>\n<p><em><a href=\"https:\/\/www.facebook.com\/StepienyBarnoArquitecturaeIdentidadDigital\/\">https:\/\/www.facebook.com\/StepienyBarnoArquitecturaeIdentidadDigital\/<\/a><\/em><\/p>\n<p><em>Acceder a nuestro GRUPO CERRADO DE FACEBOOK sobre Identidad Digital para Arquitectos:<\/em><\/p>\n<p><em><a href=\"https:\/\/www.facebook.com\/groups\/IdentidadDigitalParaArquitectos\/\">https:\/\/www.facebook.com\/groups\/IdentidadDigitalParaArquitectos\/<\/a><\/em><\/p>\n<p><em>Suscr\u00edbete a nuestro canal de YOUTUBE: <a href=\"http:\/\/bit.ly\/2A1UtAd\">http:\/\/bit.ly\/2A1UtAd<\/a><\/em><\/p>\n<p>&nbsp;<\/p>\n<p>* <a href=\"https:\/\/stepienybarno.es\/blog\/2011\/09\/04\/las-fortalezas-del-arquitecto\/\">Stepienybarno<\/a> est\u00e1 formado por Agnieszka Stepien y Lorenzo Barn\u00f3 y desde mayo del 2009 estamos en la red con la presente publicaci\u00f3n digital (Blog) de arquitectura.<\/p>\n<p>Nuestra actividad se sustenta en tres pilares b\u00e1sicos: la investigaci\u00f3n, la publicaci\u00f3n y la redacci\u00f3n de proyectos de arquitectura.<\/p>\n<p>A su vez, somos socios cofundadores de <a href=\"http:\/\/sinergiasostenible.org\/\">SINERGIA SOSTENIBLE<\/a> y directores del blog de FUNDACI\u00d3N ARQUIA.<\/p>\n","protected":false},"excerpt":{"rendered":"<p>Por: Marc Luelmo Desde: Icon El Pa\u00eds Fotograf\u00eda: A la<\/p>\n","protected":false},"author":2,"featured_media":44206,"comment_status":"open","ping_status":"closed","sticky":false,"template":"","format":"standard","meta":{"om_disable_all_campaigns":false,"_monsterinsights_skip_tracking":false,"_monsterinsights_sitenote_active":false,"_monsterinsights_sitenote_note":"","_monsterinsights_sitenote_category":0,"_uf_show_specific_survey":0,"_uf_disable_surveys":false,"episode_type":"audio","audio_file":"","cover_image":"","cover_image_id":"","duration":"","filesize":"","date_recorded":"","explicit":"","block":"","filesize_raw":"","footnotes":""},"categories":[244],"tags":[6759,3410,7199,522,2910],"series":[],"class_list":["post-44205","post","type-post","status-publish","format-standard","has-post-thumbnail","hentry","category-canal-de-arquitectura","tag-arquitectura-en-espana","tag-arquitectura-moderna","tag-instituto-del-patrimonio-cultural-de-espana","tag-miguel-fisac","tag-patrimonio"],"aioseo_notices":[],"episode_featured_image":"https:\/\/stepienybarno.es\/blog\/wp-content\/uploads\/2020\/09\/stepienybarno-Donde-acaba-la-obsesion-espanola-por-colorear-edificios-de-Okuda-a-Boa-Mistura-postdeldia.jpg","episode_player_image":"https:\/\/stepienybarno.es\/blog\/wp-content\/uploads\/2020\/11\/stepienybarno-podcast-scaled.jpg","download_link":"","player_link":"","audio_player":false,"episode_data":{"playerMode":"dark","subscribeUrls":[],"rssFeedUrl":"https:\/\/stepienybarno.es\/blog\/feed\/podcast\/podcast-de-stepienybarno","embedCode":"<blockquote class=\"wp-embedded-content\" data-secret=\"ObDFvlvKkC\"><a href=\"https:\/\/stepienybarno.es\/blog\/2020\/10\/01\/donde-acaba-la-obsesion-espanola-por-colorear-edificios-de-okuda-a-boa-mistura\/\">D\u00f3nde acaba la obsesi\u00f3n espa\u00f1ola por colorear edificios: de Okuda a Boa Mistura<\/a><\/blockquote><iframe sandbox=\"allow-scripts\" security=\"restricted\" src=\"https:\/\/stepienybarno.es\/blog\/2020\/10\/01\/donde-acaba-la-obsesion-espanola-por-colorear-edificios-de-okuda-a-boa-mistura\/embed\/#?secret=ObDFvlvKkC\" width=\"500\" height=\"350\" title=\"\u00abD\u00f3nde acaba la obsesi\u00f3n espa\u00f1ola por colorear edificios: de Okuda a Boa Mistura\u00bb \u2014 Blog de STEPIEN Y BARNO - publicaci\u00f3n digital sobre arquitectura\" data-secret=\"ObDFvlvKkC\" frameborder=\"0\" marginwidth=\"0\" marginheight=\"0\" scrolling=\"no\" class=\"wp-embedded-content\"><\/iframe><script type=\"text\/javascript\">\n\/* <![CDATA[ *\/\n\/*! This file is auto-generated *\/\n!function(d,l){\"use strict\";l.querySelector&&d.addEventListener&&\"undefined\"!=typeof URL&&(d.wp=d.wp||{},d.wp.receiveEmbedMessage||(d.wp.receiveEmbedMessage=function(e){var t=e.data;if((t||t.secret||t.message||t.value)&&!\/[^a-zA-Z0-9]\/.test(t.secret)){for(var s,r,n,a=l.querySelectorAll('iframe[data-secret=\"'+t.secret+'\"]'),o=l.querySelectorAll('blockquote[data-secret=\"'+t.secret+'\"]'),c=new RegExp(\"^https?:$\",\"i\"),i=0;i<o.length;i++)o[i].style.display=\"none\";for(i=0;i<a.length;i++)s=a[i],e.source===s.contentWindow&&(s.removeAttribute(\"style\"),\"height\"===t.message?(1e3<(r=parseInt(t.value,10))?r=1e3:~~r<200&&(r=200),s.height=r):\"link\"===t.message&&(r=new URL(s.getAttribute(\"src\")),n=new URL(t.value),c.test(n.protocol))&&n.host===r.host&&l.activeElement===s&&(d.top.location.href=t.value))}},d.addEventListener(\"message\",d.wp.receiveEmbedMessage,!1),l.addEventListener(\"DOMContentLoaded\",function(){for(var e,t,s=l.querySelectorAll(\"iframe.wp-embedded-content\"),r=0;r<s.length;r++)(t=(e=s[r]).getAttribute(\"data-secret\"))||(t=Math.random().toString(36).substring(2,12),e.src+=\"#?secret=\"+t,e.setAttribute(\"data-secret\",t)),e.contentWindow.postMessage({message:\"ready\",secret:t},\"*\")},!1)))}(window,document);\n\/* ]]> *\/\n<\/script>\n"},"_links":{"self":[{"href":"https:\/\/stepienybarno.es\/blog\/wp-json\/wp\/v2\/posts\/44205"}],"collection":[{"href":"https:\/\/stepienybarno.es\/blog\/wp-json\/wp\/v2\/posts"}],"about":[{"href":"https:\/\/stepienybarno.es\/blog\/wp-json\/wp\/v2\/types\/post"}],"author":[{"embeddable":true,"href":"https:\/\/stepienybarno.es\/blog\/wp-json\/wp\/v2\/users\/2"}],"replies":[{"embeddable":true,"href":"https:\/\/stepienybarno.es\/blog\/wp-json\/wp\/v2\/comments?post=44205"}],"version-history":[{"count":1,"href":"https:\/\/stepienybarno.es\/blog\/wp-json\/wp\/v2\/posts\/44205\/revisions"}],"predecessor-version":[{"id":44207,"href":"https:\/\/stepienybarno.es\/blog\/wp-json\/wp\/v2\/posts\/44205\/revisions\/44207"}],"wp:featuredmedia":[{"embeddable":true,"href":"https:\/\/stepienybarno.es\/blog\/wp-json\/wp\/v2\/media\/44206"}],"wp:attachment":[{"href":"https:\/\/stepienybarno.es\/blog\/wp-json\/wp\/v2\/media?parent=44205"}],"wp:term":[{"taxonomy":"category","embeddable":true,"href":"https:\/\/stepienybarno.es\/blog\/wp-json\/wp\/v2\/categories?post=44205"},{"taxonomy":"post_tag","embeddable":true,"href":"https:\/\/stepienybarno.es\/blog\/wp-json\/wp\/v2\/tags?post=44205"},{"taxonomy":"series","embeddable":true,"href":"https:\/\/stepienybarno.es\/blog\/wp-json\/wp\/v2\/series?post=44205"}],"curies":[{"name":"wp","href":"https:\/\/api.w.org\/{rel}","templated":true}]}}