{"id":44492,"date":"2020-10-23T08:01:25","date_gmt":"2020-10-23T06:01:25","guid":{"rendered":"https:\/\/www.stepienybarno.es\/blog\/?p=44492"},"modified":"2020-10-19T19:35:09","modified_gmt":"2020-10-19T17:35:09","slug":"espacios-de-trabajo-eficientes-y-huella-de-carbono","status":"publish","type":"post","link":"https:\/\/stepienybarno.es\/blog\/2020\/10\/23\/espacios-de-trabajo-eficientes-y-huella-de-carbono\/","title":{"rendered":"Espacios de trabajo eficientes y huella de carbono"},"content":{"rendered":"<div id=\"attachment_44494\" style=\"width: 1990px\" class=\"wp-caption alignnone\"><img loading=\"lazy\" decoding=\"async\" aria-describedby=\"caption-attachment-44494\" class=\"size-full wp-image-44494\" src=\"https:\/\/stepienybarno.es\/blog\/wp-content\/uploads\/2020\/10\/stepienybarno-Espacios-de-trabajo-eficientes-y-huella-de-carbono-postdeldia.jpg\" alt=\"\" width=\"1980\" height=\"1080\" srcset=\"https:\/\/stepienybarno.es\/blog\/wp-content\/uploads\/2020\/10\/stepienybarno-Espacios-de-trabajo-eficientes-y-huella-de-carbono-postdeldia.jpg 1980w, https:\/\/stepienybarno.es\/blog\/wp-content\/uploads\/2020\/10\/stepienybarno-Espacios-de-trabajo-eficientes-y-huella-de-carbono-postdeldia-550x300.jpg 550w, https:\/\/stepienybarno.es\/blog\/wp-content\/uploads\/2020\/10\/stepienybarno-Espacios-de-trabajo-eficientes-y-huella-de-carbono-postdeldia-1024x559.jpg 1024w, https:\/\/stepienybarno.es\/blog\/wp-content\/uploads\/2020\/10\/stepienybarno-Espacios-de-trabajo-eficientes-y-huella-de-carbono-postdeldia-180x98.jpg 180w, https:\/\/stepienybarno.es\/blog\/wp-content\/uploads\/2020\/10\/stepienybarno-Espacios-de-trabajo-eficientes-y-huella-de-carbono-postdeldia-1536x838.jpg 1536w, https:\/\/stepienybarno.es\/blog\/wp-content\/uploads\/2020\/10\/stepienybarno-Espacios-de-trabajo-eficientes-y-huella-de-carbono-postdeldia-316x172.jpg 316w\" sizes=\"(max-width: 1980px) 100vw, 1980px\" \/><p id=\"caption-attachment-44494\" class=\"wp-caption-text\">Mesa comunitaria de las oficinas de SYPartners en la ciudad de Nueva York, dise\u00f1ada por Forge. Foto \u00a9 EFM NY<\/p><\/div>\n<h1><strong>Por: Emanuela Frattini Magnusson<br \/>\n<\/strong><\/h1>\n<h2><strong>Desde: roca gallery<br \/>\n<\/strong><\/h2>\n<h2><strong>Fotograf\u00eda: Mesa comunitaria de las oficinas de SYPartners en la ciudad de Nueva York, dise\u00f1ada por Forge. Foto \u00a9 EFM NY.<\/strong><\/h2>\n<p><!--more--><\/p>\n<p>En un mundo en continuo proceso de urbanizaci\u00f3n, el dise\u00f1o de edificios y de interiores son elementos clave en la lucha contra el cambio clim\u00e1tico y la reducci\u00f3n de la huella de carbono. Tal como declar\u00f3 el AIA (<em>American Institute of Architects<\/em>) en un informe publicado en diciembre de 2018: \u201cCreemos que la batalla del cambio clim\u00e1tico se ganar\u00e1 o se perder\u00e1 en las ciudades. Las tres cuartas partes de las emisiones globales de carbono provienen del 2% de la superficie terrestre que est\u00e1 habitada por comunidades urbanas\u201d. De hecho, casi el 40% por ciento de toda la energ\u00eda que consumimos corresponde a la construcci\u00f3n de edificios, los cuales, a su vez, producen carbono a trav\u00e9s de la calefacci\u00f3n, refrigeraci\u00f3n e iluminaci\u00f3n.<\/p>\n<p>Teniendo en cuenta que la poblaci\u00f3n activa pasa la mayor parte del d\u00eda en su puesto de trabajo, el dise\u00f1o de espacios laborales juega un papel fundamental en este cometido y, por ello, deber\u00eda abordarse sistem\u00e1ticamente, como parte de un contexto m\u00e1s amplio. En este art\u00edculo veremos c\u00f3mo una serie de estrategias \u2014desde el uso eficiente del espacio y la selecci\u00f3n de tecnolog\u00edas y materiales, hasta una legislaci\u00f3n espec\u00edfica y cambios en el comportamiento humano\u2014 pueden reducir nuestro impacto negativo sobre el medio ambiente.<\/p>\n<p>&nbsp;<\/p>\n<p style=\"text-align: center;\">Acceder al Post <a href=\"https:\/\/bit.ly\/2IM24Mc\" target=\"_blank\" rel=\"noopener noreferrer\">AQU\u00cd<\/a><\/p>\n<p>&nbsp;<\/p>\n<p><iframe loading=\"lazy\" title=\"\u00bfPara qu\u00e9 sirve un ARQUITECTO \/a? Por Jordi Ludevid\" width=\"911\" height=\"512\" src=\"https:\/\/www.youtube.com\/embed\/videoseries?list=PL9KCMehqFIajpdVXSncYV0J1ef6ms4zRx\" frameborder=\"0\" allow=\"accelerometer; autoplay; clipboard-write; encrypted-media; gyroscope; picture-in-picture\" allowfullscreen><\/iframe><\/p>\n<hr \/>\n<h5><strong>Autores del post: <a href=\"https:\/\/stepienybarno.es\/blog\/2011\/09\/04\/las-fortalezas-del-arquitecto\/\">Stepienybarno<\/a> _ Agnieszka Stepien y Lorenzo Barn\u00f3<\/strong><\/h5>\n<h5>Y como siempre, si te gust\u00f3 el post, estar\u00eda genial que lo compartas en tus redes sociales.<\/h5>\n<h5>A su vez, si todav\u00eda no est\u00e1s suscrito a nuestra Newsletter, te animamos a hacerlo en la casilla que tienes al terminar este art\u00edculo.<\/h5>\n<p>&nbsp;<\/p>\n<blockquote><p>Suscribirte a nuestro blog y recibe gratis nuestra gu\u00eda: 10 Ideas para vender m\u00e1s si eres arquitecto<\/p>\n<p>Acceder: <a href=\"http:\/\/bit.ly\/2fkkTS7\">http:\/\/bit.ly\/2fkkTS7<\/a><\/p>\n<p>&nbsp;<\/p>\n<p>Si te interesa contactar con nosotros para que te ayudemos a mejorar tu visibilidad online y, en consecuencia, mejorar tus oportunidades laborales, no dudes en escribirnos a: <a href=\"mailto:blog@stepienybarno.es\">blog@stepienybarno.es<\/a><\/p><\/blockquote>\n<p>&nbsp;<\/p>\n<p><em><a href=\"https:\/\/twitter.com\/stepienybarno\">Stepienybarno en TWITTER<\/a><\/em><\/p>\n<p><em><a href=\"https:\/\/twitter.com\/stepienybarno\">@stepienybarno (+ de 16.000 seguidores)<\/a><\/em><\/p>\n<p><em><a href=\"https:\/\/twitter.com\/stepienybarno?lang=es\">https:\/\/twitter.com\/stepienybarno?lang=es<\/a><\/em><\/p>\n<p><em><a href=\"https:\/\/www.facebook.com\/pages\/BLOG-DE-STEPIENYBARNO\/78001079029\">Stepienybarno en FACEBOOK (+ de 24<u>.000 seguidores)<\/u><\/a><\/em><\/p>\n<p><em><a href=\"https:\/\/www.facebook.com\/StepienyBarnoArquitecturaeIdentidadDigital\/\">https:\/\/www.facebook.com\/StepienyBarnoArquitecturaeIdentidadDigital\/<\/a><\/em><\/p>\n<p><em>Acceder a nuestro GRUPO CERRADO DE FACEBOOK sobre Identidad Digital para Arquitectos:<\/em><\/p>\n<p><em><a href=\"https:\/\/www.facebook.com\/groups\/IdentidadDigitalParaArquitectos\/\">https:\/\/www.facebook.com\/groups\/IdentidadDigitalParaArquitectos\/<\/a><\/em><\/p>\n<p><em>Suscr\u00edbete a nuestro canal de YOUTUBE: <a href=\"http:\/\/bit.ly\/2A1UtAd\">http:\/\/bit.ly\/2A1UtAd<\/a><\/em><\/p>\n<p>&nbsp;<\/p>\n<p>* <a href=\"https:\/\/stepienybarno.es\/blog\/2011\/09\/04\/las-fortalezas-del-arquitecto\/\">Stepienybarno<\/a> est\u00e1 formado por Agnieszka Stepien y Lorenzo Barn\u00f3 y desde mayo del 2009 estamos en la red con la presente publicaci\u00f3n digital (Blog) de arquitectura.<\/p>\n<p>Nuestra actividad se sustenta en tres pilares b\u00e1sicos: la investigaci\u00f3n, la publicaci\u00f3n y la redacci\u00f3n de proyectos de arquitectura.<\/p>\n<p>A su vez, somos socios cofundadores de <a href=\"http:\/\/sinergiasostenible.org\/\">SINERGIA SOSTENIBLE<\/a> y directores del blog de FUNDACI\u00d3N ARQUIA.<\/p>\n","protected":false},"excerpt":{"rendered":"<p>Por: Emanuela Frattini Magnusson Desde: roca gallery Fotograf\u00eda: Mesa comunitaria<\/p>\n","protected":false},"author":2,"featured_media":44494,"comment_status":"open","ping_status":"closed","sticky":false,"template":"","format":"standard","meta":{"om_disable_all_campaigns":false,"_monsterinsights_skip_tracking":false,"_monsterinsights_sitenote_active":false,"_monsterinsights_sitenote_note":"","_monsterinsights_sitenote_category":0,"_uf_show_specific_survey":0,"_uf_disable_surveys":false,"episode_type":"audio","audio_file":"","cover_image":"","cover_image_id":"","duration":"","filesize":"","date_recorded":"","explicit":"","block":"","filesize_raw":"","footnotes":""},"categories":[244],"tags":[7728,4437,7729],"series":[],"class_list":["post-44492","post","type-post","status-publish","format-standard","has-post-thumbnail","hentry","category-canal-de-arquitectura","tag-arquitectura-oficinas","tag-espacio-de-trabajo","tag-oficina"],"aioseo_notices":[],"episode_featured_image":"https:\/\/stepienybarno.es\/blog\/wp-content\/uploads\/2020\/10\/stepienybarno-Espacios-de-trabajo-eficientes-y-huella-de-carbono-postdeldia.jpg","episode_player_image":"https:\/\/stepienybarno.es\/blog\/wp-content\/uploads\/2020\/11\/stepienybarno-podcast-scaled.jpg","download_link":"","player_link":"","audio_player":false,"episode_data":{"playerMode":"dark","subscribeUrls":[],"rssFeedUrl":"https:\/\/stepienybarno.es\/blog\/feed\/podcast\/podcast-de-stepienybarno","embedCode":"<blockquote class=\"wp-embedded-content\" data-secret=\"vplmOlazsW\"><a href=\"https:\/\/stepienybarno.es\/blog\/2020\/10\/23\/espacios-de-trabajo-eficientes-y-huella-de-carbono\/\">Espacios de trabajo eficientes y huella de carbono<\/a><\/blockquote><iframe sandbox=\"allow-scripts\" security=\"restricted\" src=\"https:\/\/stepienybarno.es\/blog\/2020\/10\/23\/espacios-de-trabajo-eficientes-y-huella-de-carbono\/embed\/#?secret=vplmOlazsW\" width=\"500\" height=\"350\" title=\"\u00abEspacios de trabajo eficientes y huella de carbono\u00bb \u2014 Blog de STEPIEN Y BARNO - publicaci\u00f3n digital sobre arquitectura\" data-secret=\"vplmOlazsW\" frameborder=\"0\" marginwidth=\"0\" marginheight=\"0\" scrolling=\"no\" class=\"wp-embedded-content\"><\/iframe><script type=\"text\/javascript\">\n\/* <![CDATA[ *\/\n\/*! This file is auto-generated *\/\n!function(d,l){\"use strict\";l.querySelector&&d.addEventListener&&\"undefined\"!=typeof URL&&(d.wp=d.wp||{},d.wp.receiveEmbedMessage||(d.wp.receiveEmbedMessage=function(e){var t=e.data;if((t||t.secret||t.message||t.value)&&!\/[^a-zA-Z0-9]\/.test(t.secret)){for(var s,r,n,a=l.querySelectorAll('iframe[data-secret=\"'+t.secret+'\"]'),o=l.querySelectorAll('blockquote[data-secret=\"'+t.secret+'\"]'),c=new RegExp(\"^https?:$\",\"i\"),i=0;i<o.length;i++)o[i].style.display=\"none\";for(i=0;i<a.length;i++)s=a[i],e.source===s.contentWindow&&(s.removeAttribute(\"style\"),\"height\"===t.message?(1e3<(r=parseInt(t.value,10))?r=1e3:~~r<200&&(r=200),s.height=r):\"link\"===t.message&&(r=new URL(s.getAttribute(\"src\")),n=new URL(t.value),c.test(n.protocol))&&n.host===r.host&&l.activeElement===s&&(d.top.location.href=t.value))}},d.addEventListener(\"message\",d.wp.receiveEmbedMessage,!1),l.addEventListener(\"DOMContentLoaded\",function(){for(var e,t,s=l.querySelectorAll(\"iframe.wp-embedded-content\"),r=0;r<s.length;r++)(t=(e=s[r]).getAttribute(\"data-secret\"))||(t=Math.random().toString(36).substring(2,12),e.src+=\"#?secret=\"+t,e.setAttribute(\"data-secret\",t)),e.contentWindow.postMessage({message:\"ready\",secret:t},\"*\")},!1)))}(window,document);\n\/* ]]> *\/\n<\/script>\n"},"_links":{"self":[{"href":"https:\/\/stepienybarno.es\/blog\/wp-json\/wp\/v2\/posts\/44492"}],"collection":[{"href":"https:\/\/stepienybarno.es\/blog\/wp-json\/wp\/v2\/posts"}],"about":[{"href":"https:\/\/stepienybarno.es\/blog\/wp-json\/wp\/v2\/types\/post"}],"author":[{"embeddable":true,"href":"https:\/\/stepienybarno.es\/blog\/wp-json\/wp\/v2\/users\/2"}],"replies":[{"embeddable":true,"href":"https:\/\/stepienybarno.es\/blog\/wp-json\/wp\/v2\/comments?post=44492"}],"version-history":[{"count":4,"href":"https:\/\/stepienybarno.es\/blog\/wp-json\/wp\/v2\/posts\/44492\/revisions"}],"predecessor-version":[{"id":44497,"href":"https:\/\/stepienybarno.es\/blog\/wp-json\/wp\/v2\/posts\/44492\/revisions\/44497"}],"wp:featuredmedia":[{"embeddable":true,"href":"https:\/\/stepienybarno.es\/blog\/wp-json\/wp\/v2\/media\/44494"}],"wp:attachment":[{"href":"https:\/\/stepienybarno.es\/blog\/wp-json\/wp\/v2\/media?parent=44492"}],"wp:term":[{"taxonomy":"category","embeddable":true,"href":"https:\/\/stepienybarno.es\/blog\/wp-json\/wp\/v2\/categories?post=44492"},{"taxonomy":"post_tag","embeddable":true,"href":"https:\/\/stepienybarno.es\/blog\/wp-json\/wp\/v2\/tags?post=44492"},{"taxonomy":"series","embeddable":true,"href":"https:\/\/stepienybarno.es\/blog\/wp-json\/wp\/v2\/series?post=44492"}],"curies":[{"name":"wp","href":"https:\/\/api.w.org\/{rel}","templated":true}]}}