{"id":44718,"date":"2020-11-03T17:41:52","date_gmt":"2020-11-03T15:41:52","guid":{"rendered":"https:\/\/www.stepienybarno.es\/blog\/?p=44718"},"modified":"2020-11-03T17:41:52","modified_gmt":"2020-11-03T15:41:52","slug":"episodio-55-la-semana-de-syb-tejadodeteja-arquicafe-cosillasenlared","status":"publish","type":"post","link":"https:\/\/stepienybarno.es\/blog\/2020\/11\/03\/episodio-55-la-semana-de-syb-tejadodeteja-arquicafe-cosillasenlared\/","title":{"rendered":"#Episodio 55. La semana de SyB. #tejadodeteja + #Arquicafe + #cosillasenlared"},"content":{"rendered":"<p><img loading=\"lazy\" decoding=\"async\" class=\"aligncenter wp-image-44720 size-large\" src=\"https:\/\/stepienybarno.es\/blog\/wp-content\/uploads\/2020\/11\/Stepienybarno-instatectura-dario-nunez-uxua-domblas-urbanbat-urbanfest-arquicafe-1024x576.png\" alt=\"\" width=\"911\" height=\"512\" srcset=\"https:\/\/stepienybarno.es\/blog\/wp-content\/uploads\/2020\/11\/Stepienybarno-instatectura-dario-nunez-uxua-domblas-urbanbat-urbanfest-arquicafe-1024x576.png 1024w, https:\/\/stepienybarno.es\/blog\/wp-content\/uploads\/2020\/11\/Stepienybarno-instatectura-dario-nunez-uxua-domblas-urbanbat-urbanfest-arquicafe-550x309.png 550w, https:\/\/stepienybarno.es\/blog\/wp-content\/uploads\/2020\/11\/Stepienybarno-instatectura-dario-nunez-uxua-domblas-urbanbat-urbanfest-arquicafe-180x101.png 180w, https:\/\/stepienybarno.es\/blog\/wp-content\/uploads\/2020\/11\/Stepienybarno-instatectura-dario-nunez-uxua-domblas-urbanbat-urbanfest-arquicafe-316x178.png 316w, https:\/\/stepienybarno.es\/blog\/wp-content\/uploads\/2020\/11\/Stepienybarno-instatectura-dario-nunez-uxua-domblas-urbanbat-urbanfest-arquicafe.png 1280w\" sizes=\"(max-width: 911px) 100vw, 911px\" \/><\/p>\n<p>Como cada inicio de semana, os presentamos la sesi\u00f3n de Instatectura la actualidad de SyB en la semana, un repaso que haremos para comentaros en qu\u00e9 hemos estado metidos esta semana. En este instatectura os hablamos de Tejado de Teja , los pr\u00f3ximos Arquicaf\u00e9s y un poco de actualidad<\/p>\n<p><!--more--><\/p>\n<p>En el podcast de hoy podr\u00e9is escuchar c\u00f3mo Uxua y Dar\u00edo os contar\u00e1n un resumen de todas las actividades en las que estamos trabajando y tambi\u00e9n las pr\u00f3ximas que ir\u00e9is conociendo esta semana.<\/p>\n<h2>Instatectura la actualidad de SyB en la semana<\/h2>\n<h3><a href=\"https:\/\/tejadodetejas.es\/\">El Tejado, de Tejas<\/a><\/h3>\n<p><em>Bajo el lema \u201c<strong>El Tejado, de Tejas<\/strong>\u201d, BMI Roofing Systems, Cer\u00e1mica Campo, Cer\u00e1mica La Escandella, Cer\u00e1mica Mateo, Mazarr\u00f3n Tejas, Tejas Borja, Tejas Verea y Terreal han unido sus fuerzas a trav\u00e9s de Hispalyt (Asociaci\u00f3n Espa\u00f1ola de Fabricantes de Ladrillos y Tejas de Arcilla Cocida) para trabajar en una campa\u00f1a de divulgaci\u00f3n y comunicaci\u00f3n que muestra, tanto a profesionales del sector, arquitectos, arquitectos t\u00e9cnicos, proyectistas y a todos aquellos que tienen la facultad de prescribir materiales, <strong>las grandes ventajas de la teja cer\u00e1mica<\/strong>, as\u00ed como a propietarios, <strong>las prestaciones de los materiales<\/strong> que fabrican.<\/em><\/p>\n<p><a href=\"https:\/\/tejadodetejas.es\/\">Mas INFO AQU\u00cd<\/a><\/p>\n<h3>Arquicafes de Stepien y Barno<\/h3>\n<p>Est\u00e1 teniendo mucho exito nuestro arquicaf\u00e9 con Blanca Espigares, y se nos vienen otros tambi\u00e9n muy interesantes como el joven estudio <strong><a href=\"https:\/\/www.instagram.com\/amaoestudio\/\">amao estudio<\/a><\/strong> ganadores de los <a href=\"https:\/\/fundacion.arquia.com\/noticia\/convocatorias\/pr%C3%B3xima\/premio-arquiaproxima-2020\/\"><strong>premios Arquia \/ pr\u00f3xima 2020.<\/strong><\/a><\/p>\n<h3>Cosillas en la red<\/h3>\n<h4 class=\"p-rich_text_section\">II congreso online de casas saludables y eficientes<\/h4>\n<div class=\"p-rich_text_section\">Organizado por nuestro amigo Igma Pacheco.<br \/>\nPrograma:<\/div>\n<p>Lunes 2 de noviembre: Sistemas constructivos<br \/>\nMartes 3 de noviembre: Materiales y aplicaciones<br \/>\nMi\u00e9rcoles 4 de noviembre: Eficiencia energ\u00e9tica<br \/>\nJueves 5 de noviembre: Tecnolog\u00edas<br \/>\nViernes 6 de noviembre: Proyectos destacados y colaborativos<\/p>\n<p>Acceso gratuito y al que a\u00fan pod\u00e9is acceder! Si te interesa el tema de la eficiencia energ\u00e9tica y quieres estar al d\u00eda, una semana que no te puedes perder.<br \/>\n<strong><a class=\"c-link\" href=\"https:\/\/stepienybarno.es\/blog\/2020\/10\/28\/ii-congreso-online-de-casas-saludables-y-eficiente\/\" target=\"_blank\" rel=\"noopener noreferrer\" data-stringify-link=\"https:\/\/stepienybarno.es\/blog\/2020\/10\/28\/ii-congreso-online-de-casas-saludables-y-eficiente\/\" data-sk=\"tooltip_parent\">Mas INFO AQU\u00cd<\/a><\/strong><\/p>\n<div><\/div>\n<h4 class=\"p-rich_text_section\">FESTIVAL URBANBAT : LA CIUDAD DENTRO DE CASA<\/h4>\n<p>Como cada a\u00f1o por estas fechas vuelve el festival de arquitectura y urbanismo de Bilbo, en el que Gorka, Mar\u00eda y todo el equipo del festival nos vuelven a sorprender con un extenso programa que arrancaba el pasado 29 de octubre con su participaci\u00f3n en el programa Carne Cruda y que continuar\u00e1 hasta el 21 de noviembre. Entre tantas actividades interesantes destacamos esta semana dos citas importantes:<br \/>\n<b data-stringify-type=\"bold\">1-<\/b><br \/>\n5\u00a0NOV.\u00a0jueves<br \/>\n19:00\u00a0Bilborock\u00a0C\/ Muelle de la Merced 4, Bilbao <b data-stringify-type=\"bold\"><a class=\"c-link\" href=\"http:\/\/9festival.urbanbat.org\/actividad\/cronicas-domesticas\/\" target=\"_blank\" rel=\"noopener noreferrer\" data-stringify-link=\"http:\/\/9festival.urbanbat.org\/actividad\/cronicas-domesticas\/\" data-sk=\"tooltip_parent\">Cr\u00f3nicas Dom\u00e9sticas<\/a><\/b><\/p>\n<p>Un magazine en directo con:<\/p>\n<p>Anna Puigjaner (Maio Arquitectura)<br \/>\nDiego Barajas (Plataforma Husos)<br \/>\nMar\u00eda Jerez (Artista)<br \/>\nEduardo Castillo (Quarantinology group)<\/p>\n<p>Y la participaci\u00f3n especial de Txaranga Urretabizkaia<\/p>\n<p>Presenta: Nuria Moliner (Escala Humana\/TVE)<br \/>\n<strong><a class=\"c-link\" href=\"http:\/\/9festival.urbanbat.org\/#:~:text=URBANBATfest%20es%20un%20festival%20que%20es%20un%20laboratorio.,creaci%C3%B3n%20colectiva%20para%20impulsar%20procesos%20de%20innovaci%C3%B3n%20urbana\" target=\"_blank\" rel=\"noopener noreferrer\" data-stringify-link=\"http:\/\/9festival.urbanbat.org\/#:~:text=URBANBATfest%20es%20un%20festival%20que%20es%20un%20laboratorio.,creaci\u00f3n%20colectiva%20para%20impulsar%20procesos%20de%20innovaci\u00f3n%20urbana\" data-sk=\"tooltip_parent\" aria-describedby=\"sk-tooltip-5979\">Mas INFO AQU\u00cd<\/a><\/strong>.<\/p>\n<p>&nbsp;<\/p>\n<p><iframe loading=\"lazy\" title=\"Instatectura 20201102\" width=\"911\" height=\"512\" src=\"https:\/\/www.youtube.com\/embed\/DRSp2uN15-4?feature=oembed\" frameborder=\"0\" allow=\"accelerometer; autoplay; clipboard-write; encrypted-media; gyroscope; picture-in-picture\" allowfullscreen><\/iframe><\/p>\n<p>&nbsp;<\/p>\n<h3>Esperamos que os haya gustado nuestro Instatectura la actualidad de SyB en la semana<\/h3>\n","protected":false},"excerpt":{"rendered":"<p>Como cada inicio de semana, os presentamos la sesi\u00f3n de<\/p>\n","protected":false},"author":2,"featured_media":44720,"comment_status":"open","ping_status":"closed","sticky":false,"template":"","format":"standard","meta":{"om_disable_all_campaigns":false,"_monsterinsights_skip_tracking":false,"_monsterinsights_sitenote_active":false,"_monsterinsights_sitenote_note":"","_monsterinsights_sitenote_category":0,"_uf_show_specific_survey":0,"_uf_disable_surveys":false,"episode_type":"audio","audio_file":"https:\/\/stepienybarno.es\/blog\/wp-content\/uploads\/2020\/11\/55-instatecura.mp3","cover_image":"","cover_image_id":"","duration":"14:36","filesize":"10.73M","date_recorded":"","explicit":"","block":"","filesize_raw":"11249240","footnotes":""},"categories":[34],"tags":[8438,8439,433,3360,8110,8440,7997,8360],"series":[10115],"class_list":["post-44718","post","type-post","status-publish","format-standard","has-post-thumbnail","hentry","category-actualidad","tag-amao-estudio","tag-ander-bados","tag-arquia-proxima","tag-hispalyt","tag-instatectura","tag-maria-montenegro","tag-podcast","tag-tejados-de-teja","series-podcast-de-stepienybarno"],"aioseo_notices":[],"episode_featured_image":"https:\/\/stepienybarno.es\/blog\/wp-content\/uploads\/2020\/11\/Stepienybarno-instatectura-dario-nunez-uxua-domblas-urbanbat-urbanfest-arquicafe.png","episode_player_image":"https:\/\/stepienybarno.es\/blog\/wp-content\/uploads\/2020\/11\/stepienybarno-podcast-scaled.jpg","download_link":"https:\/\/stepienybarno.es\/blog\/podcast-download\/44718\/episodio-55-la-semana-de-syb-tejadodeteja-arquicafe-cosillasenlared.mp3","player_link":"https:\/\/stepienybarno.es\/blog\/podcast-player\/44718\/episodio-55-la-semana-de-syb-tejadodeteja-arquicafe-cosillasenlared.mp3","audio_player":"<!--[if lt IE 9]><script>document.createElement('audio');<\/script><![endif]-->\n<audio class=\"wp-audio-shortcode\" id=\"audio-44718-1\" preload=\"none\" style=\"width: 100%;\" controls=\"controls\"><source type=\"audio\/mpeg\" src=\"https:\/\/stepienybarno.es\/blog\/podcast-player\/44718\/episodio-55-la-semana-de-syb-tejadodeteja-arquicafe-cosillasenlared.mp3?_=1\" \/><a href=\"https:\/\/stepienybarno.es\/blog\/podcast-player\/44718\/episodio-55-la-semana-de-syb-tejadodeteja-arquicafe-cosillasenlared.mp3\">https:\/\/stepienybarno.es\/blog\/podcast-player\/44718\/episodio-55-la-semana-de-syb-tejadodeteja-arquicafe-cosillasenlared.mp3<\/a><\/audio>","episode_data":{"playerMode":"dark","subscribeUrls":[],"rssFeedUrl":"https:\/\/stepienybarno.es\/blog\/feed\/podcast\/podcast-de-stepienybarno","embedCode":"<blockquote class=\"wp-embedded-content\" data-secret=\"MlUjsAXCpl\"><a href=\"https:\/\/stepienybarno.es\/blog\/2020\/11\/03\/episodio-55-la-semana-de-syb-tejadodeteja-arquicafe-cosillasenlared\/\">#Episodio 55. La semana de SyB. #tejadodeteja + #Arquicafe + #cosillasenlared<\/a><\/blockquote><iframe sandbox=\"allow-scripts\" security=\"restricted\" src=\"https:\/\/stepienybarno.es\/blog\/2020\/11\/03\/episodio-55-la-semana-de-syb-tejadodeteja-arquicafe-cosillasenlared\/embed\/#?secret=MlUjsAXCpl\" width=\"500\" height=\"350\" title=\"\u00ab#Episodio 55. La semana de SyB. #tejadodeteja + #Arquicafe + #cosillasenlared\u00bb \u2014 Blog de STEPIEN Y BARNO - publicaci\u00f3n digital sobre arquitectura\" data-secret=\"MlUjsAXCpl\" frameborder=\"0\" marginwidth=\"0\" marginheight=\"0\" scrolling=\"no\" class=\"wp-embedded-content\"><\/iframe><script type=\"text\/javascript\">\n\/* <![CDATA[ *\/\n\/*! This file is auto-generated *\/\n!function(d,l){\"use strict\";l.querySelector&&d.addEventListener&&\"undefined\"!=typeof URL&&(d.wp=d.wp||{},d.wp.receiveEmbedMessage||(d.wp.receiveEmbedMessage=function(e){var t=e.data;if((t||t.secret||t.message||t.value)&&!\/[^a-zA-Z0-9]\/.test(t.secret)){for(var s,r,n,a=l.querySelectorAll('iframe[data-secret=\"'+t.secret+'\"]'),o=l.querySelectorAll('blockquote[data-secret=\"'+t.secret+'\"]'),c=new RegExp(\"^https?:$\",\"i\"),i=0;i<o.length;i++)o[i].style.display=\"none\";for(i=0;i<a.length;i++)s=a[i],e.source===s.contentWindow&&(s.removeAttribute(\"style\"),\"height\"===t.message?(1e3<(r=parseInt(t.value,10))?r=1e3:~~r<200&&(r=200),s.height=r):\"link\"===t.message&&(r=new URL(s.getAttribute(\"src\")),n=new URL(t.value),c.test(n.protocol))&&n.host===r.host&&l.activeElement===s&&(d.top.location.href=t.value))}},d.addEventListener(\"message\",d.wp.receiveEmbedMessage,!1),l.addEventListener(\"DOMContentLoaded\",function(){for(var e,t,s=l.querySelectorAll(\"iframe.wp-embedded-content\"),r=0;r<s.length;r++)(t=(e=s[r]).getAttribute(\"data-secret\"))||(t=Math.random().toString(36).substring(2,12),e.src+=\"#?secret=\"+t,e.setAttribute(\"data-secret\",t)),e.contentWindow.postMessage({message:\"ready\",secret:t},\"*\")},!1)))}(window,document);\n\/* ]]> *\/\n<\/script>\n"},"_links":{"self":[{"href":"https:\/\/stepienybarno.es\/blog\/wp-json\/wp\/v2\/posts\/44718"}],"collection":[{"href":"https:\/\/stepienybarno.es\/blog\/wp-json\/wp\/v2\/posts"}],"about":[{"href":"https:\/\/stepienybarno.es\/blog\/wp-json\/wp\/v2\/types\/post"}],"author":[{"embeddable":true,"href":"https:\/\/stepienybarno.es\/blog\/wp-json\/wp\/v2\/users\/2"}],"replies":[{"embeddable":true,"href":"https:\/\/stepienybarno.es\/blog\/wp-json\/wp\/v2\/comments?post=44718"}],"version-history":[{"count":5,"href":"https:\/\/stepienybarno.es\/blog\/wp-json\/wp\/v2\/posts\/44718\/revisions"}],"predecessor-version":[{"id":44726,"href":"https:\/\/stepienybarno.es\/blog\/wp-json\/wp\/v2\/posts\/44718\/revisions\/44726"}],"wp:featuredmedia":[{"embeddable":true,"href":"https:\/\/stepienybarno.es\/blog\/wp-json\/wp\/v2\/media\/44720"}],"wp:attachment":[{"href":"https:\/\/stepienybarno.es\/blog\/wp-json\/wp\/v2\/media?parent=44718"}],"wp:term":[{"taxonomy":"category","embeddable":true,"href":"https:\/\/stepienybarno.es\/blog\/wp-json\/wp\/v2\/categories?post=44718"},{"taxonomy":"post_tag","embeddable":true,"href":"https:\/\/stepienybarno.es\/blog\/wp-json\/wp\/v2\/tags?post=44718"},{"taxonomy":"series","embeddable":true,"href":"https:\/\/stepienybarno.es\/blog\/wp-json\/wp\/v2\/series?post=44718"}],"curies":[{"name":"wp","href":"https:\/\/api.w.org\/{rel}","templated":true}]}}