{"id":44807,"date":"2020-11-16T08:02:09","date_gmt":"2020-11-16T06:02:09","guid":{"rendered":"https:\/\/www.stepienybarno.es\/blog\/?p=44807"},"modified":"2020-11-13T20:38:59","modified_gmt":"2020-11-13T18:38:59","slug":"el-mapa-de-las-ciudades-que-mas-van-a-crecer-en-los-proximos-30-anos","status":"publish","type":"post","link":"https:\/\/stepienybarno.es\/blog\/2020\/11\/16\/el-mapa-de-las-ciudades-que-mas-van-a-crecer-en-los-proximos-30-anos\/","title":{"rendered":"El mapa de las ciudades que m\u00e1s van a crecer en los pr\u00f3ximos 30 a\u00f1os"},"content":{"rendered":"<div id=\"attachment_44808\" style=\"width: 1002px\" class=\"wp-caption aligncenter\"><img loading=\"lazy\" decoding=\"async\" aria-describedby=\"caption-attachment-44808\" class=\"wp-image-44808 size-full\" src=\"https:\/\/stepienybarno.es\/blog\/wp-content\/uploads\/2020\/11\/stepienybarno-El-mapa-de-las-ciudades-que-mas-van-a-crecer-en-los-proximos-30-anos-postdeldia.jpg\" alt=\"\" width=\"992\" height=\"558\" srcset=\"https:\/\/stepienybarno.es\/blog\/wp-content\/uploads\/2020\/11\/stepienybarno-El-mapa-de-las-ciudades-que-mas-van-a-crecer-en-los-proximos-30-anos-postdeldia.jpg 992w, https:\/\/stepienybarno.es\/blog\/wp-content\/uploads\/2020\/11\/stepienybarno-El-mapa-de-las-ciudades-que-mas-van-a-crecer-en-los-proximos-30-anos-postdeldia-550x309.jpg 550w, https:\/\/stepienybarno.es\/blog\/wp-content\/uploads\/2020\/11\/stepienybarno-El-mapa-de-las-ciudades-que-mas-van-a-crecer-en-los-proximos-30-anos-postdeldia-180x101.jpg 180w, https:\/\/stepienybarno.es\/blog\/wp-content\/uploads\/2020\/11\/stepienybarno-El-mapa-de-las-ciudades-que-mas-van-a-crecer-en-los-proximos-30-anos-postdeldia-316x178.jpg 316w\" sizes=\"(max-width: 992px) 100vw, 992px\" \/><p id=\"caption-attachment-44808\" class=\"wp-caption-text\">Con el ritmo de crecimiento actual, Kinshasa va en camino de convertirse en 2050 en la urbe m\u00e1s poblada del mundo (Mario Chaparro)<\/p><\/div>\n<h1>Por: <span class=\"css-acjdas\"> Laura Arag\u00f3 <\/span><\/h1>\n<h2><strong>Desde: lavanguardia<br \/>\n<\/strong><\/h2>\n<h2><strong>Fotograf\u00eda: Con el ritmo de crecimiento actual, Kinshasa va en camino de convertirse en 2050 en la urbe m\u00e1s poblada del mundo (Mario Chaparro)<br \/>\n<\/strong><\/h2>\n<p><!--more--><\/p>\n<p>La principal autopista de la <b>Rep\u00fablica Democr\u00e1tica del Congo<\/b> se llama r\u00edo Congo. Es la v\u00eda de comunicaci\u00f3n m\u00e1s importante y su cauce vertebra todo el pa\u00eds a trav\u00e9s de sus afluentes. Cada d\u00eda centenares de personas se embarcan desde las provincias de Kibu y Equateur en un viaje de varios d\u00edas por sus aguas. Se deslizan corriente abajo huyendo de los estragos de la guerra con el objetivo de llegar a Kinshasa, la capital del pa\u00eds.<\/p>\n<p>Con una extensi\u00f3n similar a la de Madrid, esta ciudad de <b>12 millones de personas<\/b> engulle cada a\u00f1o 390.000 habitantes nuevos, seg\u00fan los datos de las Naciones Unidas. La apodaban <i>Kin-la-Belle<\/i> hasta que, en la d\u00e9cada de los 90, la mala gesti\u00f3n de sus aguas residuales y deshechos inund\u00f3 la ciudad. Desde entonces su poblaci\u00f3n no ha dejado de crecer. Tampoco lo han hecho los problemas de salubridad en los suburbios, por eso ahora sus habitantes la llaman <i>Kin-Poubelle<\/i>, basura en franc\u00e9s.<\/p>\n<p>&nbsp;<\/p>\n<p style=\"text-align: center;\">Acceder al Post <a href=\"https:\/\/bit.ly\/2Iy0qxy\" target=\"_blank\" rel=\"noopener noreferrer\">AQU\u00cd<\/a><\/p>\n<p>&nbsp;<\/p>\n<p><iframe loading=\"lazy\" title=\"\u00bfPara qu\u00e9 sirve un ARQUITECTO \/a? Por Jordi Ludevid\" width=\"911\" height=\"512\" src=\"https:\/\/www.youtube.com\/embed\/videoseries?list=PL9KCMehqFIajpdVXSncYV0J1ef6ms4zRx\" frameborder=\"0\" allow=\"accelerometer; autoplay; clipboard-write; encrypted-media; gyroscope; picture-in-picture\" allowfullscreen><\/iframe><\/p>\n<hr \/>\n<h5><strong>Autores del post: <a href=\"https:\/\/stepienybarno.es\/blog\/2011\/09\/04\/las-fortalezas-del-arquitecto\/\">Stepienybarno<\/a> _ Agnieszka Stepien y Lorenzo Barn\u00f3<\/strong><\/h5>\n<h5>Y como siempre, si te gust\u00f3 el post, estar\u00eda genial que lo compartas en tus redes sociales.<\/h5>\n<h5>A su vez, si todav\u00eda no est\u00e1s suscrito a nuestra Newsletter, te animamos a hacerlo en la casilla que tienes al terminar este art\u00edculo.<\/h5>\n<p>&nbsp;<\/p>\n<blockquote><p>Suscribirte a nuestro blog y recibe gratis nuestra gu\u00eda: 10 Ideas para vender m\u00e1s si eres arquitecto<\/p>\n<p>Acceder: <a href=\"http:\/\/bit.ly\/2fkkTS7\">http:\/\/bit.ly\/2fkkTS7<\/a><\/p>\n<p>&nbsp;<\/p>\n<p>Si te interesa contactar con nosotros para que te ayudemos a mejorar tu visibilidad online y, en consecuencia, mejorar tus oportunidades laborales, no dudes en escribirnos a: <a href=\"mailto:blog@stepienybarno.es\">blog@stepienybarno.es<\/a><\/p><\/blockquote>\n<p>&nbsp;<\/p>\n<p><em><a href=\"https:\/\/twitter.com\/stepienybarno\">Stepienybarno en TWITTER<\/a><\/em><\/p>\n<p><em><a href=\"https:\/\/twitter.com\/stepienybarno\">@stepienybarno (+ de 16.000 seguidores)<\/a><\/em><\/p>\n<p><em><a href=\"https:\/\/twitter.com\/stepienybarno?lang=es\">https:\/\/twitter.com\/stepienybarno?lang=es<\/a><\/em><\/p>\n<p><em><a href=\"https:\/\/www.facebook.com\/pages\/BLOG-DE-STEPIENYBARNO\/78001079029\">Stepienybarno en FACEBOOK (+ de 24<u>.000 seguidores)<\/u><\/a><\/em><\/p>\n<p><em><a href=\"https:\/\/www.facebook.com\/StepienyBarnoArquitecturaeIdentidadDigital\/\">https:\/\/www.facebook.com\/StepienyBarnoArquitecturaeIdentidadDigital\/<\/a><\/em><\/p>\n<p><em>Acceder a nuestro GRUPO CERRADO DE FACEBOOK sobre Identidad Digital para Arquitectos:<\/em><\/p>\n<p><em><a href=\"https:\/\/www.facebook.com\/groups\/IdentidadDigitalParaArquitectos\/\">https:\/\/www.facebook.com\/groups\/IdentidadDigitalParaArquitectos\/<\/a><\/em><\/p>\n<p><em>Suscr\u00edbete a nuestro canal de YOUTUBE: <a href=\"http:\/\/bit.ly\/2A1UtAd\">http:\/\/bit.ly\/2A1UtAd<\/a><\/em><\/p>\n<p>&nbsp;<\/p>\n<p>* <a href=\"https:\/\/stepienybarno.es\/blog\/2011\/09\/04\/las-fortalezas-del-arquitecto\/\">Stepienybarno<\/a> est\u00e1 formado por Agnieszka Stepien y Lorenzo Barn\u00f3 y desde mayo del 2009 estamos en la red con la presente publicaci\u00f3n digital (Blog) de arquitectura.<\/p>\n<p>Nuestra actividad se sustenta en tres pilares b\u00e1sicos: la investigaci\u00f3n, la publicaci\u00f3n y la redacci\u00f3n de proyectos de arquitectura.<\/p>\n<p>A su vez, somos socios cofundadores de <a href=\"http:\/\/sinergiasostenible.org\/\">SINERGIA SOSTENIBLE<\/a> y directores del blog de FUNDACI\u00d3N ARQUIA.<\/p>\n","protected":false},"excerpt":{"rendered":"<p>Por: Laura Arag\u00f3 Desde: lavanguardia Fotograf\u00eda: Con el ritmo de<\/p>\n","protected":false},"author":2,"featured_media":44808,"comment_status":"open","ping_status":"closed","sticky":false,"template":"","format":"standard","meta":{"om_disable_all_campaigns":false,"_monsterinsights_skip_tracking":false,"_monsterinsights_sitenote_active":false,"_monsterinsights_sitenote_note":"","_monsterinsights_sitenote_category":0,"_uf_show_specific_survey":0,"_uf_disable_surveys":false,"episode_type":"audio","audio_file":"","cover_image":"","cover_image_id":"","duration":"","filesize":"","date_recorded":"","explicit":"","block":"","filesize_raw":"","footnotes":""},"categories":[244],"tags":[4272],"series":[],"class_list":["post-44807","post","type-post","status-publish","format-standard","has-post-thumbnail","hentry","category-canal-de-arquitectura","tag-urbanismo"],"aioseo_notices":[],"episode_featured_image":"https:\/\/stepienybarno.es\/blog\/wp-content\/uploads\/2020\/11\/stepienybarno-El-mapa-de-las-ciudades-que-mas-van-a-crecer-en-los-proximos-30-anos-postdeldia.jpg","episode_player_image":"https:\/\/stepienybarno.es\/blog\/wp-content\/uploads\/2020\/11\/stepienybarno-podcast-scaled.jpg","download_link":"","player_link":"","audio_player":false,"episode_data":{"playerMode":"dark","subscribeUrls":[],"rssFeedUrl":"https:\/\/stepienybarno.es\/blog\/feed\/podcast\/podcast-de-stepienybarno","embedCode":"<blockquote class=\"wp-embedded-content\" data-secret=\"ndDtVHs2C0\"><a href=\"https:\/\/stepienybarno.es\/blog\/2020\/11\/16\/el-mapa-de-las-ciudades-que-mas-van-a-crecer-en-los-proximos-30-anos\/\">El mapa de las ciudades que m\u00e1s van a crecer en los pr\u00f3ximos 30 a\u00f1os<\/a><\/blockquote><iframe sandbox=\"allow-scripts\" security=\"restricted\" src=\"https:\/\/stepienybarno.es\/blog\/2020\/11\/16\/el-mapa-de-las-ciudades-que-mas-van-a-crecer-en-los-proximos-30-anos\/embed\/#?secret=ndDtVHs2C0\" width=\"500\" height=\"350\" title=\"\u00abEl mapa de las ciudades que m\u00e1s van a crecer en los pr\u00f3ximos 30 a\u00f1os\u00bb \u2014 Blog de STEPIEN Y BARNO - publicaci\u00f3n digital sobre arquitectura\" data-secret=\"ndDtVHs2C0\" frameborder=\"0\" marginwidth=\"0\" marginheight=\"0\" scrolling=\"no\" class=\"wp-embedded-content\"><\/iframe><script type=\"text\/javascript\">\n\/* <![CDATA[ *\/\n\/*! This file is auto-generated *\/\n!function(d,l){\"use strict\";l.querySelector&&d.addEventListener&&\"undefined\"!=typeof URL&&(d.wp=d.wp||{},d.wp.receiveEmbedMessage||(d.wp.receiveEmbedMessage=function(e){var t=e.data;if((t||t.secret||t.message||t.value)&&!\/[^a-zA-Z0-9]\/.test(t.secret)){for(var s,r,n,a=l.querySelectorAll('iframe[data-secret=\"'+t.secret+'\"]'),o=l.querySelectorAll('blockquote[data-secret=\"'+t.secret+'\"]'),c=new RegExp(\"^https?:$\",\"i\"),i=0;i<o.length;i++)o[i].style.display=\"none\";for(i=0;i<a.length;i++)s=a[i],e.source===s.contentWindow&&(s.removeAttribute(\"style\"),\"height\"===t.message?(1e3<(r=parseInt(t.value,10))?r=1e3:~~r<200&&(r=200),s.height=r):\"link\"===t.message&&(r=new URL(s.getAttribute(\"src\")),n=new URL(t.value),c.test(n.protocol))&&n.host===r.host&&l.activeElement===s&&(d.top.location.href=t.value))}},d.addEventListener(\"message\",d.wp.receiveEmbedMessage,!1),l.addEventListener(\"DOMContentLoaded\",function(){for(var e,t,s=l.querySelectorAll(\"iframe.wp-embedded-content\"),r=0;r<s.length;r++)(t=(e=s[r]).getAttribute(\"data-secret\"))||(t=Math.random().toString(36).substring(2,12),e.src+=\"#?secret=\"+t,e.setAttribute(\"data-secret\",t)),e.contentWindow.postMessage({message:\"ready\",secret:t},\"*\")},!1)))}(window,document);\n\/* ]]> *\/\n<\/script>\n"},"_links":{"self":[{"href":"https:\/\/stepienybarno.es\/blog\/wp-json\/wp\/v2\/posts\/44807"}],"collection":[{"href":"https:\/\/stepienybarno.es\/blog\/wp-json\/wp\/v2\/posts"}],"about":[{"href":"https:\/\/stepienybarno.es\/blog\/wp-json\/wp\/v2\/types\/post"}],"author":[{"embeddable":true,"href":"https:\/\/stepienybarno.es\/blog\/wp-json\/wp\/v2\/users\/2"}],"replies":[{"embeddable":true,"href":"https:\/\/stepienybarno.es\/blog\/wp-json\/wp\/v2\/comments?post=44807"}],"version-history":[{"count":1,"href":"https:\/\/stepienybarno.es\/blog\/wp-json\/wp\/v2\/posts\/44807\/revisions"}],"predecessor-version":[{"id":44809,"href":"https:\/\/stepienybarno.es\/blog\/wp-json\/wp\/v2\/posts\/44807\/revisions\/44809"}],"wp:featuredmedia":[{"embeddable":true,"href":"https:\/\/stepienybarno.es\/blog\/wp-json\/wp\/v2\/media\/44808"}],"wp:attachment":[{"href":"https:\/\/stepienybarno.es\/blog\/wp-json\/wp\/v2\/media?parent=44807"}],"wp:term":[{"taxonomy":"category","embeddable":true,"href":"https:\/\/stepienybarno.es\/blog\/wp-json\/wp\/v2\/categories?post=44807"},{"taxonomy":"post_tag","embeddable":true,"href":"https:\/\/stepienybarno.es\/blog\/wp-json\/wp\/v2\/tags?post=44807"},{"taxonomy":"series","embeddable":true,"href":"https:\/\/stepienybarno.es\/blog\/wp-json\/wp\/v2\/series?post=44807"}],"curies":[{"name":"wp","href":"https:\/\/api.w.org\/{rel}","templated":true}]}}