{"id":44810,"date":"2020-11-16T17:52:56","date_gmt":"2020-11-16T15:52:56","guid":{"rendered":"https:\/\/www.stepienybarno.es\/blog\/?p=44810"},"modified":"2020-11-23T17:25:26","modified_gmt":"2020-11-23T15:25:26","slug":"episodio-58-instatectura-la-semana-en-syb-arquicafe-con-agustin-ferrer-y-curso-de-identidad-digital","status":"publish","type":"post","link":"https:\/\/stepienybarno.es\/blog\/2020\/11\/16\/episodio-58-instatectura-la-semana-en-syb-arquicafe-con-agustin-ferrer-y-curso-de-identidad-digital\/","title":{"rendered":"#Episodio 58. Instatectura la semana en SyB. Arquicaf\u00e9 con Agust\u00edn Ferrer y Curso de Identidad digital"},"content":{"rendered":"<p><img loading=\"lazy\" decoding=\"async\" class=\"aligncenter wp-image-44811 size-large\" src=\"https:\/\/stepienybarno.es\/blog\/wp-content\/uploads\/2020\/11\/stepienybarno-arquicafe-dario-nunez-uxua-domblas-agustin-ferrer-identidad-digital-1024x576.png\" alt=\"\" width=\"911\" height=\"512\" srcset=\"https:\/\/stepienybarno.es\/blog\/wp-content\/uploads\/2020\/11\/stepienybarno-arquicafe-dario-nunez-uxua-domblas-agustin-ferrer-identidad-digital-1024x576.png 1024w, https:\/\/stepienybarno.es\/blog\/wp-content\/uploads\/2020\/11\/stepienybarno-arquicafe-dario-nunez-uxua-domblas-agustin-ferrer-identidad-digital-550x309.png 550w, https:\/\/stepienybarno.es\/blog\/wp-content\/uploads\/2020\/11\/stepienybarno-arquicafe-dario-nunez-uxua-domblas-agustin-ferrer-identidad-digital-180x101.png 180w, https:\/\/stepienybarno.es\/blog\/wp-content\/uploads\/2020\/11\/stepienybarno-arquicafe-dario-nunez-uxua-domblas-agustin-ferrer-identidad-digital-316x178.png 316w, https:\/\/stepienybarno.es\/blog\/wp-content\/uploads\/2020\/11\/stepienybarno-arquicafe-dario-nunez-uxua-domblas-agustin-ferrer-identidad-digital.png 1280w\" sizes=\"(max-width: 911px) 100vw, 911px\" \/><\/p>\n<p>Como cada inicio de semana, os presentamos la sesi\u00f3n de Instatectura la semana en SyB, un repaso que haremos para comentaros en qu\u00e9 hemos estado metidos esta semana. En el instatectura de hoy hablaremos del pr\u00f3ximo arquicafe con Agust\u00edn Ferrer, el comienzo del 11 Curso de Identidad digital para Arquitectos&#8230;<\/p>\n<p><!--more--><\/p>\n<p>En el podcast de hoy podr\u00e9is escuchar c\u00f3mo Uxua y Dar\u00edo os contar\u00e1n un resumen de todas las actividades en las que estamos trabajando y tambi\u00e9n las pr\u00f3ximas que ir\u00e9is conociendo esta semana.<\/p>\n<h2>Instatectura la semana en SyB<\/h2>\n<h3>Arquicaf\u00e9 con Agust\u00edn Ferrer<\/h3>\n<p>La semana que viene tendremos el honor de tener de invitado en nuestros arquicaf\u00e9s a <a href=\"https:\/\/www.instagram.com\/agustinferrercasas\/\"><strong>Agust\u00edn Ferrer<\/strong><\/a>, entre otros autor del estupendo comic <a href=\"https:\/\/www.grafitoeditorial.com\/comic\/mies\/\">MIES<\/a>.<\/p>\n<h3>11\u00ba Curso de Identidad digital para Arquitectos.<\/h3>\n<p>Hoy lunes comenzamos la onceava edici\u00f3n del <strong><a href=\"https:\/\/cursoidentidaddigital.stepienybarno.es\/\">Curso de Identidad Digital para Arquitectos<\/a><\/strong>, a ra\u00edz de esto hoy os damos 10 consejos para vuestra web. Somos expertos en <strong>Marketing para Arquitectos<\/strong> y os podemos ayudar, y lo primero de todo es tener una buena casa digital ( o vuestra web-blog)<\/p>\n<p style=\"text-align: center;\"><strong><a href=\"https:\/\/stepienybarno.es\/blog\/2020\/03\/31\/episodio-14-10-claves-para-un-buen-diseno-web-de-arquitectura\/\">+INFO Aqu\u00ed<\/a><\/strong><\/p>\n<h3>#Cosillas en la red: La ciudad de 15 minutos<\/h3>\n<p>Hoy traemos este ejercicio de urbanismo que se ha puesto sobre la mesa de las grandes ciudades: <strong>la ciudad de los 15&#8242;<\/strong>.<\/p>\n<p><em>\u00abLa ciudad de los 15 minutos es un trabajo de investigaci\u00f3n que lidero en Sorbona y de influencia en Francia y a nivel internacional sobre las transformaciones necesarias en\u00a0el mundo urbano, tomando como enfoque la relaci\u00f3n entre el espacio y el tiempo \u00fatil, el crono urbanismo. Esta<b data-stringify-type=\"bold\">\u00a0propuesta del urbanista colombo franc\u00e9s Carlos Moreno fue acogida por la alcaldesa de Par\u00eds\u00a0 Anne Hidalgo (&#8230;).<\/b><\/em><br \/>\n<em>La pregunta que abordamos es as\u00ed: \u00bfC\u00f3mo ofrecer a los residentes urbanos una ciudad serena, con m\u00e1s proximidad, menos estr\u00e9s, menos horas de transporte y al mismo tiempo satisfacer sus funciones\u00a0sociales urbanas esenciales? Es hora de avanzar no m\u00e1s hacia la planificaci\u00f3n urbana sino hacia la planificaci\u00f3n de la vida urbana. (&#8230;)\u00bb<\/em><br \/>\n<a class=\"c-link\" href=\"https:\/\/la.network\/ciudad-de-los-15-minutos-en-que-consiste-la-propuesta-de-anne-hidalgo-para-su-segundo-mandato\/\" target=\"_blank\" rel=\"noopener noreferrer\" data-stringify-link=\"https:\/\/la.network\/ciudad-de-los-15-minutos-en-que-consiste-la-propuesta-de-anne-hidalgo-para-su-segundo-mandato\/\" data-sk=\"tooltip_parent\">Mas INFO AQU\u00cd<\/a><\/p>\n<p>Una referencia de ayer mismo, este art\u00edculo que os recomendamos:<br \/>\n<a class=\"c-link\" href=\"https:\/\/www.lanacion.com.ar\/propiedades\/tendencia-que-es-la-ciudad-de-los-15-minutos-nid15112020\/\" target=\"_blank\" rel=\"noopener noreferrer\" data-stringify-link=\"https:\/\/www.lanacion.com.ar\/propiedades\/tendencia-que-es-la-ciudad-de-los-15-minutos-nid15112020\/\" data-sk=\"tooltip_parent\">Mas INFO AQU\u00cd<\/a><\/p>\n<p>Feliz semana! esperamos que os guste el nuevo Instatectura la actualidad de SyB en la semana<\/p>\n<p style=\"text-align: center;\"><a href=\"https:\/\/stepienybarno.es\/blog\/category\/podcast\/\" class=\"kp-button medium-button\" target=\"_self\">escucha m\u00e1s podcast de stepienybarno<\/a><\/p>\n<p style=\"text-align: center;\">Tambi\u00e9n en <a href=\"https:\/\/www.ivoox.com\/podcast-stepienybarno-arquitectura_sq_f1856662_1.html\" target=\"_blank\" rel=\"noopener noreferrer\">IVOOX<\/a><\/p>\n<p><iframe loading=\"lazy\" title=\"Instatectura 20201116_ La ciudad de los 15&#039;, Agust\u00edn Ferrer y 10 claves web de arquitectura.\" width=\"911\" height=\"512\" src=\"https:\/\/www.youtube.com\/embed\/rmUL6eiaTqc?feature=oembed\" frameborder=\"0\" allow=\"accelerometer; autoplay; clipboard-write; encrypted-media; gyroscope; picture-in-picture\" allowfullscreen><\/iframe><\/p>\n<h4><\/h4>\n<p>&nbsp;<\/p>\n","protected":false},"excerpt":{"rendered":"<p>Como cada inicio de semana, os presentamos la sesi\u00f3n de<\/p>\n","protected":false},"author":2,"featured_media":44811,"comment_status":"open","ping_status":"closed","sticky":false,"template":"","format":"standard","meta":{"om_disable_all_campaigns":false,"_monsterinsights_skip_tracking":false,"_monsterinsights_sitenote_active":false,"_monsterinsights_sitenote_note":"","_monsterinsights_sitenote_category":0,"_uf_show_specific_survey":0,"_uf_disable_surveys":false,"episode_type":"audio","audio_file":"https:\/\/stepienybarno.es\/blog\/wp-content\/uploads\/2020\/11\/58-instatecura-1.mp3","cover_image":"","cover_image_id":"","duration":"24:00","filesize":"13.73M","date_recorded":"","explicit":"","block":"","filesize_raw":"14397757","footnotes":""},"categories":[34],"tags":[6425,7239,4199,8110,8448,8447,7997,1299],"series":[10115],"class_list":["post-44810","post","type-post","status-publish","format-standard","has-post-thumbnail","hentry","category-actualidad","tag-identidaddigital","tag-agustin-ferrer-casas","tag-dario-nunez","tag-instatectura","tag-la-ciudad-de-15-minutos","tag-marketing-arquitectos","tag-podcast","tag-uxua-domblas","series-podcast-de-stepienybarno"],"aioseo_notices":[],"episode_featured_image":"https:\/\/stepienybarno.es\/blog\/wp-content\/uploads\/2020\/11\/stepienybarno-arquicafe-dario-nunez-uxua-domblas-agustin-ferrer-identidad-digital.png","episode_player_image":"https:\/\/stepienybarno.es\/blog\/wp-content\/uploads\/2020\/11\/stepienybarno-podcast-scaled.jpg","download_link":"https:\/\/stepienybarno.es\/blog\/podcast-download\/44810\/episodio-58-instatectura-la-semana-en-syb-arquicafe-con-agustin-ferrer-y-curso-de-identidad-digital.mp3","player_link":"https:\/\/stepienybarno.es\/blog\/podcast-player\/44810\/episodio-58-instatectura-la-semana-en-syb-arquicafe-con-agustin-ferrer-y-curso-de-identidad-digital.mp3","audio_player":"<!--[if lt IE 9]><script>document.createElement('audio');<\/script><![endif]-->\n<audio class=\"wp-audio-shortcode\" id=\"audio-44810-1\" preload=\"none\" style=\"width: 100%;\" controls=\"controls\"><source type=\"audio\/mpeg\" src=\"https:\/\/stepienybarno.es\/blog\/podcast-player\/44810\/episodio-58-instatectura-la-semana-en-syb-arquicafe-con-agustin-ferrer-y-curso-de-identidad-digital.mp3?_=1\" \/><a href=\"https:\/\/stepienybarno.es\/blog\/podcast-player\/44810\/episodio-58-instatectura-la-semana-en-syb-arquicafe-con-agustin-ferrer-y-curso-de-identidad-digital.mp3\">https:\/\/stepienybarno.es\/blog\/podcast-player\/44810\/episodio-58-instatectura-la-semana-en-syb-arquicafe-con-agustin-ferrer-y-curso-de-identidad-digital.mp3<\/a><\/audio>","episode_data":{"playerMode":"dark","subscribeUrls":[],"rssFeedUrl":"https:\/\/stepienybarno.es\/blog\/feed\/podcast\/podcast-de-stepienybarno","embedCode":"<blockquote class=\"wp-embedded-content\" data-secret=\"wTBer3chWx\"><a href=\"https:\/\/stepienybarno.es\/blog\/2020\/11\/16\/episodio-58-instatectura-la-semana-en-syb-arquicafe-con-agustin-ferrer-y-curso-de-identidad-digital\/\">#Episodio 58. Instatectura la semana en SyB. Arquicaf\u00e9 con Agust\u00edn Ferrer y Curso de Identidad digital<\/a><\/blockquote><iframe sandbox=\"allow-scripts\" security=\"restricted\" src=\"https:\/\/stepienybarno.es\/blog\/2020\/11\/16\/episodio-58-instatectura-la-semana-en-syb-arquicafe-con-agustin-ferrer-y-curso-de-identidad-digital\/embed\/#?secret=wTBer3chWx\" width=\"500\" height=\"350\" title=\"\u00ab#Episodio 58. Instatectura la semana en SyB. Arquicaf\u00e9 con Agust\u00edn Ferrer y Curso de Identidad digital\u00bb \u2014 Blog de STEPIEN Y BARNO - publicaci\u00f3n digital sobre arquitectura\" data-secret=\"wTBer3chWx\" frameborder=\"0\" marginwidth=\"0\" marginheight=\"0\" scrolling=\"no\" class=\"wp-embedded-content\"><\/iframe><script type=\"text\/javascript\">\n\/* <![CDATA[ *\/\n\/*! This file is auto-generated *\/\n!function(d,l){\"use strict\";l.querySelector&&d.addEventListener&&\"undefined\"!=typeof URL&&(d.wp=d.wp||{},d.wp.receiveEmbedMessage||(d.wp.receiveEmbedMessage=function(e){var t=e.data;if((t||t.secret||t.message||t.value)&&!\/[^a-zA-Z0-9]\/.test(t.secret)){for(var s,r,n,a=l.querySelectorAll('iframe[data-secret=\"'+t.secret+'\"]'),o=l.querySelectorAll('blockquote[data-secret=\"'+t.secret+'\"]'),c=new RegExp(\"^https?:$\",\"i\"),i=0;i<o.length;i++)o[i].style.display=\"none\";for(i=0;i<a.length;i++)s=a[i],e.source===s.contentWindow&&(s.removeAttribute(\"style\"),\"height\"===t.message?(1e3<(r=parseInt(t.value,10))?r=1e3:~~r<200&&(r=200),s.height=r):\"link\"===t.message&&(r=new URL(s.getAttribute(\"src\")),n=new URL(t.value),c.test(n.protocol))&&n.host===r.host&&l.activeElement===s&&(d.top.location.href=t.value))}},d.addEventListener(\"message\",d.wp.receiveEmbedMessage,!1),l.addEventListener(\"DOMContentLoaded\",function(){for(var e,t,s=l.querySelectorAll(\"iframe.wp-embedded-content\"),r=0;r<s.length;r++)(t=(e=s[r]).getAttribute(\"data-secret\"))||(t=Math.random().toString(36).substring(2,12),e.src+=\"#?secret=\"+t,e.setAttribute(\"data-secret\",t)),e.contentWindow.postMessage({message:\"ready\",secret:t},\"*\")},!1)))}(window,document);\n\/* ]]> *\/\n<\/script>\n"},"_links":{"self":[{"href":"https:\/\/stepienybarno.es\/blog\/wp-json\/wp\/v2\/posts\/44810"}],"collection":[{"href":"https:\/\/stepienybarno.es\/blog\/wp-json\/wp\/v2\/posts"}],"about":[{"href":"https:\/\/stepienybarno.es\/blog\/wp-json\/wp\/v2\/types\/post"}],"author":[{"embeddable":true,"href":"https:\/\/stepienybarno.es\/blog\/wp-json\/wp\/v2\/users\/2"}],"replies":[{"embeddable":true,"href":"https:\/\/stepienybarno.es\/blog\/wp-json\/wp\/v2\/comments?post=44810"}],"version-history":[{"count":2,"href":"https:\/\/stepienybarno.es\/blog\/wp-json\/wp\/v2\/posts\/44810\/revisions"}],"predecessor-version":[{"id":44814,"href":"https:\/\/stepienybarno.es\/blog\/wp-json\/wp\/v2\/posts\/44810\/revisions\/44814"}],"wp:featuredmedia":[{"embeddable":true,"href":"https:\/\/stepienybarno.es\/blog\/wp-json\/wp\/v2\/media\/44811"}],"wp:attachment":[{"href":"https:\/\/stepienybarno.es\/blog\/wp-json\/wp\/v2\/media?parent=44810"}],"wp:term":[{"taxonomy":"category","embeddable":true,"href":"https:\/\/stepienybarno.es\/blog\/wp-json\/wp\/v2\/categories?post=44810"},{"taxonomy":"post_tag","embeddable":true,"href":"https:\/\/stepienybarno.es\/blog\/wp-json\/wp\/v2\/tags?post=44810"},{"taxonomy":"series","embeddable":true,"href":"https:\/\/stepienybarno.es\/blog\/wp-json\/wp\/v2\/series?post=44810"}],"curies":[{"name":"wp","href":"https:\/\/api.w.org\/{rel}","templated":true}]}}