{"id":44856,"date":"2020-11-19T08:02:03","date_gmt":"2020-11-19T06:02:03","guid":{"rendered":"https:\/\/www.stepienybarno.es\/blog\/?p=44856"},"modified":"2020-11-16T22:20:48","modified_gmt":"2020-11-16T20:20:48","slug":"la-escala-de-los-ninos-y-ninas-breve-historia-del-mobiliario-infantil","status":"publish","type":"post","link":"https:\/\/stepienybarno.es\/blog\/2020\/11\/19\/la-escala-de-los-ninos-y-ninas-breve-historia-del-mobiliario-infantil\/","title":{"rendered":"La escala de los ni\u00f1os y ni\u00f1as: Breve historia del mobiliario infantil"},"content":{"rendered":"<div id=\"attachment_44867\" style=\"width: 760px\" class=\"wp-caption aligncenter\"><img loading=\"lazy\" decoding=\"async\" aria-describedby=\"caption-attachment-44867\" class=\"wp-image-44867 size-full\" src=\"https:\/\/stepienybarno.es\/blog\/wp-content\/uploads\/2020\/11\/stepienybarno-La-escala-de-los-ninos-y-ninas-Breve-historia-del-mobiliario-infantil-postdeldia.jpg\" alt=\"\" width=\"750\" height=\"545\" srcset=\"https:\/\/stepienybarno.es\/blog\/wp-content\/uploads\/2020\/11\/stepienybarno-La-escala-de-los-ninos-y-ninas-Breve-historia-del-mobiliario-infantil-postdeldia.jpg 750w, https:\/\/stepienybarno.es\/blog\/wp-content\/uploads\/2020\/11\/stepienybarno-La-escala-de-los-ninos-y-ninas-Breve-historia-del-mobiliario-infantil-postdeldia-550x400.jpg 550w, https:\/\/stepienybarno.es\/blog\/wp-content\/uploads\/2020\/11\/stepienybarno-La-escala-de-los-ninos-y-ninas-Breve-historia-del-mobiliario-infantil-postdeldia-180x131.jpg 180w, https:\/\/stepienybarno.es\/blog\/wp-content\/uploads\/2020\/11\/stepienybarno-La-escala-de-los-ninos-y-ninas-Breve-historia-del-mobiliario-infantil-postdeldia-316x230.jpg 316w\" sizes=\"(max-width: 750px) 100vw, 750px\" \/><p id=\"caption-attachment-44867\" class=\"wp-caption-text\">La escala de los ni\u00f1os y ni\u00f1as: Breve historia del mobiliario infantil<\/p><\/div>\n<h1><strong>Por: <\/strong><span class=\"css-acjdas\">Audrey Migliani | Traducido por Jos\u00e9 Tom\u00e1s Franco<\/span><\/h1>\n<h2><strong>Desde: plataforma arquitectura<br \/>\n<\/strong><\/h2>\n<h2><strong>Fotograf\u00eda: 1932 Escuela Montessori, Barcelona. Montessori, M.<br \/>\n<\/strong><\/h2>\n<p><!--more--><\/p>\n<p>Los <a href=\"https:\/\/www.plataformaarquitectura.cl\/cl\/tag\/muebles\">muebles<\/a> infantiles son todos aquellos mobiliarios dimensionados \u2013fijos o m\u00f3viles\u2013 que gu\u00edan su dise\u00f1o seg\u00fan los <a href=\"https:\/\/www.plataformaarquitectura.cl\/cl\/909477\/la-importancia-de-entender-el-cuerpo-humano-disenando-para-las-personas-en-todas-sus-formas-y-tamanos\">principios ergon\u00f3micos y anat\u00f3micos<\/a> de los ni\u00f1os y ni\u00f1as, y\/o aquellos que les ayudan de forma adecuada. Siguiendo esta l\u00ednea, podemos identificar dos tipos de <a href=\"https:\/\/www.plataformaarquitectura.cl\/cl\/tag\/muebles\">muebles<\/a>: (1) los que facilitan una relaci\u00f3n entre el cuidador y el ni\u00f1o, y (2) los que permiten que el ni\u00f1o los utilice de forma independiente.<\/p>\n<p>La gran diferencia entre estos dos tipos es que los primeros tienen dimensiones que se adaptan principalmente a la ergonom\u00eda del adulto y los segundos est\u00e1n dise\u00f1ados para satisfacer las necesidades ergon\u00f3micas del ni\u00f1o, en cada etapa de su desarrollo. Dado que el crecimiento de los ni\u00f1os ocurre relativamente r\u00e1pido, es com\u00fan que los <a href=\"https:\/\/www.plataformaarquitectura.cl\/cl\/tag\/muebles\">muebles<\/a> de este segundo grupo sean multifuncionales o incluso extensibles.<\/p>\n<p>\u00bfDonde aparecen por primera vez los <a href=\"https:\/\/www.plataformaarquitectura.cl\/search\/cl\/products\/categories\/equipamiento_mobiliario_residencial\">muebles<\/a> exclusivamente para ni\u00f1os? Existen registros en el Antiguo Egipto que cuentan que la cama fue el primer mueble dise\u00f1ado con dimensiones adecuadas para ni\u00f1os peque\u00f1os. Se diferenciaba de la cama de los adultos solo en su tama\u00f1o, por lo que todav\u00eda no era una cuna.<\/p>\n<p>&nbsp;<\/p>\n<p style=\"text-align: center;\">Acceder al Post <a href=\"https:\/\/bit.ly\/2Hcz0x2\" target=\"_blank\" rel=\"noopener noreferrer\">AQU\u00cd<\/a><\/p>\n<p>&nbsp;<\/p>\n<p><iframe loading=\"lazy\" title=\"\u00bfPara qu\u00e9 sirve un ARQUITECTO \/a? Por Jordi Ludevid\" width=\"911\" height=\"512\" src=\"https:\/\/www.youtube.com\/embed\/videoseries?list=PL9KCMehqFIajpdVXSncYV0J1ef6ms4zRx\" frameborder=\"0\" allow=\"accelerometer; autoplay; clipboard-write; encrypted-media; gyroscope; picture-in-picture\" allowfullscreen><\/iframe><\/p>\n<hr \/>\n<h5><strong>Autores del post: <a href=\"https:\/\/stepienybarno.es\/blog\/2011\/09\/04\/las-fortalezas-del-arquitecto\/\">Stepienybarno<\/a> _ Agnieszka Stepien y Lorenzo Barn\u00f3<\/strong><\/h5>\n<h5>Y como siempre, si te gust\u00f3 el post, estar\u00eda genial que lo compartas en tus redes sociales.<\/h5>\n<h5>A su vez, si todav\u00eda no est\u00e1s suscrito a nuestra Newsletter, te animamos a hacerlo en la casilla que tienes al terminar este art\u00edculo.<\/h5>\n<p>&nbsp;<\/p>\n<blockquote><p>Suscribirte a nuestro blog y recibe gratis nuestra gu\u00eda: 10 Ideas para vender m\u00e1s si eres arquitecto<\/p>\n<p>Acceder: <a href=\"http:\/\/bit.ly\/2fkkTS7\">http:\/\/bit.ly\/2fkkTS7<\/a><\/p>\n<p>&nbsp;<\/p>\n<p>Si te interesa contactar con nosotros para que te ayudemos a mejorar tu visibilidad online y, en consecuencia, mejorar tus oportunidades laborales, no dudes en escribirnos a: <a href=\"mailto:blog@stepienybarno.es\">blog@stepienybarno.es<\/a><\/p><\/blockquote>\n<p>&nbsp;<\/p>\n<p><em><a href=\"https:\/\/twitter.com\/stepienybarno\">Stepienybarno en TWITTER<\/a><\/em><\/p>\n<p><em><a href=\"https:\/\/twitter.com\/stepienybarno\">@stepienybarno (+ de 16.000 seguidores)<\/a><\/em><\/p>\n<p><em><a href=\"https:\/\/twitter.com\/stepienybarno?lang=es\">https:\/\/twitter.com\/stepienybarno?lang=es<\/a><\/em><\/p>\n<p><em><a href=\"https:\/\/www.facebook.com\/pages\/BLOG-DE-STEPIENYBARNO\/78001079029\">Stepienybarno en FACEBOOK (+ de 24<u>.000 seguidores)<\/u><\/a><\/em><\/p>\n<p><em><a href=\"https:\/\/www.facebook.com\/StepienyBarnoArquitecturaeIdentidadDigital\/\">https:\/\/www.facebook.com\/StepienyBarnoArquitecturaeIdentidadDigital\/<\/a><\/em><\/p>\n<p><em>Acceder a nuestro GRUPO CERRADO DE FACEBOOK sobre Identidad Digital para Arquitectos:<\/em><\/p>\n<p><em><a href=\"https:\/\/www.facebook.com\/groups\/IdentidadDigitalParaArquitectos\/\">https:\/\/www.facebook.com\/groups\/IdentidadDigitalParaArquitectos\/<\/a><\/em><\/p>\n<p><em>Suscr\u00edbete a nuestro canal de YOUTUBE: <a href=\"http:\/\/bit.ly\/2A1UtAd\">http:\/\/bit.ly\/2A1UtAd<\/a><\/em><\/p>\n<p>&nbsp;<\/p>\n<p>* <a href=\"https:\/\/stepienybarno.es\/blog\/2011\/09\/04\/las-fortalezas-del-arquitecto\/\">Stepienybarno<\/a> est\u00e1 formado por Agnieszka Stepien y Lorenzo Barn\u00f3 y desde mayo del 2009 estamos en la red con la presente publicaci\u00f3n digital (Blog) de arquitectura.<\/p>\n<p>Nuestra actividad se sustenta en tres pilares b\u00e1sicos: la investigaci\u00f3n, la publicaci\u00f3n y la redacci\u00f3n de proyectos de arquitectura.<\/p>\n<p>A su vez, somos socios cofundadores de <a href=\"http:\/\/sinergiasostenible.org\/\">SINERGIA SOSTENIBLE<\/a> y directores del blog de FUNDACI\u00d3N ARQUIA.<\/p>\n","protected":false},"excerpt":{"rendered":"<p>Por: Audrey Migliani | Traducido por Jos\u00e9 Tom\u00e1s Franco Desde:<\/p>\n","protected":false},"author":2,"featured_media":44867,"comment_status":"open","ping_status":"closed","sticky":false,"template":"","format":"standard","meta":{"om_disable_all_campaigns":false,"_monsterinsights_skip_tracking":false,"_monsterinsights_sitenote_active":false,"_monsterinsights_sitenote_note":"","_monsterinsights_sitenote_category":0,"_uf_show_specific_survey":0,"_uf_disable_surveys":false,"episode_type":"audio","audio_file":"","cover_image":"","cover_image_id":"","duration":"","filesize":"","date_recorded":"","explicit":"","block":"","filesize_raw":"","footnotes":""},"categories":[244],"tags":[65],"series":[],"class_list":["post-44856","post","type-post","status-publish","format-standard","has-post-thumbnail","hentry","category-canal-de-arquitectura","tag-educacion"],"aioseo_notices":[],"episode_featured_image":"https:\/\/stepienybarno.es\/blog\/wp-content\/uploads\/2020\/11\/stepienybarno-La-escala-de-los-ninos-y-ninas-Breve-historia-del-mobiliario-infantil-postdeldia.jpg","episode_player_image":"https:\/\/stepienybarno.es\/blog\/wp-content\/uploads\/2020\/11\/stepienybarno-podcast-scaled.jpg","download_link":"","player_link":"","audio_player":false,"episode_data":{"playerMode":"dark","subscribeUrls":[],"rssFeedUrl":"https:\/\/stepienybarno.es\/blog\/feed\/podcast\/podcast-de-stepienybarno","embedCode":"<blockquote class=\"wp-embedded-content\" data-secret=\"QqtCW4x8yn\"><a href=\"https:\/\/stepienybarno.es\/blog\/2020\/11\/19\/la-escala-de-los-ninos-y-ninas-breve-historia-del-mobiliario-infantil\/\">La escala de los ni\u00f1os y ni\u00f1as: Breve historia del mobiliario infantil<\/a><\/blockquote><iframe sandbox=\"allow-scripts\" security=\"restricted\" src=\"https:\/\/stepienybarno.es\/blog\/2020\/11\/19\/la-escala-de-los-ninos-y-ninas-breve-historia-del-mobiliario-infantil\/embed\/#?secret=QqtCW4x8yn\" width=\"500\" height=\"350\" title=\"\u00abLa escala de los ni\u00f1os y ni\u00f1as: Breve historia del mobiliario infantil\u00bb \u2014 Blog de STEPIEN Y BARNO - publicaci\u00f3n digital sobre arquitectura\" data-secret=\"QqtCW4x8yn\" frameborder=\"0\" marginwidth=\"0\" marginheight=\"0\" scrolling=\"no\" class=\"wp-embedded-content\"><\/iframe><script type=\"text\/javascript\">\n\/* <![CDATA[ *\/\n\/*! This file is auto-generated *\/\n!function(d,l){\"use strict\";l.querySelector&&d.addEventListener&&\"undefined\"!=typeof URL&&(d.wp=d.wp||{},d.wp.receiveEmbedMessage||(d.wp.receiveEmbedMessage=function(e){var t=e.data;if((t||t.secret||t.message||t.value)&&!\/[^a-zA-Z0-9]\/.test(t.secret)){for(var s,r,n,a=l.querySelectorAll('iframe[data-secret=\"'+t.secret+'\"]'),o=l.querySelectorAll('blockquote[data-secret=\"'+t.secret+'\"]'),c=new RegExp(\"^https?:$\",\"i\"),i=0;i<o.length;i++)o[i].style.display=\"none\";for(i=0;i<a.length;i++)s=a[i],e.source===s.contentWindow&&(s.removeAttribute(\"style\"),\"height\"===t.message?(1e3<(r=parseInt(t.value,10))?r=1e3:~~r<200&&(r=200),s.height=r):\"link\"===t.message&&(r=new URL(s.getAttribute(\"src\")),n=new URL(t.value),c.test(n.protocol))&&n.host===r.host&&l.activeElement===s&&(d.top.location.href=t.value))}},d.addEventListener(\"message\",d.wp.receiveEmbedMessage,!1),l.addEventListener(\"DOMContentLoaded\",function(){for(var e,t,s=l.querySelectorAll(\"iframe.wp-embedded-content\"),r=0;r<s.length;r++)(t=(e=s[r]).getAttribute(\"data-secret\"))||(t=Math.random().toString(36).substring(2,12),e.src+=\"#?secret=\"+t,e.setAttribute(\"data-secret\",t)),e.contentWindow.postMessage({message:\"ready\",secret:t},\"*\")},!1)))}(window,document);\n\/* ]]> *\/\n<\/script>\n"},"_links":{"self":[{"href":"https:\/\/stepienybarno.es\/blog\/wp-json\/wp\/v2\/posts\/44856"}],"collection":[{"href":"https:\/\/stepienybarno.es\/blog\/wp-json\/wp\/v2\/posts"}],"about":[{"href":"https:\/\/stepienybarno.es\/blog\/wp-json\/wp\/v2\/types\/post"}],"author":[{"embeddable":true,"href":"https:\/\/stepienybarno.es\/blog\/wp-json\/wp\/v2\/users\/2"}],"replies":[{"embeddable":true,"href":"https:\/\/stepienybarno.es\/blog\/wp-json\/wp\/v2\/comments?post=44856"}],"version-history":[{"count":1,"href":"https:\/\/stepienybarno.es\/blog\/wp-json\/wp\/v2\/posts\/44856\/revisions"}],"predecessor-version":[{"id":44868,"href":"https:\/\/stepienybarno.es\/blog\/wp-json\/wp\/v2\/posts\/44856\/revisions\/44868"}],"wp:featuredmedia":[{"embeddable":true,"href":"https:\/\/stepienybarno.es\/blog\/wp-json\/wp\/v2\/media\/44867"}],"wp:attachment":[{"href":"https:\/\/stepienybarno.es\/blog\/wp-json\/wp\/v2\/media?parent=44856"}],"wp:term":[{"taxonomy":"category","embeddable":true,"href":"https:\/\/stepienybarno.es\/blog\/wp-json\/wp\/v2\/categories?post=44856"},{"taxonomy":"post_tag","embeddable":true,"href":"https:\/\/stepienybarno.es\/blog\/wp-json\/wp\/v2\/tags?post=44856"},{"taxonomy":"series","embeddable":true,"href":"https:\/\/stepienybarno.es\/blog\/wp-json\/wp\/v2\/series?post=44856"}],"curies":[{"name":"wp","href":"https:\/\/api.w.org\/{rel}","templated":true}]}}