{"id":44957,"date":"2020-11-23T17:22:31","date_gmt":"2020-11-23T15:22:31","guid":{"rendered":"https:\/\/www.stepienybarno.es\/blog\/?p=44957"},"modified":"2022-03-31T13:04:58","modified_gmt":"2022-03-31T11:04:58","slug":"episodio-59-instatectura-la-semana-en-syb-arquicafe-con-agustin-ferrer-arquitectura-y-musica","status":"publish","type":"post","link":"https:\/\/stepienybarno.es\/blog\/2020\/11\/23\/episodio-59-instatectura-la-semana-en-syb-arquicafe-con-agustin-ferrer-arquitectura-y-musica\/","title":{"rendered":"#Episodio 59. Instatectura la semana en SyB. Arquicaf\u00e9 con Agust\u00edn Ferrer &#8211; Arquitectura y M\u00fasica"},"content":{"rendered":"<p><img loading=\"lazy\" decoding=\"async\" class=\"aligncenter wp-image-44959 size-large\" src=\"https:\/\/stepienybarno.es\/blog\/wp-content\/uploads\/2020\/11\/MINIATURA-INSTATECTURA-20201123-1024x576.png\" alt=\"Instatectura de stepien y barno entrevista con agust\u00edn ferrer\" width=\"911\" height=\"512\" srcset=\"https:\/\/stepienybarno.es\/blog\/wp-content\/uploads\/2020\/11\/MINIATURA-INSTATECTURA-20201123-1024x576.png 1024w, https:\/\/stepienybarno.es\/blog\/wp-content\/uploads\/2020\/11\/MINIATURA-INSTATECTURA-20201123-550x309.png 550w, https:\/\/stepienybarno.es\/blog\/wp-content\/uploads\/2020\/11\/MINIATURA-INSTATECTURA-20201123-180x101.png 180w, https:\/\/stepienybarno.es\/blog\/wp-content\/uploads\/2020\/11\/MINIATURA-INSTATECTURA-20201123-316x178.png 316w, https:\/\/stepienybarno.es\/blog\/wp-content\/uploads\/2020\/11\/MINIATURA-INSTATECTURA-20201123.png 1280w\" sizes=\"(max-width: 911px) 100vw, 911px\" \/><\/p>\n<p>&nbsp;<\/p>\n<p>Como cada inicio de semana, os presentamos la sesi\u00f3n de Instatectura la semana en SyB, un repaso que haremos para comentaros en qu\u00e9 hemos estado metidos esta semana. En el instatectura de hoy hablaremos del pr\u00f3ximo arquicafe con Agust\u00edn Ferrer, de Arquitectura y m\u00fasica, con una sorpresa al final del video que no os pod\u00e9is perder<\/p>\n<p><!--more--><\/p>\n<p>En el podcast de hoy podr\u00e9is escuchar c\u00f3mo Uxua y Dar\u00edo os contar\u00e1n un resumen de todas las actividades en las que estamos trabajando y tambi\u00e9n las pr\u00f3ximas que ir\u00e9is conociendo esta semana.<\/p>\n<h2>Instatectura la semana en SyB<\/h2>\n<p>Nueva semana sobre Arquitectura, Identidad Digital y productividad.<\/p>\n<p>\ud83d\udc49\ud83c\udffc En esta ocasi\u00f3n hablamos de la relaci\u00f3n entre la m\u00fasica y la arquitectura, del arquicaf\u00e9 con Agust\u00edn Ferrer y, al hilo del curso de Identidad Digital que se est\u00e1 desarrollando estas dos semanas, te daremos una herramienta clave para tu modelo de negocio como arquitecto o arquitecta, el CANVAS<\/p>\n<h3>Arquitectura y m\u00fasica<\/h3>\n<p>\ud83c\udfbc Ayer Santa Cecilia, se celebraba el <strong>d\u00eda de la m\u00fasica<\/strong>. Un arte que est\u00e1 muy vinculado a la arquitectura y del que nos hacemos eco. Solo con echar un vistazo en la red nos daremos cuenta de la cantidad de referencias que existen uniendo estas dos artes, art\u00edculos de opini\u00f3n, art\u00edculos cient\u00edficos, Tesis Doctorales incluso Charlas TED que hablan sobre ello.\u00a0 Tambi\u00e9n puede estar relacionado el <strong><a href=\"https:\/\/stepienybarno.es\/blog\/2020\/09\/22\/episodio-46-arquicafe-con-maria-auxiliadora-galvez\/\">arquicaf\u00e9 de Auxi G\u00e1lvez<\/a><\/strong>, sobre danza y arquitectura.<\/p>\n<p><span class=\"style-scope yt-formatted-string\" dir=\"auto\">Art\u00edculo: <\/span><a class=\"yt-simple-endpoint style-scope yt-formatted-string\" dir=\"auto\" spellcheck=\"false\" href=\"https:\/\/www.youtube.com\/redirect?q=https%3A%2F%2Farea.fadu.uba.ar%2Farea-2501%2Fcanonero2501%2F&amp;redir_token=QUFFLUhqbDNSWkNJNGppZHJWb3ZpRHVvTEVXNDhGZi1QUXxBQ3Jtc0tua002U3kxaVhybjJSU19yLW5aZ1FNWngwSk5paERHSllrQlU3OHplS0JuU2p3Skx0X0t1X2x6Z2FpSjRoa0NKdWY5UnhzU1VCLUhvWWFxeHZZWFhHOHJ3ZFloOWZiXzkzWk1kNnZLUnNTMDBNZW9Kaw%3D%3D&amp;event=comments&amp;stzid=UgzYtLZeOT1AGtYtbeR4AaABAg\" target=\"_blank\" rel=\"nofollow noopener noreferrer\">https:\/\/area.fadu.uba.ar\/area-2501\/canonero2501\/<\/a><\/p>\n<p><span class=\"style-scope yt-formatted-string\" dir=\"auto\">Tesis Doctoral: <\/span><a class=\"yt-simple-endpoint style-scope yt-formatted-string\" dir=\"auto\" spellcheck=\"false\" href=\"https:\/\/www.youtube.com\/redirect?q=http%3A%2F%2Foa.upm.es%2F268%2F&amp;redir_token=QUFFLUhqbHVoLUtSbUVvRTVmcmpST0EzblhTNkpQeUU0d3xBQ3Jtc0tsdDFpMThWaDd3cHNFMktYblBfaHhKcU1wV1ZmTkwzdjhFYXJwQ1ZVWDNUdm1NNWxtT09GNk9XRDNndUFJYXBmQWlyTzdnWmR0cFhKSVAya2FEVjh2U3ZVNGk3RXZGOGFEWWVfT3dfSWdZd1A5bFk0QQ%3D%3D&amp;event=comments&amp;stzid=UgzYtLZeOT1AGtYtbeR4AaABAg\" target=\"_blank\" rel=\"nofollow noopener noreferrer\">http:\/\/oa.upm.es\/268\/<\/a><\/p>\n<p><span class=\"style-scope yt-formatted-string\" dir=\"auto\">Charla TED: <\/span><a class=\"yt-simple-endpoint style-scope yt-formatted-string\" dir=\"auto\" spellcheck=\"false\" href=\"https:\/\/www.youtube.com\/redirect?q=https%3A%2F%2Fwww.ted.com%2Fspeakers%2Fdavid_byrne&amp;redir_token=QUFFLUhqa2VwTzdqQ015aHZ0OFVRWUlmcGtRWEttZGVad3xBQ3Jtc0tuNFlKU2RZZC00Q1NEaUxqb3h3bGhmV0RqSGUwNU5lNzJERl9rN3NDLXFvaUlVQkk1TlVmeVdjZXllX1BsOHZRYUdiWFhzOWw2U1JhNGpRRkY4ODQtNUQyaDc1UVh1ajlfNTNyMUZfaWRjZ3p1S1FmRQ%3D%3D&amp;event=comments&amp;stzid=UgzYtLZeOT1AGtYtbeR4AaABAg\" target=\"_blank\" rel=\"nofollow noopener noreferrer\">https:\/\/www.ted.com\/speakers\/david_byrne<\/a><\/p>\n<h2>Canvas y Arquitectura<\/h2>\n<p>\ud83d\udcdd Adem\u00e1s, te dejamos el enlace al v\u00eddeo en el que Lorenzo Barn\u00f3 explica fant\u00e1sticamente c\u00f3mo utilizar el <strong>Canvas para plasmar tu modelo de negocio de arquitectura<\/strong> en un A4, tambi\u00e9n os dejamos el enlace a la plantilla para que lo pongas en pr\u00e1ctica cuanto antes.<\/p>\n<p>\ud83d\udc4b \u00a1Hasta la semana que viene!<\/p>\n<p style=\"text-align: center;\"><a href=\"https:\/\/stepienybarno.es\/blog\/category\/podcast\/\" class=\"kp-button medium-button\" target=\"_self\">escucha m\u00e1s podcast de stepienybarno<\/a><\/p>\n<p style=\"text-align: center;\">Tambi\u00e9n en <a href=\"https:\/\/www.ivoox.com\/podcast-stepienybarno-arquitectura_sq_f1856662_1.html\" target=\"_blank\" rel=\"noopener noreferrer\">IVOOX<\/a><\/p>\n<p>&nbsp;<\/p>\n<p><iframe loading=\"lazy\" title=\"Instatectura 20201123\" width=\"911\" height=\"512\" src=\"https:\/\/www.youtube.com\/embed\/yD8WvWlfUEg?feature=oembed\" frameborder=\"0\" allow=\"accelerometer; autoplay; clipboard-write; encrypted-media; gyroscope; picture-in-picture\" allowfullscreen><\/iframe><\/p>\n","protected":false},"excerpt":{"rendered":"<p>&nbsp; Como cada inicio de semana, os presentamos la sesi\u00f3n<\/p>\n","protected":false},"author":2,"featured_media":44959,"comment_status":"open","ping_status":"closed","sticky":false,"template":"","format":"standard","meta":{"om_disable_all_campaigns":false,"_monsterinsights_skip_tracking":false,"_monsterinsights_sitenote_active":false,"_monsterinsights_sitenote_note":"","_monsterinsights_sitenote_category":0,"_uf_show_specific_survey":0,"_uf_disable_surveys":false,"episode_type":"audio","audio_file":"https:\/\/stepienybarno.es\/blog\/wp-content\/uploads\/2020\/11\/59-instatectura.mp3","cover_image":"","cover_image_id":"","duration":"14:57","filesize":"11.36M","date_recorded":"2020-11-23 17:22:31","explicit":"","block":"","filesize_raw":"11913338","footnotes":""},"categories":[34],"tags":[7239,8462,2687,4199,8447,7997,1299],"series":[10115],"class_list":["post-44957","post","type-post","status-publish","format-standard","has-post-thumbnail","hentry","category-actualidad","tag-agustin-ferrer-casas","tag-arquitectura-y-musica","tag-canvas","tag-dario-nunez","tag-marketing-arquitectos","tag-podcast","tag-uxua-domblas","series-podcast-de-stepienybarno"],"aioseo_notices":[],"episode_featured_image":"https:\/\/stepienybarno.es\/blog\/wp-content\/uploads\/2020\/11\/MINIATURA-INSTATECTURA-20201123.png","episode_player_image":"https:\/\/stepienybarno.es\/blog\/wp-content\/uploads\/2020\/11\/stepienybarno-podcast-scaled.jpg","download_link":"https:\/\/stepienybarno.es\/blog\/podcast-download\/44957\/episodio-59-instatectura-la-semana-en-syb-arquicafe-con-agustin-ferrer-arquitectura-y-musica.mp3","player_link":"https:\/\/stepienybarno.es\/blog\/podcast-player\/44957\/episodio-59-instatectura-la-semana-en-syb-arquicafe-con-agustin-ferrer-arquitectura-y-musica.mp3","audio_player":"<!--[if lt IE 9]><script>document.createElement('audio');<\/script><![endif]-->\n<audio class=\"wp-audio-shortcode\" id=\"audio-44957-1\" preload=\"none\" style=\"width: 100%;\" controls=\"controls\"><source type=\"audio\/mpeg\" src=\"https:\/\/stepienybarno.es\/blog\/podcast-player\/44957\/episodio-59-instatectura-la-semana-en-syb-arquicafe-con-agustin-ferrer-arquitectura-y-musica.mp3?_=1\" \/><a href=\"https:\/\/stepienybarno.es\/blog\/podcast-player\/44957\/episodio-59-instatectura-la-semana-en-syb-arquicafe-con-agustin-ferrer-arquitectura-y-musica.mp3\">https:\/\/stepienybarno.es\/blog\/podcast-player\/44957\/episodio-59-instatectura-la-semana-en-syb-arquicafe-con-agustin-ferrer-arquitectura-y-musica.mp3<\/a><\/audio>","episode_data":{"playerMode":"dark","subscribeUrls":[],"rssFeedUrl":"https:\/\/stepienybarno.es\/blog\/feed\/podcast\/podcast-de-stepienybarno","embedCode":"<blockquote class=\"wp-embedded-content\" data-secret=\"0KC5mXXl3w\"><a href=\"https:\/\/stepienybarno.es\/blog\/2020\/11\/23\/episodio-59-instatectura-la-semana-en-syb-arquicafe-con-agustin-ferrer-arquitectura-y-musica\/\">#Episodio 59. Instatectura la semana en SyB. Arquicaf\u00e9 con Agust\u00edn Ferrer &#8211; Arquitectura y M\u00fasica<\/a><\/blockquote><iframe sandbox=\"allow-scripts\" security=\"restricted\" src=\"https:\/\/stepienybarno.es\/blog\/2020\/11\/23\/episodio-59-instatectura-la-semana-en-syb-arquicafe-con-agustin-ferrer-arquitectura-y-musica\/embed\/#?secret=0KC5mXXl3w\" width=\"500\" height=\"350\" title=\"\u00ab#Episodio 59. Instatectura la semana en SyB. Arquicaf\u00e9 con Agust\u00edn Ferrer &#8211; Arquitectura y M\u00fasica\u00bb \u2014 Blog de STEPIEN Y BARNO - publicaci\u00f3n digital sobre arquitectura\" data-secret=\"0KC5mXXl3w\" frameborder=\"0\" marginwidth=\"0\" marginheight=\"0\" scrolling=\"no\" class=\"wp-embedded-content\"><\/iframe><script type=\"text\/javascript\">\n\/* <![CDATA[ *\/\n\/*! This file is auto-generated *\/\n!function(d,l){\"use strict\";l.querySelector&&d.addEventListener&&\"undefined\"!=typeof URL&&(d.wp=d.wp||{},d.wp.receiveEmbedMessage||(d.wp.receiveEmbedMessage=function(e){var t=e.data;if((t||t.secret||t.message||t.value)&&!\/[^a-zA-Z0-9]\/.test(t.secret)){for(var s,r,n,a=l.querySelectorAll('iframe[data-secret=\"'+t.secret+'\"]'),o=l.querySelectorAll('blockquote[data-secret=\"'+t.secret+'\"]'),c=new RegExp(\"^https?:$\",\"i\"),i=0;i<o.length;i++)o[i].style.display=\"none\";for(i=0;i<a.length;i++)s=a[i],e.source===s.contentWindow&&(s.removeAttribute(\"style\"),\"height\"===t.message?(1e3<(r=parseInt(t.value,10))?r=1e3:~~r<200&&(r=200),s.height=r):\"link\"===t.message&&(r=new URL(s.getAttribute(\"src\")),n=new URL(t.value),c.test(n.protocol))&&n.host===r.host&&l.activeElement===s&&(d.top.location.href=t.value))}},d.addEventListener(\"message\",d.wp.receiveEmbedMessage,!1),l.addEventListener(\"DOMContentLoaded\",function(){for(var e,t,s=l.querySelectorAll(\"iframe.wp-embedded-content\"),r=0;r<s.length;r++)(t=(e=s[r]).getAttribute(\"data-secret\"))||(t=Math.random().toString(36).substring(2,12),e.src+=\"#?secret=\"+t,e.setAttribute(\"data-secret\",t)),e.contentWindow.postMessage({message:\"ready\",secret:t},\"*\")},!1)))}(window,document);\n\/* ]]> *\/\n<\/script>\n"},"_links":{"self":[{"href":"https:\/\/stepienybarno.es\/blog\/wp-json\/wp\/v2\/posts\/44957"}],"collection":[{"href":"https:\/\/stepienybarno.es\/blog\/wp-json\/wp\/v2\/posts"}],"about":[{"href":"https:\/\/stepienybarno.es\/blog\/wp-json\/wp\/v2\/types\/post"}],"author":[{"embeddable":true,"href":"https:\/\/stepienybarno.es\/blog\/wp-json\/wp\/v2\/users\/2"}],"replies":[{"embeddable":true,"href":"https:\/\/stepienybarno.es\/blog\/wp-json\/wp\/v2\/comments?post=44957"}],"version-history":[{"count":2,"href":"https:\/\/stepienybarno.es\/blog\/wp-json\/wp\/v2\/posts\/44957\/revisions"}],"predecessor-version":[{"id":45028,"href":"https:\/\/stepienybarno.es\/blog\/wp-json\/wp\/v2\/posts\/44957\/revisions\/45028"}],"wp:featuredmedia":[{"embeddable":true,"href":"https:\/\/stepienybarno.es\/blog\/wp-json\/wp\/v2\/media\/44959"}],"wp:attachment":[{"href":"https:\/\/stepienybarno.es\/blog\/wp-json\/wp\/v2\/media?parent=44957"}],"wp:term":[{"taxonomy":"category","embeddable":true,"href":"https:\/\/stepienybarno.es\/blog\/wp-json\/wp\/v2\/categories?post=44957"},{"taxonomy":"post_tag","embeddable":true,"href":"https:\/\/stepienybarno.es\/blog\/wp-json\/wp\/v2\/tags?post=44957"},{"taxonomy":"series","embeddable":true,"href":"https:\/\/stepienybarno.es\/blog\/wp-json\/wp\/v2\/series?post=44957"}],"curies":[{"name":"wp","href":"https:\/\/api.w.org\/{rel}","templated":true}]}}