{"id":4499,"date":"2011-11-03T12:58:42","date_gmt":"2011-11-03T10:58:42","guid":{"rendered":"https:\/\/www.stepienybarno.es\/blog\/?p=4499"},"modified":"2011-11-03T12:58:42","modified_gmt":"2011-11-03T10:58:42","slug":"taller-infantil-%c2%bfcomo-es-mi-ciudad","status":"publish","type":"post","link":"https:\/\/stepienybarno.es\/blog\/2011\/11\/03\/taller-infantil-%c2%bfcomo-es-mi-ciudad\/","title":{"rendered":"TALLER INFANTIL: \u00bfC\u00d3MO ES MI CIUDAD?"},"content":{"rendered":"<p align=\"center\"><img loading=\"lazy\" decoding=\"async\" class=\"aligncenter size-full wp-image-4500\" title=\"0. taller_ninos_arquitectura y sostenibilidad asa sinergia sostenible 350\" src=\"https:\/\/stepienybarno.es\/blog\/wp-content\/uploads\/2011\/11\/0.-taller_ninos_arquitectura-y-sostenibilidad-asa-sinergia-sostenible-350-.jpg\" alt=\"0. taller_ninos_arquitectura y sostenibilidad asa sinergia sostenible 350\" width=\"350\" height=\"232\" srcset=\"https:\/\/stepienybarno.es\/blog\/wp-content\/uploads\/2011\/11\/0.-taller_ninos_arquitectura-y-sostenibilidad-asa-sinergia-sostenible-350-.jpg 350w, https:\/\/stepienybarno.es\/blog\/wp-content\/uploads\/2011\/11\/0.-taller_ninos_arquitectura-y-sostenibilidad-asa-sinergia-sostenible-350--180x119.jpg 180w, https:\/\/stepienybarno.es\/blog\/wp-content\/uploads\/2011\/11\/0.-taller_ninos_arquitectura-y-sostenibilidad-asa-sinergia-sostenible-350--316x209.jpg 316w\" sizes=\"(max-width: 350px) 100vw, 350px\" \/><\/p>\n<p align=\"center\">\n<p>Con la entrada de hoy os queremos anunciar uno de los pr\u00f3ximos frentes en los que andaremos metidos, en esta ocasi\u00f3n desde Sinergia Sostenible. Se trata de una primera colaboraci\u00f3n con la asociaci\u00f3n <a href=\"http:\/\/www.sostenibilidadyarquitectura.com\/blog\/\">ASA, Asociaci\u00f3n Sostenibilidad y Arquitectura<\/a> y que a buen seguro no ser\u00e1 la \u00faltima. Como ir\u00e9is viendo, tenemos un mes de diciembre, tanto desde Stepienybarno como desde Sinergia sostenible, de lo m\u00e1s movidito y del cual os iremos informando puntualmente.<\/p>\n<p><!--more--><\/p>\n<p>Esperamos que os resulte interesante \u00a0este taller que estamos a punto de realizar por Madrid. Todav\u00eda hay plazas, pero son limitad\u00edsimas y se seguir\u00e1 riguroso orden de inscripci\u00f3n.<\/p>\n<p align=\"left\">\n<p align=\"left\"><a href=\"http:\/\/bit.ly\/t9zzzN\">Acceder a la noticia.<\/a><\/p>\n<p align=\"left\">\n<p align=\"left\">\n<p>* Si te apetece <strong>compartir este post<\/strong> en cualquier otro medio, estaremos encantados de que lo hagas.<\/p>\n<p align=\"left\">\n<p align=\"left\">Y si te gust\u00f3 la entrada, quiz\u00e1s quieras echar un ojo a nuestro Canal de arquitectura. <a href=\"https:\/\/stepienybarno.es\/blog\/category\/canal-de-arquitectura\/\">Acceder.<\/a><\/p>\n<p align=\"left\">\n<p align=\"left\">Noticia seleccionada por el Canal de arquitectura STEPIENYBARNO.<\/p>\n<p align=\"left\"><a href=\"http:\/\/www.linkedin.com\/company\/stepienybarno\">STEPIENYBARNO EN LINKEDIN<\/a><\/p>\n<p align=\"left\"><a href=\"http:\/\/twitter.com\/stepienybarno\/stepienybarno\">STEPIENYBARNO EN TWITTER<\/a><\/p>\n<p align=\"left\"><a href=\"https:\/\/www.facebook.com\/StepienybarnoCANAL\">STEPIENYBARNO EN FACEBOOK<\/a><\/p>\n<p align=\"left\">\n<p align=\"left\">*Stepienybarno est\u00e1 formado por Agnieszka Stepien y Lorenzo Barn\u00f3 y desde mayo del 2009 estamos en la red con\u00a0 la presente publicaci\u00f3n digital (Blog) de arquitectura.<\/p>\n<p align=\"left\">Nuestra actividad se sustenta en tres pilares b\u00e1sicos: la investigaci\u00f3n, la publicaci\u00f3n (comunicaci\u00f3n y difusi\u00f3n) y la redacci\u00f3n de proyectos de arquitectura.<\/p>\n<p align=\"left\">A su vez, somos socios cofundadores de <a href=\"http:\/\/sinergiasostenible.org\/\">SINERGIA SOSTENIBLE<\/a> y redactores de <a href=\"http:\/\/www.laciudadviva.org\/blogs\/?author=45\">LA CIUDAD VIVA<\/a>.<\/p>\n","protected":false},"excerpt":{"rendered":"<p>Con la entrada de hoy os queremos anunciar uno de los pr\u00f3ximos frentes en los que andaremos metidos, en esta ocasi\u00f3n desde Sinergia Sostenible. Se trata de una primera colaboraci\u00f3n con la asociaci\u00f3n ASA, Asociaci\u00f3n Sostenibilidad y Arquitectura y que a buen seguro no ser\u00e1 la \u00faltima. Como ir\u00e9is viendo, tenemos un mes de diciembre, tanto desde Stepienybarno como desde Sinergia sostenible, de lo m\u00e1s movidito y del cual os iremos informando puntualmente.<\/p>\n","protected":false},"author":2,"featured_media":0,"comment_status":"open","ping_status":"closed","sticky":false,"template":"","format":"standard","meta":{"om_disable_all_campaigns":false,"_monsterinsights_skip_tracking":false,"_monsterinsights_sitenote_active":false,"_monsterinsights_sitenote_note":"","_monsterinsights_sitenote_category":0,"_uf_show_specific_survey":0,"_uf_disable_surveys":false,"episode_type":"","audio_file":"","cover_image":"","cover_image_id":"","duration":"","filesize":"","date_recorded":"","explicit":"","block":"","filesize_raw":"","footnotes":""},"categories":[34,15],"tags":[4274,9,65,405,4271,35,420,54],"series":[],"class_list":["post-4499","post","type-post","status-publish","format-standard","hentry","category-actualidad","category-sostenibilidad","tag-actualidad","tag-arquitectura","tag-educacion","tag-sinergia-sostenible","tag-sostenibilidad","tag-stepienybarno","tag-taller-infantil-de-sostenibilidad","tag-urbanismo-sostenible"],"aioseo_notices":[],"episode_featured_image":false,"episode_player_image":"https:\/\/stepienybarno.es\/blog\/wp-content\/uploads\/2020\/11\/stepienybarno-podcast-scaled.jpg","download_link":"","player_link":"","audio_player":false,"episode_data":{"playerMode":"dark","subscribeUrls":[],"rssFeedUrl":"https:\/\/stepienybarno.es\/blog\/feed\/podcast\/podcast-de-stepienybarno","embedCode":"<blockquote class=\"wp-embedded-content\" data-secret=\"xg76btCLXj\"><a href=\"https:\/\/stepienybarno.es\/blog\/2011\/11\/03\/taller-infantil-%c2%bfcomo-es-mi-ciudad\/\">TALLER INFANTIL: \u00bfC\u00d3MO ES MI CIUDAD?<\/a><\/blockquote><iframe sandbox=\"allow-scripts\" security=\"restricted\" src=\"https:\/\/stepienybarno.es\/blog\/2011\/11\/03\/taller-infantil-%c2%bfcomo-es-mi-ciudad\/embed\/#?secret=xg76btCLXj\" width=\"500\" height=\"350\" title=\"\u00abTALLER INFANTIL: \u00bfC\u00d3MO ES MI CIUDAD?\u00bb \u2014 Blog de STEPIEN Y BARNO - publicaci\u00f3n digital sobre arquitectura\" data-secret=\"xg76btCLXj\" frameborder=\"0\" marginwidth=\"0\" marginheight=\"0\" scrolling=\"no\" class=\"wp-embedded-content\"><\/iframe><script type=\"text\/javascript\">\n\/* <![CDATA[ *\/\n\/*! This file is auto-generated *\/\n!function(d,l){\"use strict\";l.querySelector&&d.addEventListener&&\"undefined\"!=typeof URL&&(d.wp=d.wp||{},d.wp.receiveEmbedMessage||(d.wp.receiveEmbedMessage=function(e){var t=e.data;if((t||t.secret||t.message||t.value)&&!\/[^a-zA-Z0-9]\/.test(t.secret)){for(var s,r,n,a=l.querySelectorAll('iframe[data-secret=\"'+t.secret+'\"]'),o=l.querySelectorAll('blockquote[data-secret=\"'+t.secret+'\"]'),c=new RegExp(\"^https?:$\",\"i\"),i=0;i<o.length;i++)o[i].style.display=\"none\";for(i=0;i<a.length;i++)s=a[i],e.source===s.contentWindow&&(s.removeAttribute(\"style\"),\"height\"===t.message?(1e3<(r=parseInt(t.value,10))?r=1e3:~~r<200&&(r=200),s.height=r):\"link\"===t.message&&(r=new URL(s.getAttribute(\"src\")),n=new URL(t.value),c.test(n.protocol))&&n.host===r.host&&l.activeElement===s&&(d.top.location.href=t.value))}},d.addEventListener(\"message\",d.wp.receiveEmbedMessage,!1),l.addEventListener(\"DOMContentLoaded\",function(){for(var e,t,s=l.querySelectorAll(\"iframe.wp-embedded-content\"),r=0;r<s.length;r++)(t=(e=s[r]).getAttribute(\"data-secret\"))||(t=Math.random().toString(36).substring(2,12),e.src+=\"#?secret=\"+t,e.setAttribute(\"data-secret\",t)),e.contentWindow.postMessage({message:\"ready\",secret:t},\"*\")},!1)))}(window,document);\n\/* ]]> *\/\n<\/script>\n"},"_links":{"self":[{"href":"https:\/\/stepienybarno.es\/blog\/wp-json\/wp\/v2\/posts\/4499"}],"collection":[{"href":"https:\/\/stepienybarno.es\/blog\/wp-json\/wp\/v2\/posts"}],"about":[{"href":"https:\/\/stepienybarno.es\/blog\/wp-json\/wp\/v2\/types\/post"}],"author":[{"embeddable":true,"href":"https:\/\/stepienybarno.es\/blog\/wp-json\/wp\/v2\/users\/2"}],"replies":[{"embeddable":true,"href":"https:\/\/stepienybarno.es\/blog\/wp-json\/wp\/v2\/comments?post=4499"}],"version-history":[{"count":2,"href":"https:\/\/stepienybarno.es\/blog\/wp-json\/wp\/v2\/posts\/4499\/revisions"}],"predecessor-version":[{"id":4502,"href":"https:\/\/stepienybarno.es\/blog\/wp-json\/wp\/v2\/posts\/4499\/revisions\/4502"}],"wp:attachment":[{"href":"https:\/\/stepienybarno.es\/blog\/wp-json\/wp\/v2\/media?parent=4499"}],"wp:term":[{"taxonomy":"category","embeddable":true,"href":"https:\/\/stepienybarno.es\/blog\/wp-json\/wp\/v2\/categories?post=4499"},{"taxonomy":"post_tag","embeddable":true,"href":"https:\/\/stepienybarno.es\/blog\/wp-json\/wp\/v2\/tags?post=4499"},{"taxonomy":"series","embeddable":true,"href":"https:\/\/stepienybarno.es\/blog\/wp-json\/wp\/v2\/series?post=4499"}],"curies":[{"name":"wp","href":"https:\/\/api.w.org\/{rel}","templated":true}]}}