{"id":45183,"date":"2020-12-10T08:01:43","date_gmt":"2020-12-10T06:01:43","guid":{"rendered":"https:\/\/www.stepienybarno.es\/blog\/?p=45183"},"modified":"2020-12-09T22:09:51","modified_gmt":"2020-12-09T20:09:51","slug":"el-proyecto-espanol-para-habitar-marte-con-un-millon-de-personas-a-partir-de-2050","status":"publish","type":"post","link":"https:\/\/stepienybarno.es\/blog\/2020\/12\/10\/el-proyecto-espanol-para-habitar-marte-con-un-millon-de-personas-a-partir-de-2050\/","title":{"rendered":"El proyecto espa\u00f1ol para habitar Marte con un mill\u00f3n de personas a partir de 2050"},"content":{"rendered":"<p><img loading=\"lazy\" decoding=\"async\" class=\"aligncenter size-full wp-image-45184\" src=\"https:\/\/stepienybarno.es\/blog\/wp-content\/uploads\/2020\/12\/stepienybarno-El-proyecto-espanol-para-habitar-Marte-con-un-millon-de-personas-a-partir-de-2050-postdeldia.jpg\" alt=\"\" width=\"1500\" height=\"844\" srcset=\"https:\/\/stepienybarno.es\/blog\/wp-content\/uploads\/2020\/12\/stepienybarno-El-proyecto-espanol-para-habitar-Marte-con-un-millon-de-personas-a-partir-de-2050-postdeldia.jpg 1500w, https:\/\/stepienybarno.es\/blog\/wp-content\/uploads\/2020\/12\/stepienybarno-El-proyecto-espanol-para-habitar-Marte-con-un-millon-de-personas-a-partir-de-2050-postdeldia-550x309.jpg 550w, https:\/\/stepienybarno.es\/blog\/wp-content\/uploads\/2020\/12\/stepienybarno-El-proyecto-espanol-para-habitar-Marte-con-un-millon-de-personas-a-partir-de-2050-postdeldia-1024x576.jpg 1024w, https:\/\/stepienybarno.es\/blog\/wp-content\/uploads\/2020\/12\/stepienybarno-El-proyecto-espanol-para-habitar-Marte-con-un-millon-de-personas-a-partir-de-2050-postdeldia-180x101.jpg 180w, https:\/\/stepienybarno.es\/blog\/wp-content\/uploads\/2020\/12\/stepienybarno-El-proyecto-espanol-para-habitar-Marte-con-un-millon-de-personas-a-partir-de-2050-postdeldia-316x178.jpg 316w\" sizes=\"(max-width: 1500px) 100vw, 1500px\" \/><\/p>\n<h1><strong>Por: <\/strong><span class=\"css-acjdas\"><strong>Sergio C. Fanjul<br \/>\n<\/strong><\/span><\/h1>\n<h2><strong>Desde: El Pa\u00eds<\/strong><\/h2>\n<h2><strong>Fotograf\u00eda: La ciudad estar\u00eda cavada en la ladera de la meseta Tempe Mensa, al norte del ecuador marciano, lo que facilita la estabilidad t\u00e9rmica, en un planeta donde puede haber hasta 100 grados de diferencia entre el d\u00eda y la noche. |ABIBOO Studio \/ SONet (Gonzalo Rojas &amp; Sebasti\u00e1n Rodriguez)<\/strong><\/h2>\n<p><!--more--><\/p>\n<p class=\"\">N\u00fcwa, medio humana, medio drag\u00f3n, es una figura de la mitolog\u00eda china, una diosa que, en su soledad, acaba siendo madre, creadora y protectora de los seres humanos, a los que moldea con el fango del r\u00edo Amarillo e insufla vida. Tambi\u00e9n es un lugar muy solitario el planeta <a href=\"https:\/\/elpais.com\/noticias\/marte\/\" target=\"_blank\" rel=\"noopener noreferrer\" data-link-track-dtm=\"\"><b>Marte<\/b><\/a>, deshabitado en medio del cielo.<\/p>\n<p class=\"\"><b>N\u00fcwa<\/b> tambi\u00e9n es el nombre de un proyecto espa\u00f1ol que ha quedado finalista en un concurso de <a href=\"https:\/\/www.marssociety.org\/\" target=\"_blank\" rel=\"noopener noreferrer\" data-link-track-dtm=\"\">The Mars Society<\/a>, una asociaci\u00f3n internacional cuyo fin es promover el establecimiento de bases humanas en el planeta vecino. Se trataba de dise\u00f1ar una <a href=\"https:\/\/elpais.com\/noticias\/ciudades-sostenibles\/\" target=\"_blank\" rel=\"noopener noreferrer\" data-link-track-dtm=\"\"><b>ciudad<\/b><\/a> que pueda albergar <b>hasta un mill\u00f3n de personas.<\/b> Hay mucha gente en la Tierra d\u00e1ndole vueltas a esto, como constanta que al concurso se presentaron 175 proyectos, entre la ciencia, la ingenier\u00eda y la ciencia ficci\u00f3n. En N\u00fcwa se consideran <b>cinco ciudades diferentes, cada una de 200.000 habitantes,<\/b> repartidas estrat\u00e9gicamente por la superficie de Marte para llegar a la mayor cantidad y variedad de recursos posibles. Todas ellas son completamente sostenibles.<\/p>\n<p>&nbsp;<\/p>\n<p style=\"text-align: center;\">Acceder al Post <a href=\"https:\/\/bit.ly\/37RBRV9\" target=\"_blank\" rel=\"noopener noreferrer\">AQU\u00cd<\/a><\/p>\n<p>&nbsp;<\/p>\n<p><iframe loading=\"lazy\" title=\"\u00bfPara qu\u00e9 sirve un ARQUITECTO \/a? Por Jordi Ludevid\" width=\"911\" height=\"512\" src=\"https:\/\/www.youtube.com\/embed\/videoseries?list=PL9KCMehqFIajpdVXSncYV0J1ef6ms4zRx\" frameborder=\"0\" allow=\"accelerometer; autoplay; clipboard-write; encrypted-media; gyroscope; picture-in-picture\" allowfullscreen><\/iframe><\/p>\n<hr \/>\n<h5><strong>Autores del post: <a href=\"https:\/\/stepienybarno.es\/blog\/2011\/09\/04\/las-fortalezas-del-arquitecto\/\">Stepienybarno<\/a> _ Agnieszka Stepien y Lorenzo Barn\u00f3<\/strong><\/h5>\n<h5>Y como siempre, si te gust\u00f3 el post, estar\u00eda genial que lo compartas en tus redes sociales.<\/h5>\n<h5>A su vez, si todav\u00eda no est\u00e1s suscrito a nuestra Newsletter, te animamos a hacerlo en la casilla que tienes al terminar este art\u00edculo.<\/h5>\n<p>&nbsp;<\/p>\n<blockquote><p>Suscribirte a nuestro blog y recibe gratis nuestra gu\u00eda: 10 Ideas para vender m\u00e1s si eres arquitecto<\/p>\n<p>Acceder: <a href=\"http:\/\/bit.ly\/2fkkTS7\">http:\/\/bit.ly\/2fkkTS7<\/a><\/p>\n<p>&nbsp;<\/p>\n<p>Si te interesa contactar con nosotros para que te ayudemos a mejorar tu visibilidad online y, en consecuencia, mejorar tus oportunidades laborales, no dudes en escribirnos a: <a href=\"mailto:blog@stepienybarno.es\">blog@stepienybarno.es<\/a><\/p><\/blockquote>\n<p>&nbsp;<\/p>\n<p><em><a href=\"https:\/\/twitter.com\/stepienybarno\">Stepienybarno en TWITTER<\/a><\/em><\/p>\n<p><em><a href=\"https:\/\/twitter.com\/stepienybarno\">@stepienybarno (+ de 16.000 seguidores)<\/a><\/em><\/p>\n<p><em><a href=\"https:\/\/twitter.com\/stepienybarno?lang=es\">https:\/\/twitter.com\/stepienybarno?lang=es<\/a><\/em><\/p>\n<p><em><a href=\"https:\/\/www.facebook.com\/pages\/BLOG-DE-STEPIENYBARNO\/78001079029\">Stepienybarno en FACEBOOK (+ de 24<u>.000 seguidores)<\/u><\/a><\/em><\/p>\n<p><em><a href=\"https:\/\/www.facebook.com\/StepienyBarnoArquitecturaeIdentidadDigital\/\">https:\/\/www.facebook.com\/StepienyBarnoArquitecturaeIdentidadDigital\/<\/a><\/em><\/p>\n<p><em>Acceder a nuestro GRUPO CERRADO DE FACEBOOK sobre Identidad Digital para Arquitectos:<\/em><\/p>\n<p><em><a href=\"https:\/\/www.facebook.com\/groups\/IdentidadDigitalParaArquitectos\/\">https:\/\/www.facebook.com\/groups\/IdentidadDigitalParaArquitectos\/<\/a><\/em><\/p>\n<p><em>Suscr\u00edbete a nuestro canal de YOUTUBE: <a href=\"http:\/\/bit.ly\/2A1UtAd\">http:\/\/bit.ly\/2A1UtAd<\/a><\/em><\/p>\n<p>&nbsp;<\/p>\n<p>* <a href=\"https:\/\/stepienybarno.es\/blog\/2011\/09\/04\/las-fortalezas-del-arquitecto\/\">Stepienybarno<\/a> est\u00e1 formado por Agnieszka Stepien y Lorenzo Barn\u00f3 y desde mayo del 2009 estamos en la red con la presente publicaci\u00f3n digital (Blog) de arquitectura.<\/p>\n<p>Nuestra actividad se sustenta en tres pilares b\u00e1sicos: la investigaci\u00f3n, la publicaci\u00f3n y la redacci\u00f3n de proyectos de arquitectura.<\/p>\n<p>A su vez, somos socios cofundadores de <a href=\"http:\/\/sinergiasostenible.org\/\">SINERGIA SOSTENIBLE<\/a> y directores del blog de FUNDACI\u00d3N ARQUIA.<\/p>\n","protected":false},"excerpt":{"rendered":"<p>Por: Sergio C. Fanjul Desde: El Pa\u00eds Fotograf\u00eda: La ciudad<\/p>\n","protected":false},"author":2,"featured_media":45184,"comment_status":"open","ping_status":"closed","sticky":false,"template":"","format":"standard","meta":{"om_disable_all_campaigns":false,"_monsterinsights_skip_tracking":false,"_monsterinsights_sitenote_active":false,"_monsterinsights_sitenote_note":"","_monsterinsights_sitenote_category":0,"_uf_show_specific_survey":0,"_uf_disable_surveys":false,"episode_type":"audio","audio_file":"","cover_image":"","cover_image_id":"","duration":"","filesize":"","date_recorded":"","explicit":"","block":"","filesize_raw":"","footnotes":""},"categories":[244],"tags":[],"series":[],"class_list":["post-45183","post","type-post","status-publish","format-standard","has-post-thumbnail","hentry","category-canal-de-arquitectura"],"aioseo_notices":[],"episode_featured_image":"https:\/\/stepienybarno.es\/blog\/wp-content\/uploads\/2020\/12\/stepienybarno-El-proyecto-espanol-para-habitar-Marte-con-un-millon-de-personas-a-partir-de-2050-postdeldia.jpg","episode_player_image":"https:\/\/stepienybarno.es\/blog\/wp-content\/uploads\/2020\/11\/stepienybarno-podcast-scaled.jpg","download_link":"","player_link":"","audio_player":false,"episode_data":{"playerMode":"dark","subscribeUrls":[],"rssFeedUrl":"https:\/\/stepienybarno.es\/blog\/feed\/podcast\/podcast-de-stepienybarno","embedCode":"<blockquote class=\"wp-embedded-content\" data-secret=\"nDyggvxHWG\"><a href=\"https:\/\/stepienybarno.es\/blog\/2020\/12\/10\/el-proyecto-espanol-para-habitar-marte-con-un-millon-de-personas-a-partir-de-2050\/\">El proyecto espa\u00f1ol para habitar Marte con un mill\u00f3n de personas a partir de 2050<\/a><\/blockquote><iframe sandbox=\"allow-scripts\" security=\"restricted\" src=\"https:\/\/stepienybarno.es\/blog\/2020\/12\/10\/el-proyecto-espanol-para-habitar-marte-con-un-millon-de-personas-a-partir-de-2050\/embed\/#?secret=nDyggvxHWG\" width=\"500\" height=\"350\" title=\"\u00abEl proyecto espa\u00f1ol para habitar Marte con un mill\u00f3n de personas a partir de 2050\u00bb \u2014 Blog de STEPIEN Y BARNO - publicaci\u00f3n digital sobre arquitectura\" data-secret=\"nDyggvxHWG\" frameborder=\"0\" marginwidth=\"0\" marginheight=\"0\" scrolling=\"no\" class=\"wp-embedded-content\"><\/iframe><script type=\"text\/javascript\">\n\/* <![CDATA[ *\/\n\/*! This file is auto-generated *\/\n!function(d,l){\"use strict\";l.querySelector&&d.addEventListener&&\"undefined\"!=typeof URL&&(d.wp=d.wp||{},d.wp.receiveEmbedMessage||(d.wp.receiveEmbedMessage=function(e){var t=e.data;if((t||t.secret||t.message||t.value)&&!\/[^a-zA-Z0-9]\/.test(t.secret)){for(var s,r,n,a=l.querySelectorAll('iframe[data-secret=\"'+t.secret+'\"]'),o=l.querySelectorAll('blockquote[data-secret=\"'+t.secret+'\"]'),c=new RegExp(\"^https?:$\",\"i\"),i=0;i<o.length;i++)o[i].style.display=\"none\";for(i=0;i<a.length;i++)s=a[i],e.source===s.contentWindow&&(s.removeAttribute(\"style\"),\"height\"===t.message?(1e3<(r=parseInt(t.value,10))?r=1e3:~~r<200&&(r=200),s.height=r):\"link\"===t.message&&(r=new URL(s.getAttribute(\"src\")),n=new URL(t.value),c.test(n.protocol))&&n.host===r.host&&l.activeElement===s&&(d.top.location.href=t.value))}},d.addEventListener(\"message\",d.wp.receiveEmbedMessage,!1),l.addEventListener(\"DOMContentLoaded\",function(){for(var e,t,s=l.querySelectorAll(\"iframe.wp-embedded-content\"),r=0;r<s.length;r++)(t=(e=s[r]).getAttribute(\"data-secret\"))||(t=Math.random().toString(36).substring(2,12),e.src+=\"#?secret=\"+t,e.setAttribute(\"data-secret\",t)),e.contentWindow.postMessage({message:\"ready\",secret:t},\"*\")},!1)))}(window,document);\n\/* ]]> *\/\n<\/script>\n"},"_links":{"self":[{"href":"https:\/\/stepienybarno.es\/blog\/wp-json\/wp\/v2\/posts\/45183"}],"collection":[{"href":"https:\/\/stepienybarno.es\/blog\/wp-json\/wp\/v2\/posts"}],"about":[{"href":"https:\/\/stepienybarno.es\/blog\/wp-json\/wp\/v2\/types\/post"}],"author":[{"embeddable":true,"href":"https:\/\/stepienybarno.es\/blog\/wp-json\/wp\/v2\/users\/2"}],"replies":[{"embeddable":true,"href":"https:\/\/stepienybarno.es\/blog\/wp-json\/wp\/v2\/comments?post=45183"}],"version-history":[{"count":1,"href":"https:\/\/stepienybarno.es\/blog\/wp-json\/wp\/v2\/posts\/45183\/revisions"}],"predecessor-version":[{"id":45185,"href":"https:\/\/stepienybarno.es\/blog\/wp-json\/wp\/v2\/posts\/45183\/revisions\/45185"}],"wp:featuredmedia":[{"embeddable":true,"href":"https:\/\/stepienybarno.es\/blog\/wp-json\/wp\/v2\/media\/45184"}],"wp:attachment":[{"href":"https:\/\/stepienybarno.es\/blog\/wp-json\/wp\/v2\/media?parent=45183"}],"wp:term":[{"taxonomy":"category","embeddable":true,"href":"https:\/\/stepienybarno.es\/blog\/wp-json\/wp\/v2\/categories?post=45183"},{"taxonomy":"post_tag","embeddable":true,"href":"https:\/\/stepienybarno.es\/blog\/wp-json\/wp\/v2\/tags?post=45183"},{"taxonomy":"series","embeddable":true,"href":"https:\/\/stepienybarno.es\/blog\/wp-json\/wp\/v2\/series?post=45183"}],"curies":[{"name":"wp","href":"https:\/\/api.w.org\/{rel}","templated":true}]}}