{"id":45191,"date":"2020-12-11T08:01:26","date_gmt":"2020-12-11T06:01:26","guid":{"rendered":"https:\/\/www.stepienybarno.es\/blog\/?p=45191"},"modified":"2020-12-10T18:47:58","modified_gmt":"2020-12-10T16:47:58","slug":"una-rana-gigante-dos-limones-un-botero-una-megamenina-que-esta-pasando-en-la-plaza-de-colon","status":"publish","type":"post","link":"https:\/\/stepienybarno.es\/blog\/2020\/12\/11\/una-rana-gigante-dos-limones-un-botero-una-megamenina-que-esta-pasando-en-la-plaza-de-colon\/","title":{"rendered":"Una rana gigante, dos limones, un Botero, una megamenina&#8230; \u00bfQu\u00e9 est\u00e1 pasando en la Plaza de Col\u00f3n?"},"content":{"rendered":"<p><img loading=\"lazy\" decoding=\"async\" class=\"aligncenter size-full wp-image-45192\" src=\"https:\/\/stepienybarno.es\/blog\/wp-content\/uploads\/2020\/12\/stepienybarno-Una-rana-gigante-dos-limones-un-Botero-una-megamenina...-\u00bfQue-esta-pasando-en-la-Plaza-de-Colon-postdeldia.jpg\" alt=\"\" width=\"1500\" height=\"1100\" srcset=\"https:\/\/stepienybarno.es\/blog\/wp-content\/uploads\/2020\/12\/stepienybarno-Una-rana-gigante-dos-limones-un-Botero-una-megamenina...-\u00bfQue-esta-pasando-en-la-Plaza-de-Colon-postdeldia.jpg 1500w, https:\/\/stepienybarno.es\/blog\/wp-content\/uploads\/2020\/12\/stepienybarno-Una-rana-gigante-dos-limones-un-Botero-una-megamenina...-\u00bfQue-esta-pasando-en-la-Plaza-de-Colon-postdeldia-550x403.jpg 550w, https:\/\/stepienybarno.es\/blog\/wp-content\/uploads\/2020\/12\/stepienybarno-Una-rana-gigante-dos-limones-un-Botero-una-megamenina...-\u00bfQue-esta-pasando-en-la-Plaza-de-Colon-postdeldia-955x700.jpg 955w, https:\/\/stepienybarno.es\/blog\/wp-content\/uploads\/2020\/12\/stepienybarno-Una-rana-gigante-dos-limones-un-Botero-una-megamenina...-\u00bfQue-esta-pasando-en-la-Plaza-de-Colon-postdeldia-180x132.jpg 180w, https:\/\/stepienybarno.es\/blog\/wp-content\/uploads\/2020\/12\/stepienybarno-Una-rana-gigante-dos-limones-un-Botero-una-megamenina...-\u00bfQue-esta-pasando-en-la-Plaza-de-Colon-postdeldia-316x232.jpg 316w\" sizes=\"(max-width: 1500px) 100vw, 1500px\" \/><\/p>\n<h1><strong>Por: <\/strong><span class=\"css-acjdas\"><strong>Ianko L\u00f3pez<br \/>\n<\/strong><\/span><\/h1>\n<h2><strong>Desde: El Pa\u00eds<\/strong><\/h2>\n<h2><strong>Fotograf\u00eda: Como quien ha tirado los dados, en la Plaza de Col\u00f3n ha ca\u00eddo la cabeza de &#8216;Julia&#8217;, de Jaume Plensa, la escultura de Crist\u00f3bal Col\u00f3n, una pieza de Botero, una estatua de Blas de Lezo, un ancla en honor al cart\u00f3grafo Jorge Juan, una rana de tres metros, dos meninas de fibra de vidrio y otra gigante luminosa colocada por Navidad, una bandera de 294 metros cuadrados, dos limones, el conjunto monumental de hormig\u00f3n dedicado al \u00abdescubrimiento de Am\u00e9rica\u00bb, las torres de Lamela, el Axis de Foster, el macroedificio neocl\u00e1sico de la Biblioteca Nacional y el Teatro Fernando Fern\u00e1n G\u00f3mez.<\/strong><\/h2>\n<p><!--more--><\/p>\n<p class=\"\">\u201cMadrid no tiene suerte\u201d. As\u00ed se titulaba el art\u00edculo de la revista <i>Arquitectura<\/i> donde en 1992 el arquitecto <b>Emilio Tu\u00f1\u00f3n <\/b>ven\u00eda a decir que, cada vez que se hac\u00eda alguna intervenci\u00f3n de calado en la capital espa\u00f1ola, la historia terminaba mal. \u201cY es que Madrid tal vez no tenga suerte porque nos falte la cultura urban\u00edstica de toda la vida que tienen las grandes ciudades europeas\u201d, conclu\u00eda. Un simple paseo por la actual plaza de Col\u00f3n, situada en un nodo estrat\u00e9gico que conecta los paseos de la Castellana y Recoletos con las calles de G\u00e9nova y Goya, basta para refrendar su diagn\u00f3stico.<\/p>\n<p class=\"\">La plaza ocupa una generosa superficie de unos 37.000 metros cuadrados, lo que la ha convertido en el punto de convocatoria por excelencia para eventos masivos como conciertos, manifestaciones y hasta ceremonias oficiadas por el Papa. Pero, adem\u00e1s, en su espacio se da cita un n\u00famero asombrosamente amplio y heterog\u00e9neo de elementos m\u00e1s o menos permanentes. Est\u00e1n, en primer lugar, los edificios que la delimitan, donde destacan la sede de la Biblioteca Nacional y el Museo Arqueol\u00f3gico Nacional (de un neoclasicismo algo grandilocuente, t\u00edpico de la arquitectura del poder del siglo XIX), las Torres de Col\u00f3n de Antonio Lamela (finalizadas en 1976, en la actualidad <a href=\"https:\/\/elpais.com\/elpais\/2019\/12\/23\/icon_design\/1577099350_982762.html\" data-link-track-dtm=\"\">se enfrentan a su segunda intervenci\u00f3n cosm\u00e9tica con la retirada del <i>enchufe<\/i> que las coronaba<\/a>) y una construcci\u00f3n de cuatro plantas <i>high-tech<\/i> con fachada reticular,<a href=\"https:\/\/elpais.com\/elpais\/2020\/09\/02\/icon\/1599044215_723887.html\" data-link-track-dtm=\"\"> firmada por el brit\u00e1nico Norman Foster<\/a> y terminada este mismo a\u00f1o.<\/p>\n<p>&nbsp;<\/p>\n<p style=\"text-align: center;\">Acceder al Post <a href=\"https:\/\/bit.ly\/372HSzo\" target=\"_blank\" rel=\"noopener noreferrer\">AQU\u00cd<\/a><\/p>\n<p>&nbsp;<\/p>\n<p><iframe loading=\"lazy\" title=\"\u00bfPara qu\u00e9 sirve un ARQUITECTO \/a? Por Jordi Ludevid\" width=\"911\" height=\"512\" src=\"https:\/\/www.youtube.com\/embed\/videoseries?list=PL9KCMehqFIajpdVXSncYV0J1ef6ms4zRx\" frameborder=\"0\" allow=\"accelerometer; autoplay; clipboard-write; encrypted-media; gyroscope; picture-in-picture\" allowfullscreen><\/iframe><\/p>\n<hr \/>\n<h5><strong>Autores del post: <a href=\"https:\/\/stepienybarno.es\/blog\/2011\/09\/04\/las-fortalezas-del-arquitecto\/\">Stepienybarno<\/a> _ Agnieszka Stepien y Lorenzo Barn\u00f3<\/strong><\/h5>\n<h5>Y como siempre, si te gust\u00f3 el post, estar\u00eda genial que lo compartas en tus redes sociales.<\/h5>\n<h5>A su vez, si todav\u00eda no est\u00e1s suscrito a nuestra Newsletter, te animamos a hacerlo en la casilla que tienes al terminar este art\u00edculo.<\/h5>\n<p>&nbsp;<\/p>\n<blockquote><p>Suscribirte a nuestro blog y recibe gratis nuestra gu\u00eda: 10 Ideas para vender m\u00e1s si eres arquitecto<\/p>\n<p>Acceder: <a href=\"http:\/\/bit.ly\/2fkkTS7\">http:\/\/bit.ly\/2fkkTS7<\/a><\/p>\n<p>&nbsp;<\/p>\n<p>Si te interesa contactar con nosotros para que te ayudemos a mejorar tu visibilidad online y, en consecuencia, mejorar tus oportunidades laborales, no dudes en escribirnos a: <a href=\"mailto:blog@stepienybarno.es\">blog@stepienybarno.es<\/a><\/p><\/blockquote>\n<p>&nbsp;<\/p>\n<p><em><a href=\"https:\/\/twitter.com\/stepienybarno\">Stepienybarno en TWITTER<\/a><\/em><\/p>\n<p><em><a href=\"https:\/\/twitter.com\/stepienybarno\">@stepienybarno (+ de 16.000 seguidores)<\/a><\/em><\/p>\n<p><em><a href=\"https:\/\/twitter.com\/stepienybarno?lang=es\">https:\/\/twitter.com\/stepienybarno?lang=es<\/a><\/em><\/p>\n<p><em><a href=\"https:\/\/www.facebook.com\/pages\/BLOG-DE-STEPIENYBARNO\/78001079029\">Stepienybarno en FACEBOOK (+ de 24<u>.000 seguidores)<\/u><\/a><\/em><\/p>\n<p><em><a href=\"https:\/\/www.facebook.com\/StepienyBarnoArquitecturaeIdentidadDigital\/\">https:\/\/www.facebook.com\/StepienyBarnoArquitecturaeIdentidadDigital\/<\/a><\/em><\/p>\n<p><em>Acceder a nuestro GRUPO CERRADO DE FACEBOOK sobre Identidad Digital para Arquitectos:<\/em><\/p>\n<p><em><a href=\"https:\/\/www.facebook.com\/groups\/IdentidadDigitalParaArquitectos\/\">https:\/\/www.facebook.com\/groups\/IdentidadDigitalParaArquitectos\/<\/a><\/em><\/p>\n<p><em>Suscr\u00edbete a nuestro canal de YOUTUBE: <a href=\"http:\/\/bit.ly\/2A1UtAd\">http:\/\/bit.ly\/2A1UtAd<\/a><\/em><\/p>\n<p>&nbsp;<\/p>\n<p>* <a href=\"https:\/\/stepienybarno.es\/blog\/2011\/09\/04\/las-fortalezas-del-arquitecto\/\">Stepienybarno<\/a> est\u00e1 formado por Agnieszka Stepien y Lorenzo Barn\u00f3 y desde mayo del 2009 estamos en la red con la presente publicaci\u00f3n digital (Blog) de arquitectura.<\/p>\n<p>Nuestra actividad se sustenta en tres pilares b\u00e1sicos: la investigaci\u00f3n, la publicaci\u00f3n y la redacci\u00f3n de proyectos de arquitectura.<\/p>\n<p>A su vez, somos socios cofundadores de <a href=\"http:\/\/sinergiasostenible.org\/\">SINERGIA SOSTENIBLE<\/a> y directores del blog de FUNDACI\u00d3N ARQUIA.<\/p>\n","protected":false},"excerpt":{"rendered":"<p>Por: Ianko L\u00f3pez Desde: El Pa\u00eds Fotograf\u00eda: Como quien ha<\/p>\n","protected":false},"author":2,"featured_media":45192,"comment_status":"open","ping_status":"closed","sticky":false,"template":"","format":"standard","meta":{"om_disable_all_campaigns":false,"_monsterinsights_skip_tracking":false,"_monsterinsights_sitenote_active":false,"_monsterinsights_sitenote_note":"","_monsterinsights_sitenote_category":0,"_uf_show_specific_survey":0,"_uf_disable_surveys":false,"episode_type":"audio","audio_file":"","cover_image":"","cover_image_id":"","duration":"","filesize":"","date_recorded":"","explicit":"","block":"","filesize_raw":"","footnotes":""},"categories":[244],"tags":[],"series":[],"class_list":["post-45191","post","type-post","status-publish","format-standard","has-post-thumbnail","hentry","category-canal-de-arquitectura"],"aioseo_notices":[],"episode_featured_image":"https:\/\/stepienybarno.es\/blog\/wp-content\/uploads\/2020\/12\/stepienybarno-Una-rana-gigante-dos-limones-un-Botero-una-megamenina...-\u00bfQue-esta-pasando-en-la-Plaza-de-Colon-postdeldia.jpg","episode_player_image":"https:\/\/stepienybarno.es\/blog\/wp-content\/uploads\/2020\/11\/stepienybarno-podcast-scaled.jpg","download_link":"","player_link":"","audio_player":false,"episode_data":{"playerMode":"dark","subscribeUrls":[],"rssFeedUrl":"https:\/\/stepienybarno.es\/blog\/feed\/podcast\/podcast-de-stepienybarno","embedCode":"<blockquote class=\"wp-embedded-content\" data-secret=\"aIwS4f7HXB\"><a href=\"https:\/\/stepienybarno.es\/blog\/2020\/12\/11\/una-rana-gigante-dos-limones-un-botero-una-megamenina-que-esta-pasando-en-la-plaza-de-colon\/\">Una rana gigante, dos limones, un Botero, una megamenina&#8230; \u00bfQu\u00e9 est\u00e1 pasando en la Plaza de Col\u00f3n?<\/a><\/blockquote><iframe sandbox=\"allow-scripts\" security=\"restricted\" src=\"https:\/\/stepienybarno.es\/blog\/2020\/12\/11\/una-rana-gigante-dos-limones-un-botero-una-megamenina-que-esta-pasando-en-la-plaza-de-colon\/embed\/#?secret=aIwS4f7HXB\" width=\"500\" height=\"350\" title=\"\u00abUna rana gigante, dos limones, un Botero, una megamenina&#8230; \u00bfQu\u00e9 est\u00e1 pasando en la Plaza de Col\u00f3n?\u00bb \u2014 Blog de STEPIEN Y BARNO - publicaci\u00f3n digital sobre arquitectura\" data-secret=\"aIwS4f7HXB\" frameborder=\"0\" marginwidth=\"0\" marginheight=\"0\" scrolling=\"no\" class=\"wp-embedded-content\"><\/iframe><script type=\"text\/javascript\">\n\/* <![CDATA[ *\/\n\/*! This file is auto-generated *\/\n!function(d,l){\"use strict\";l.querySelector&&d.addEventListener&&\"undefined\"!=typeof URL&&(d.wp=d.wp||{},d.wp.receiveEmbedMessage||(d.wp.receiveEmbedMessage=function(e){var t=e.data;if((t||t.secret||t.message||t.value)&&!\/[^a-zA-Z0-9]\/.test(t.secret)){for(var s,r,n,a=l.querySelectorAll('iframe[data-secret=\"'+t.secret+'\"]'),o=l.querySelectorAll('blockquote[data-secret=\"'+t.secret+'\"]'),c=new RegExp(\"^https?:$\",\"i\"),i=0;i<o.length;i++)o[i].style.display=\"none\";for(i=0;i<a.length;i++)s=a[i],e.source===s.contentWindow&&(s.removeAttribute(\"style\"),\"height\"===t.message?(1e3<(r=parseInt(t.value,10))?r=1e3:~~r<200&&(r=200),s.height=r):\"link\"===t.message&&(r=new URL(s.getAttribute(\"src\")),n=new URL(t.value),c.test(n.protocol))&&n.host===r.host&&l.activeElement===s&&(d.top.location.href=t.value))}},d.addEventListener(\"message\",d.wp.receiveEmbedMessage,!1),l.addEventListener(\"DOMContentLoaded\",function(){for(var e,t,s=l.querySelectorAll(\"iframe.wp-embedded-content\"),r=0;r<s.length;r++)(t=(e=s[r]).getAttribute(\"data-secret\"))||(t=Math.random().toString(36).substring(2,12),e.src+=\"#?secret=\"+t,e.setAttribute(\"data-secret\",t)),e.contentWindow.postMessage({message:\"ready\",secret:t},\"*\")},!1)))}(window,document);\n\/* ]]> *\/\n<\/script>\n"},"_links":{"self":[{"href":"https:\/\/stepienybarno.es\/blog\/wp-json\/wp\/v2\/posts\/45191"}],"collection":[{"href":"https:\/\/stepienybarno.es\/blog\/wp-json\/wp\/v2\/posts"}],"about":[{"href":"https:\/\/stepienybarno.es\/blog\/wp-json\/wp\/v2\/types\/post"}],"author":[{"embeddable":true,"href":"https:\/\/stepienybarno.es\/blog\/wp-json\/wp\/v2\/users\/2"}],"replies":[{"embeddable":true,"href":"https:\/\/stepienybarno.es\/blog\/wp-json\/wp\/v2\/comments?post=45191"}],"version-history":[{"count":1,"href":"https:\/\/stepienybarno.es\/blog\/wp-json\/wp\/v2\/posts\/45191\/revisions"}],"predecessor-version":[{"id":45193,"href":"https:\/\/stepienybarno.es\/blog\/wp-json\/wp\/v2\/posts\/45191\/revisions\/45193"}],"wp:featuredmedia":[{"embeddable":true,"href":"https:\/\/stepienybarno.es\/blog\/wp-json\/wp\/v2\/media\/45192"}],"wp:attachment":[{"href":"https:\/\/stepienybarno.es\/blog\/wp-json\/wp\/v2\/media?parent=45191"}],"wp:term":[{"taxonomy":"category","embeddable":true,"href":"https:\/\/stepienybarno.es\/blog\/wp-json\/wp\/v2\/categories?post=45191"},{"taxonomy":"post_tag","embeddable":true,"href":"https:\/\/stepienybarno.es\/blog\/wp-json\/wp\/v2\/tags?post=45191"},{"taxonomy":"series","embeddable":true,"href":"https:\/\/stepienybarno.es\/blog\/wp-json\/wp\/v2\/series?post=45191"}],"curies":[{"name":"wp","href":"https:\/\/api.w.org\/{rel}","templated":true}]}}