{"id":45245,"date":"2020-12-14T17:25:25","date_gmt":"2020-12-14T15:25:25","guid":{"rendered":"https:\/\/www.stepienybarno.es\/blog\/?p=45245"},"modified":"2022-03-31T13:03:00","modified_gmt":"2022-03-31T11:03:00","slug":"episodio-63-instatectura-la-semana-en-syb-arquicafe-con-alberto-alonso-premios-mapei-y-gtd-para-arquitectos","status":"publish","type":"post","link":"https:\/\/stepienybarno.es\/blog\/2020\/12\/14\/episodio-63-instatectura-la-semana-en-syb-arquicafe-con-alberto-alonso-premios-mapei-y-gtd-para-arquitectos\/","title":{"rendered":"#Episodio 63. Instatectura la semana en SyB. Arquicaf\u00e9 con Alberto Alonso, Premios Mapei y GTD para Arquitectos"},"content":{"rendered":"<p>&nbsp;<\/p>\n<p><img loading=\"lazy\" decoding=\"async\" class=\"aligncenter size-full wp-image-45248\" src=\"https:\/\/stepienybarno.es\/blog\/wp-content\/uploads\/2020\/12\/Copia-de-MINIATURAS-PARA-QUE-SIRVE-I-22.png\" alt=\"\" width=\"1280\" height=\"720\" srcset=\"https:\/\/stepienybarno.es\/blog\/wp-content\/uploads\/2020\/12\/Copia-de-MINIATURAS-PARA-QUE-SIRVE-I-22.png 1280w, https:\/\/stepienybarno.es\/blog\/wp-content\/uploads\/2020\/12\/Copia-de-MINIATURAS-PARA-QUE-SIRVE-I-22-550x309.png 550w, https:\/\/stepienybarno.es\/blog\/wp-content\/uploads\/2020\/12\/Copia-de-MINIATURAS-PARA-QUE-SIRVE-I-22-1024x576.png 1024w, https:\/\/stepienybarno.es\/blog\/wp-content\/uploads\/2020\/12\/Copia-de-MINIATURAS-PARA-QUE-SIRVE-I-22-180x101.png 180w, https:\/\/stepienybarno.es\/blog\/wp-content\/uploads\/2020\/12\/Copia-de-MINIATURAS-PARA-QUE-SIRVE-I-22-316x178.png 316w\" sizes=\"(max-width: 1280px) 100vw, 1280px\" \/><\/p>\n<p>Como cada inicio de semana, os presentamos la sesi\u00f3n de Instatectura la semana en SyB, un repaso que haremos para comentaros en qu\u00e9 hemos estado metidos esta semana. En el instatectura de hoy hablaremos del pr\u00f3ximo arquicafe con Alberto Alonso de Veredes, Los nuevos Premios Mapei a la Arquitectura Sostenible 2020 y de <strong>GTD para Arquitectos<\/strong><\/p>\n<p><!--more--><\/p>\n<p>En el podcast de hoy podr\u00e9is escuchar c\u00f3mo Uxua y Dar\u00edo os contar\u00e1n un resumen de todas las actividades en las que estamos trabajando y tambi\u00e9n las pr\u00f3ximas que ir\u00e9is conociendo esta semana.<\/p>\n<h2>Instatectura la semana en SyB<\/h2>\n<p>Nueva semana sobre Arquitectura, Identidad Digital y productividad.<\/p>\n<p>\ud83d\udc49\ud83c\udffc En esta ocasi\u00f3n hablamos :<\/p>\n<h3>Arquicafe con Alberto Alonso<\/h3>\n<p><span class=\"style-scope yt-formatted-string\" dir=\"auto\">\u2615 En esta ocasi\u00f3n hablamos del nuevo <\/span><a class=\"yt-simple-endpoint style-scope yt-formatted-string\" dir=\"auto\" spellcheck=\"false\" href=\"https:\/\/www.youtube.com\/results?search_query=%23arquicaf%C3%A9\">#arquicaf\u00e9<\/a><span class=\"style-scope yt-formatted-string\" dir=\"auto\"> que sale ma\u00f1ana del horno! Dar\u00edo N\u00fa\u00f1ez ha charlado sosegadamente con Alberto Alonso, amigo y compa\u00f1ero, que seguro conocer\u00e1s por la publicaci\u00f3n digital VEREDES&#8230; y m\u00e1s recientemente por la publicaci\u00f3n offline VAD, revista cient\u00edfica de arquitectura que va por su cuarto n\u00famero. La tendr\u00e1s en formato v\u00eddeo y podcast, as\u00ed que&#8230; \u00a1no tienes excusa para perd\u00e9rtela!<\/span><\/p>\n<h3>Premios Mapei 2020<\/h3>\n<p><span class=\"style-scope yt-formatted-string\" dir=\"auto\">\ud83c\udfc6 Hemos hablado de los <strong><a href=\"https:\/\/stepienybarno.es\/blog\/2020\/12\/11\/46-viviendas-en-antigua-fabrica-fabra-coats-proyectodeldia\/\">premios MAPEI de arquitectura y sostenibilidad 2020<\/a> <\/strong>que ha sido para el proyecto Fabra &amp; Coats de Rold\u00e1n + Berengu\u00e9 Arquitectos, por sus caracter\u00edsticas arquitect\u00f3nicas, sociales y ambientales.<\/span><\/p>\n<h3>Conecta by Hna<\/h3>\n<p><span class=\"style-scope yt-formatted-string\" dir=\"auto\">\ud83d\udce3 Adem\u00e1s, te contamos <a href=\"https:\/\/stepienybarno.es\/blog\/2020\/12\/09\/las-cinco-ventajas-que-conecta-by-hna-da-gratis-a-estudiantes-de-arquitectura\/\">l<strong>as ventajas que tiene HNA para estudiantes de arquitectura y j\u00f3venes arquitectos<\/strong><\/a>.\u00a0<\/span><\/p>\n<h3>GTD para Arquitectos<\/h3>\n<p><span class=\"style-scope yt-formatted-string\" dir=\"auto\">\ud83d\udcdd Y te contamos los 5 pasos imprescindibles que debes seguir para implementar <strong><a href=\"https:\/\/stepienybarno.es\/blog\/2020\/10\/01\/reflexion-del-curso-y-uso-particular-de-gtd-con-evernote\/\">el sistema GTD en tu estudio de arquitectura o dise\u00f1o<\/a><\/strong>.<\/span><\/p>\n<p>&nbsp;<\/p>\n<p>\ud83d\udc4b \u00a1Hasta la semana que viene!<\/p>\n<p style=\"text-align: center;\"><a href=\"https:\/\/stepienybarno.es\/blog\/category\/podcast\/\" class=\"kp-button medium-button\" target=\"_self\">escucha m\u00e1s podcast de stepienybarno<\/a><\/p>\n<p style=\"text-align: center;\">Tambi\u00e9n en <a href=\"https:\/\/www.ivoox.com\/podcast-stepienybarno-arquitectura_sq_f1856662_1.html\" target=\"_blank\" rel=\"noopener noreferrer\">IVOOX<\/a><\/p>\n<p>&nbsp;<\/p>\n<p><iframe loading=\"lazy\" title=\"Instatectura 20201214\" width=\"911\" height=\"512\" src=\"https:\/\/www.youtube.com\/embed\/eDhq9u3DUhY?feature=oembed\" frameborder=\"0\" allow=\"accelerometer; autoplay; clipboard-write; encrypted-media; gyroscope; picture-in-picture\" allowfullscreen><\/iframe><\/p>\n<h3>Esperamos que os haya gustado nuestro Instatectura la semana en SyB<\/h3>\n","protected":false},"excerpt":{"rendered":"<p>&nbsp; Como cada inicio de semana, os presentamos la sesi\u00f3n<\/p>\n","protected":false},"author":2,"featured_media":45248,"comment_status":"open","ping_status":"closed","sticky":false,"template":"","format":"standard","meta":{"om_disable_all_campaigns":false,"_monsterinsights_skip_tracking":false,"_monsterinsights_sitenote_active":false,"_monsterinsights_sitenote_note":"","_monsterinsights_sitenote_category":0,"_uf_show_specific_survey":0,"_uf_disable_surveys":false,"episode_type":"audio","audio_file":"https:\/\/stepienybarno.es\/blog\/wp-content\/uploads\/2020\/12\/63-instatecura.mp3","cover_image":"","cover_image_id":"","duration":"18:33","filesize":"11.03M","date_recorded":"2020-12-14 17:25:25","explicit":"","block":"","filesize_raw":"11566514","footnotes":""},"categories":[34],"tags":[8455,6947,8110,7997,8485],"series":[10115],"class_list":["post-45245","post","type-post","status-publish","format-standard","has-post-thumbnail","hentry","category-actualidad","tag-conecta-by-hna","tag-gtd","tag-instatectura","tag-podcast","tag-premios-mapei","series-podcast-de-stepienybarno"],"aioseo_notices":[],"episode_featured_image":"https:\/\/stepienybarno.es\/blog\/wp-content\/uploads\/2020\/12\/Copia-de-MINIATURAS-PARA-QUE-SIRVE-I-22.png","episode_player_image":"https:\/\/stepienybarno.es\/blog\/wp-content\/uploads\/2020\/11\/stepienybarno-podcast-scaled.jpg","download_link":"https:\/\/stepienybarno.es\/blog\/podcast-download\/45245\/episodio-63-instatectura-la-semana-en-syb-arquicafe-con-alberto-alonso-premios-mapei-y-gtd-para-arquitectos.mp3","player_link":"https:\/\/stepienybarno.es\/blog\/podcast-player\/45245\/episodio-63-instatectura-la-semana-en-syb-arquicafe-con-alberto-alonso-premios-mapei-y-gtd-para-arquitectos.mp3","audio_player":"<!--[if lt IE 9]><script>document.createElement('audio');<\/script><![endif]-->\n<audio class=\"wp-audio-shortcode\" id=\"audio-45245-1\" preload=\"none\" style=\"width: 100%;\" controls=\"controls\"><source type=\"audio\/mpeg\" src=\"https:\/\/stepienybarno.es\/blog\/podcast-player\/45245\/episodio-63-instatectura-la-semana-en-syb-arquicafe-con-alberto-alonso-premios-mapei-y-gtd-para-arquitectos.mp3?_=1\" \/><a href=\"https:\/\/stepienybarno.es\/blog\/podcast-player\/45245\/episodio-63-instatectura-la-semana-en-syb-arquicafe-con-alberto-alonso-premios-mapei-y-gtd-para-arquitectos.mp3\">https:\/\/stepienybarno.es\/blog\/podcast-player\/45245\/episodio-63-instatectura-la-semana-en-syb-arquicafe-con-alberto-alonso-premios-mapei-y-gtd-para-arquitectos.mp3<\/a><\/audio>","episode_data":{"playerMode":"dark","subscribeUrls":[],"rssFeedUrl":"https:\/\/stepienybarno.es\/blog\/feed\/podcast\/podcast-de-stepienybarno","embedCode":"<blockquote class=\"wp-embedded-content\" data-secret=\"QOEuxxlJwk\"><a href=\"https:\/\/stepienybarno.es\/blog\/2020\/12\/14\/episodio-63-instatectura-la-semana-en-syb-arquicafe-con-alberto-alonso-premios-mapei-y-gtd-para-arquitectos\/\">#Episodio 63. Instatectura la semana en SyB. Arquicaf\u00e9 con Alberto Alonso, Premios Mapei y GTD para Arquitectos<\/a><\/blockquote><iframe sandbox=\"allow-scripts\" security=\"restricted\" src=\"https:\/\/stepienybarno.es\/blog\/2020\/12\/14\/episodio-63-instatectura-la-semana-en-syb-arquicafe-con-alberto-alonso-premios-mapei-y-gtd-para-arquitectos\/embed\/#?secret=QOEuxxlJwk\" width=\"500\" height=\"350\" title=\"\u00ab#Episodio 63. Instatectura la semana en SyB. Arquicaf\u00e9 con Alberto Alonso, Premios Mapei y GTD para Arquitectos\u00bb \u2014 Blog de STEPIEN Y BARNO - publicaci\u00f3n digital sobre arquitectura\" data-secret=\"QOEuxxlJwk\" frameborder=\"0\" marginwidth=\"0\" marginheight=\"0\" scrolling=\"no\" class=\"wp-embedded-content\"><\/iframe><script type=\"text\/javascript\">\n\/* <![CDATA[ *\/\n\/*! This file is auto-generated *\/\n!function(d,l){\"use strict\";l.querySelector&&d.addEventListener&&\"undefined\"!=typeof URL&&(d.wp=d.wp||{},d.wp.receiveEmbedMessage||(d.wp.receiveEmbedMessage=function(e){var t=e.data;if((t||t.secret||t.message||t.value)&&!\/[^a-zA-Z0-9]\/.test(t.secret)){for(var s,r,n,a=l.querySelectorAll('iframe[data-secret=\"'+t.secret+'\"]'),o=l.querySelectorAll('blockquote[data-secret=\"'+t.secret+'\"]'),c=new RegExp(\"^https?:$\",\"i\"),i=0;i<o.length;i++)o[i].style.display=\"none\";for(i=0;i<a.length;i++)s=a[i],e.source===s.contentWindow&&(s.removeAttribute(\"style\"),\"height\"===t.message?(1e3<(r=parseInt(t.value,10))?r=1e3:~~r<200&&(r=200),s.height=r):\"link\"===t.message&&(r=new URL(s.getAttribute(\"src\")),n=new URL(t.value),c.test(n.protocol))&&n.host===r.host&&l.activeElement===s&&(d.top.location.href=t.value))}},d.addEventListener(\"message\",d.wp.receiveEmbedMessage,!1),l.addEventListener(\"DOMContentLoaded\",function(){for(var e,t,s=l.querySelectorAll(\"iframe.wp-embedded-content\"),r=0;r<s.length;r++)(t=(e=s[r]).getAttribute(\"data-secret\"))||(t=Math.random().toString(36).substring(2,12),e.src+=\"#?secret=\"+t,e.setAttribute(\"data-secret\",t)),e.contentWindow.postMessage({message:\"ready\",secret:t},\"*\")},!1)))}(window,document);\n\/* ]]> *\/\n<\/script>\n"},"_links":{"self":[{"href":"https:\/\/stepienybarno.es\/blog\/wp-json\/wp\/v2\/posts\/45245"}],"collection":[{"href":"https:\/\/stepienybarno.es\/blog\/wp-json\/wp\/v2\/posts"}],"about":[{"href":"https:\/\/stepienybarno.es\/blog\/wp-json\/wp\/v2\/types\/post"}],"author":[{"embeddable":true,"href":"https:\/\/stepienybarno.es\/blog\/wp-json\/wp\/v2\/users\/2"}],"replies":[{"embeddable":true,"href":"https:\/\/stepienybarno.es\/blog\/wp-json\/wp\/v2\/comments?post=45245"}],"version-history":[{"count":4,"href":"https:\/\/stepienybarno.es\/blog\/wp-json\/wp\/v2\/posts\/45245\/revisions"}],"predecessor-version":[{"id":45253,"href":"https:\/\/stepienybarno.es\/blog\/wp-json\/wp\/v2\/posts\/45245\/revisions\/45253"}],"wp:featuredmedia":[{"embeddable":true,"href":"https:\/\/stepienybarno.es\/blog\/wp-json\/wp\/v2\/media\/45248"}],"wp:attachment":[{"href":"https:\/\/stepienybarno.es\/blog\/wp-json\/wp\/v2\/media?parent=45245"}],"wp:term":[{"taxonomy":"category","embeddable":true,"href":"https:\/\/stepienybarno.es\/blog\/wp-json\/wp\/v2\/categories?post=45245"},{"taxonomy":"post_tag","embeddable":true,"href":"https:\/\/stepienybarno.es\/blog\/wp-json\/wp\/v2\/tags?post=45245"},{"taxonomy":"series","embeddable":true,"href":"https:\/\/stepienybarno.es\/blog\/wp-json\/wp\/v2\/series?post=45245"}],"curies":[{"name":"wp","href":"https:\/\/api.w.org\/{rel}","templated":true}]}}