{"id":45381,"date":"2020-12-23T08:02:07","date_gmt":"2020-12-23T06:02:07","guid":{"rendered":"https:\/\/www.stepienybarno.es\/blog\/?p=45381"},"modified":"2020-12-21T18:54:28","modified_gmt":"2020-12-21T16:54:28","slug":"cc-a-los-profesores-buenos","status":"publish","type":"post","link":"https:\/\/stepienybarno.es\/blog\/2020\/12\/23\/cc-a-los-profesores-buenos\/","title":{"rendered":"CC (A los profesores buenos)"},"content":{"rendered":"<p><img loading=\"lazy\" decoding=\"async\" class=\"aligncenter wp-image-45384\" src=\"https:\/\/stepienybarno.es\/blog\/wp-content\/uploads\/2020\/12\/stepienybarno-CC-A-los-profesores-buenos-postdeldia.jpg\" alt=\"\" width=\"750\" height=\"875\" srcset=\"https:\/\/stepienybarno.es\/blog\/wp-content\/uploads\/2020\/12\/stepienybarno-CC-A-los-profesores-buenos-postdeldia.jpg 698w, https:\/\/stepienybarno.es\/blog\/wp-content\/uploads\/2020\/12\/stepienybarno-CC-A-los-profesores-buenos-postdeldia-472x550.jpg 472w, https:\/\/stepienybarno.es\/blog\/wp-content\/uploads\/2020\/12\/stepienybarno-CC-A-los-profesores-buenos-postdeldia-600x700.jpg 600w, https:\/\/stepienybarno.es\/blog\/wp-content\/uploads\/2020\/12\/stepienybarno-CC-A-los-profesores-buenos-postdeldia-154x180.jpg 154w, https:\/\/stepienybarno.es\/blog\/wp-content\/uploads\/2020\/12\/stepienybarno-CC-A-los-profesores-buenos-postdeldia-316x369.jpg 316w\" sizes=\"(max-width: 750px) 100vw, 750px\" \/><\/p>\n<h1><strong>Por: <\/strong><span class=\"css-acjdas\"><strong>Jos\u00e9 Ram\u00f3n Hern\u00e1ndez Correa<br \/>\n<\/strong><\/span><\/h1>\n<h2><strong>Desde: arquitectamoslocos<br \/>\n<\/strong><\/h2>\n<h2><strong>Fotograf\u00eda: Ille scit quis est(1)<\/strong><\/h2>\n<p><!--more--><\/p>\n<p>En la escuela de arquitectura fui un alumno aplicado, y como adem\u00e1s siempre se me hab\u00edan dado bastante bien las matem\u00e1ticas y similares iba aprobando las asignaturas por curso, parcial a parcial.<\/p>\n<p>Bueno: No todas. Igual que cre\u00eda (con fundamento) que yo val\u00eda para las te\u00f3ricas, tambi\u00e9n hab\u00eda pensado siempre (sin raz\u00f3n) que dibujaba bien. En el colegio sacaba muy buenas notas en dibujo, pero esto era otra cosa. Suspend\u00ed desde el primer a\u00f1o, y a partir de ah\u00ed llev\u00e9 siempre retrasadas las gr\u00e1ficas. Como una r\u00e9mora. Como una maldici\u00f3n.<\/p>\n<p>Por fin en tercer curso ten\u00edamos <i>Elementos de Composici\u00f3n<\/i>, que era la asignatura de introducci\u00f3n a proyectos, y ah\u00ed me toc\u00f3 intentar dise\u00f1ar algo por primera vez en mi vida. Qu\u00e9 desastre. No lo hab\u00eda hecho nunca y no ten\u00eda ninguna aptitud.<\/p>\n<p>Durante ese curso aciago me arrastr\u00e9 vergonzosamente por la infausta asignatura. Un d\u00eda el profesor me pregunt\u00f3 en un aparte qu\u00e9 tal llevaba las dem\u00e1s, y yo le dije que muy bien y le expliqu\u00e9 lo que he dicho antes. Me aconsej\u00f3 entonces, con un tono verdaderamente amistoso y paternal, que dejara esta carrera, para la que obviamente no estaba llamado, y me pasara a alguna ingenier\u00eda, donde me iba a ir mucho mejor.<\/p>\n<p>Yo le cre\u00ed. Cre\u00ed de verdad que lo dec\u00eda por mi bien. Me vine abajo.<\/p>\n<p>&nbsp;<\/p>\n<p style=\"text-align: center;\">Acceder al Post <a href=\"http:\/\/bit.ly\/38EoIj1\" target=\"_blank\" rel=\"noopener noreferrer\">AQU\u00cd<\/a><\/p>\n<p>&nbsp;<\/p>\n<p><iframe loading=\"lazy\" title=\"\u00bfPara qu\u00e9 sirve un ARQUITECTO \/a? Por Jordi Ludevid\" width=\"911\" height=\"512\" src=\"https:\/\/www.youtube.com\/embed\/videoseries?list=PL9KCMehqFIajpdVXSncYV0J1ef6ms4zRx\" frameborder=\"0\" allow=\"accelerometer; autoplay; clipboard-write; encrypted-media; gyroscope; picture-in-picture\" allowfullscreen><\/iframe><\/p>\n<hr \/>\n<h5><strong>Autores del post: <a href=\"https:\/\/stepienybarno.es\/blog\/2011\/09\/04\/las-fortalezas-del-arquitecto\/\">Stepienybarno<\/a> _ Agnieszka Stepien y Lorenzo Barn\u00f3<\/strong><\/h5>\n<h5>Y como siempre, si te gust\u00f3 el post, estar\u00eda genial que lo compartas en tus redes sociales.<\/h5>\n<h5>A su vez, si todav\u00eda no est\u00e1s suscrito a nuestra Newsletter, te animamos a hacerlo en la casilla que tienes al terminar este art\u00edculo.<\/h5>\n<p>&nbsp;<\/p>\n<blockquote><p>Suscribirte a nuestro blog y recibe gratis nuestra gu\u00eda: 10 Ideas para vender m\u00e1s si eres arquitecto<\/p>\n<p>Acceder: <a href=\"http:\/\/bit.ly\/2fkkTS7\">http:\/\/bit.ly\/2fkkTS7<\/a><\/p>\n<p>&nbsp;<\/p>\n<p>Si te interesa contactar con nosotros para que te ayudemos a mejorar tu visibilidad online y, en consecuencia, mejorar tus oportunidades laborales, no dudes en escribirnos a: <a href=\"mailto:blog@stepienybarno.es\">blog@stepienybarno.es<\/a><\/p><\/blockquote>\n<p>&nbsp;<\/p>\n<p><em><a href=\"https:\/\/twitter.com\/stepienybarno\">Stepienybarno en TWITTER<\/a><\/em><\/p>\n<p><em><a href=\"https:\/\/twitter.com\/stepienybarno\">@stepienybarno (+ de 16.000 seguidores)<\/a><\/em><\/p>\n<p><em><a href=\"https:\/\/twitter.com\/stepienybarno?lang=es\">https:\/\/twitter.com\/stepienybarno?lang=es<\/a><\/em><\/p>\n<p><em><a href=\"https:\/\/www.facebook.com\/pages\/BLOG-DE-STEPIENYBARNO\/78001079029\">Stepienybarno en FACEBOOK (+ de 24<u>.000 seguidores)<\/u><\/a><\/em><\/p>\n<p><em><a href=\"https:\/\/www.facebook.com\/StepienyBarnoArquitecturaeIdentidadDigital\/\">https:\/\/www.facebook.com\/StepienyBarnoArquitecturaeIdentidadDigital\/<\/a><\/em><\/p>\n<p><em>Acceder a nuestro GRUPO CERRADO DE FACEBOOK sobre Identidad Digital para Arquitectos:<\/em><\/p>\n<p><em><a href=\"https:\/\/www.facebook.com\/groups\/IdentidadDigitalParaArquitectos\/\">https:\/\/www.facebook.com\/groups\/IdentidadDigitalParaArquitectos\/<\/a><\/em><\/p>\n<p><em>Suscr\u00edbete a nuestro canal de YOUTUBE: <a href=\"http:\/\/bit.ly\/2A1UtAd\">http:\/\/bit.ly\/2A1UtAd<\/a><\/em><\/p>\n<p>&nbsp;<\/p>\n<p>* <a href=\"https:\/\/stepienybarno.es\/blog\/2011\/09\/04\/las-fortalezas-del-arquitecto\/\">Stepienybarno<\/a> est\u00e1 formado por Agnieszka Stepien y Lorenzo Barn\u00f3 y desde mayo del 2009 estamos en la red con la presente publicaci\u00f3n digital (Blog) de arquitectura.<\/p>\n<p>Nuestra actividad se sustenta en tres pilares b\u00e1sicos: la investigaci\u00f3n, la publicaci\u00f3n y la redacci\u00f3n de proyectos de arquitectura.<\/p>\n<p>A su vez, somos socios cofundadores de <a href=\"http:\/\/sinergiasostenible.org\/\">SINERGIA SOSTENIBLE<\/a> y directores del blog de FUNDACI\u00d3N ARQUIA.<\/p>\n","protected":false},"excerpt":{"rendered":"<p>Por: Jos\u00e9 Ram\u00f3n Hern\u00e1ndez Correa Desde: arquitectamoslocos Fotograf\u00eda: Ille scit<\/p>\n","protected":false},"author":2,"featured_media":45384,"comment_status":"open","ping_status":"closed","sticky":false,"template":"","format":"standard","meta":{"om_disable_all_campaigns":false,"_monsterinsights_skip_tracking":false,"_monsterinsights_sitenote_active":false,"_monsterinsights_sitenote_note":"","_monsterinsights_sitenote_category":0,"_uf_show_specific_survey":0,"_uf_disable_surveys":false,"episode_type":"audio","audio_file":"","cover_image":"","cover_image_id":"","duration":"","filesize":"","date_recorded":"","explicit":"","block":"","filesize_raw":"","footnotes":""},"categories":[244],"tags":[2480],"series":[],"class_list":["post-45381","post","type-post","status-publish","format-standard","has-post-thumbnail","hentry","category-canal-de-arquitectura","tag-jose-ramon-hernandez-correa"],"aioseo_notices":[],"episode_featured_image":"https:\/\/stepienybarno.es\/blog\/wp-content\/uploads\/2020\/12\/stepienybarno-CC-A-los-profesores-buenos-postdeldia.jpg","episode_player_image":"https:\/\/stepienybarno.es\/blog\/wp-content\/uploads\/2020\/11\/stepienybarno-podcast-scaled.jpg","download_link":"","player_link":"","audio_player":false,"episode_data":{"playerMode":"dark","subscribeUrls":[],"rssFeedUrl":"https:\/\/stepienybarno.es\/blog\/feed\/podcast\/podcast-de-stepienybarno","embedCode":"<blockquote class=\"wp-embedded-content\" data-secret=\"VakMSxq1Um\"><a href=\"https:\/\/stepienybarno.es\/blog\/2020\/12\/23\/cc-a-los-profesores-buenos\/\">CC (A los profesores buenos)<\/a><\/blockquote><iframe sandbox=\"allow-scripts\" security=\"restricted\" src=\"https:\/\/stepienybarno.es\/blog\/2020\/12\/23\/cc-a-los-profesores-buenos\/embed\/#?secret=VakMSxq1Um\" width=\"500\" height=\"350\" title=\"\u00abCC (A los profesores buenos)\u00bb \u2014 Blog de STEPIEN Y BARNO - publicaci\u00f3n digital sobre arquitectura\" data-secret=\"VakMSxq1Um\" frameborder=\"0\" marginwidth=\"0\" marginheight=\"0\" scrolling=\"no\" class=\"wp-embedded-content\"><\/iframe><script type=\"text\/javascript\">\n\/* <![CDATA[ *\/\n\/*! This file is auto-generated *\/\n!function(d,l){\"use strict\";l.querySelector&&d.addEventListener&&\"undefined\"!=typeof URL&&(d.wp=d.wp||{},d.wp.receiveEmbedMessage||(d.wp.receiveEmbedMessage=function(e){var t=e.data;if((t||t.secret||t.message||t.value)&&!\/[^a-zA-Z0-9]\/.test(t.secret)){for(var s,r,n,a=l.querySelectorAll('iframe[data-secret=\"'+t.secret+'\"]'),o=l.querySelectorAll('blockquote[data-secret=\"'+t.secret+'\"]'),c=new RegExp(\"^https?:$\",\"i\"),i=0;i<o.length;i++)o[i].style.display=\"none\";for(i=0;i<a.length;i++)s=a[i],e.source===s.contentWindow&&(s.removeAttribute(\"style\"),\"height\"===t.message?(1e3<(r=parseInt(t.value,10))?r=1e3:~~r<200&&(r=200),s.height=r):\"link\"===t.message&&(r=new URL(s.getAttribute(\"src\")),n=new URL(t.value),c.test(n.protocol))&&n.host===r.host&&l.activeElement===s&&(d.top.location.href=t.value))}},d.addEventListener(\"message\",d.wp.receiveEmbedMessage,!1),l.addEventListener(\"DOMContentLoaded\",function(){for(var e,t,s=l.querySelectorAll(\"iframe.wp-embedded-content\"),r=0;r<s.length;r++)(t=(e=s[r]).getAttribute(\"data-secret\"))||(t=Math.random().toString(36).substring(2,12),e.src+=\"#?secret=\"+t,e.setAttribute(\"data-secret\",t)),e.contentWindow.postMessage({message:\"ready\",secret:t},\"*\")},!1)))}(window,document);\n\/* ]]> *\/\n<\/script>\n"},"_links":{"self":[{"href":"https:\/\/stepienybarno.es\/blog\/wp-json\/wp\/v2\/posts\/45381"}],"collection":[{"href":"https:\/\/stepienybarno.es\/blog\/wp-json\/wp\/v2\/posts"}],"about":[{"href":"https:\/\/stepienybarno.es\/blog\/wp-json\/wp\/v2\/types\/post"}],"author":[{"embeddable":true,"href":"https:\/\/stepienybarno.es\/blog\/wp-json\/wp\/v2\/users\/2"}],"replies":[{"embeddable":true,"href":"https:\/\/stepienybarno.es\/blog\/wp-json\/wp\/v2\/comments?post=45381"}],"version-history":[{"count":4,"href":"https:\/\/stepienybarno.es\/blog\/wp-json\/wp\/v2\/posts\/45381\/revisions"}],"predecessor-version":[{"id":45396,"href":"https:\/\/stepienybarno.es\/blog\/wp-json\/wp\/v2\/posts\/45381\/revisions\/45396"}],"wp:featuredmedia":[{"embeddable":true,"href":"https:\/\/stepienybarno.es\/blog\/wp-json\/wp\/v2\/media\/45384"}],"wp:attachment":[{"href":"https:\/\/stepienybarno.es\/blog\/wp-json\/wp\/v2\/media?parent=45381"}],"wp:term":[{"taxonomy":"category","embeddable":true,"href":"https:\/\/stepienybarno.es\/blog\/wp-json\/wp\/v2\/categories?post=45381"},{"taxonomy":"post_tag","embeddable":true,"href":"https:\/\/stepienybarno.es\/blog\/wp-json\/wp\/v2\/tags?post=45381"},{"taxonomy":"series","embeddable":true,"href":"https:\/\/stepienybarno.es\/blog\/wp-json\/wp\/v2\/series?post=45381"}],"curies":[{"name":"wp","href":"https:\/\/api.w.org\/{rel}","templated":true}]}}