{"id":45395,"date":"2020-12-24T08:02:42","date_gmt":"2020-12-24T06:02:42","guid":{"rendered":"https:\/\/www.stepienybarno.es\/blog\/?p=45395"},"modified":"2020-12-21T18:56:24","modified_gmt":"2020-12-21T16:56:24","slug":"la-extraordinaria-vida-de-guastavino-el-arquitecto-picaro-de-nueva-york","status":"publish","type":"post","link":"https:\/\/stepienybarno.es\/blog\/2020\/12\/24\/la-extraordinaria-vida-de-guastavino-el-arquitecto-picaro-de-nueva-york\/","title":{"rendered":"La extraordinaria vida de Guastavino, el arquitecto p\u00edcaro de Nueva York"},"content":{"rendered":"<p><img loading=\"lazy\" decoding=\"async\" class=\"aligncenter size-full wp-image-45398\" src=\"https:\/\/stepienybarno.es\/blog\/wp-content\/uploads\/2020\/12\/stepienybarno-La-extraordinaria-vida-de-Guastavino-el-arquitecto-picaro-de-Nueva-York-postdeldia.jpg\" alt=\"\" width=\"1500\" height=\"886\" srcset=\"https:\/\/stepienybarno.es\/blog\/wp-content\/uploads\/2020\/12\/stepienybarno-La-extraordinaria-vida-de-Guastavino-el-arquitecto-picaro-de-Nueva-York-postdeldia.jpg 1500w, https:\/\/stepienybarno.es\/blog\/wp-content\/uploads\/2020\/12\/stepienybarno-La-extraordinaria-vida-de-Guastavino-el-arquitecto-picaro-de-Nueva-York-postdeldia-550x325.jpg 550w, https:\/\/stepienybarno.es\/blog\/wp-content\/uploads\/2020\/12\/stepienybarno-La-extraordinaria-vida-de-Guastavino-el-arquitecto-picaro-de-Nueva-York-postdeldia-1024x605.jpg 1024w, https:\/\/stepienybarno.es\/blog\/wp-content\/uploads\/2020\/12\/stepienybarno-La-extraordinaria-vida-de-Guastavino-el-arquitecto-picaro-de-Nueva-York-postdeldia-180x106.jpg 180w, https:\/\/stepienybarno.es\/blog\/wp-content\/uploads\/2020\/12\/stepienybarno-La-extraordinaria-vida-de-Guastavino-el-arquitecto-picaro-de-Nueva-York-postdeldia-316x187.jpg 316w\" sizes=\"(max-width: 1500px) 100vw, 1500px\" \/><\/p>\n<h1><strong>Por: <\/strong><span class=\"css-acjdas\"><strong>Ferran Bono<br \/>\n<\/strong><\/span><\/h1>\n<h2><strong>Desde: El Pa\u00eds<\/strong><\/h2>\n<p><!--more--><\/p>\n<div id=\"article_header\" class=\"a_hg basic | \">\n<p class=\"a_st font_secondary color_gray_dark \"><strong>Los escritores Javier Moro y Andr\u00e9s Barba coinciden en la publicaci\u00f3n de sendas obras biogr\u00e1ficas sobre el constructor valenciano, pero con puntos de vista casi divergentes<\/strong><\/p>\n<\/div>\n<p>Su vida fue de pel\u00edcula y su obra, tambi\u00e9n. Por eso, <strong>Rafael Guastavino<\/strong>\u00a0ha dejado de pertenecer en exclusiva al mundo de la arquitectura y de la construcci\u00f3n para convertirse tambi\u00e9n en objeto de inter\u00e9s literario. Hasta el punto de que dos conocidos escritores espa\u00f1oles,\u00a0Javier Moro\u00a0y\u00a0Andr\u00e9s Barba, han publicado en apenas un mes sendos libros sobre la extraordinaria historia de este encantador de serpientes que huy\u00f3 con su criada a Nueva York en el siglo XIX, sin contactos ni hablar ingl\u00e9s.\u00a0Guastavino\u00a0lleg\u00f3 a codearse con las mayores fortunas gracias a su ingenio para patentar, con la imprescindible ayuda de uno de sus cuatro hijos, un sistema constructivo de b\u00f3vedas tabicadas conocido en el Mediterr\u00e1neo hac\u00eda siglos.<\/p>\n<p>&nbsp;<\/p>\n<p style=\"text-align: center;\">Acceder al Post <a href=\"https:\/\/bit.ly\/3rkZxdx\" target=\"_blank\" rel=\"noopener noreferrer\">AQU\u00cd<\/a><\/p>\n<p>&nbsp;<\/p>\n<p><iframe loading=\"lazy\" title=\"\u00bfPara qu\u00e9 sirve un ARQUITECTO \/a? Por Jordi Ludevid\" width=\"911\" height=\"512\" src=\"https:\/\/www.youtube.com\/embed\/videoseries?list=PL9KCMehqFIajpdVXSncYV0J1ef6ms4zRx\" frameborder=\"0\" allow=\"accelerometer; autoplay; clipboard-write; encrypted-media; gyroscope; picture-in-picture\" allowfullscreen><\/iframe><\/p>\n<hr \/>\n<h5><strong>Autores del post: <a href=\"https:\/\/stepienybarno.es\/blog\/2011\/09\/04\/las-fortalezas-del-arquitecto\/\">Stepienybarno<\/a> _ Agnieszka Stepien y Lorenzo Barn\u00f3<\/strong><\/h5>\n<h5>Y como siempre, si te gust\u00f3 el post, estar\u00eda genial que lo compartas en tus redes sociales.<\/h5>\n<h5>A su vez, si todav\u00eda no est\u00e1s suscrito a nuestra Newsletter, te animamos a hacerlo en la casilla que tienes al terminar este art\u00edculo.<\/h5>\n<p>&nbsp;<\/p>\n<blockquote><p>Suscribirte a nuestro blog y recibe gratis nuestra gu\u00eda: 10 Ideas para vender m\u00e1s si eres arquitecto<\/p>\n<p>Acceder: <a href=\"http:\/\/bit.ly\/2fkkTS7\">http:\/\/bit.ly\/2fkkTS7<\/a><\/p>\n<p>&nbsp;<\/p>\n<p>Si te interesa contactar con nosotros para que te ayudemos a mejorar tu visibilidad online y, en consecuencia, mejorar tus oportunidades laborales, no dudes en escribirnos a: <a href=\"mailto:blog@stepienybarno.es\">blog@stepienybarno.es<\/a><\/p><\/blockquote>\n<p>&nbsp;<\/p>\n<p><em><a href=\"https:\/\/twitter.com\/stepienybarno\">Stepienybarno en TWITTER<\/a><\/em><\/p>\n<p><em><a href=\"https:\/\/twitter.com\/stepienybarno\">@stepienybarno (+ de 16.000 seguidores)<\/a><\/em><\/p>\n<p><em><a href=\"https:\/\/twitter.com\/stepienybarno?lang=es\">https:\/\/twitter.com\/stepienybarno?lang=es<\/a><\/em><\/p>\n<p><em><a href=\"https:\/\/www.facebook.com\/pages\/BLOG-DE-STEPIENYBARNO\/78001079029\">Stepienybarno en FACEBOOK (+ de 24<u>.000 seguidores)<\/u><\/a><\/em><\/p>\n<p><em><a href=\"https:\/\/www.facebook.com\/StepienyBarnoArquitecturaeIdentidadDigital\/\">https:\/\/www.facebook.com\/StepienyBarnoArquitecturaeIdentidadDigital\/<\/a><\/em><\/p>\n<p><em>Acceder a nuestro GRUPO CERRADO DE FACEBOOK sobre Identidad Digital para Arquitectos:<\/em><\/p>\n<p><em><a href=\"https:\/\/www.facebook.com\/groups\/IdentidadDigitalParaArquitectos\/\">https:\/\/www.facebook.com\/groups\/IdentidadDigitalParaArquitectos\/<\/a><\/em><\/p>\n<p><em>Suscr\u00edbete a nuestro canal de YOUTUBE: <a href=\"http:\/\/bit.ly\/2A1UtAd\">http:\/\/bit.ly\/2A1UtAd<\/a><\/em><\/p>\n<p>&nbsp;<\/p>\n<p>* <a href=\"https:\/\/stepienybarno.es\/blog\/2011\/09\/04\/las-fortalezas-del-arquitecto\/\">Stepienybarno<\/a> est\u00e1 formado por Agnieszka Stepien y Lorenzo Barn\u00f3 y desde mayo del 2009 estamos en la red con la presente publicaci\u00f3n digital (Blog) de arquitectura.<\/p>\n<p>Nuestra actividad se sustenta en tres pilares b\u00e1sicos: la investigaci\u00f3n, la publicaci\u00f3n y la redacci\u00f3n de proyectos de arquitectura.<\/p>\n<p>A su vez, somos socios cofundadores de <a href=\"http:\/\/sinergiasostenible.org\/\">SINERGIA SOSTENIBLE<\/a> y directores del blog de FUNDACI\u00d3N ARQUIA.<\/p>\n","protected":false},"excerpt":{"rendered":"<p>Por: Ferran Bono Desde: El Pa\u00eds<\/p>\n","protected":false},"author":2,"featured_media":45398,"comment_status":"open","ping_status":"closed","sticky":false,"template":"","format":"standard","meta":{"om_disable_all_campaigns":false,"_monsterinsights_skip_tracking":false,"_monsterinsights_sitenote_active":false,"_monsterinsights_sitenote_note":"","_monsterinsights_sitenote_category":0,"_uf_show_specific_survey":0,"_uf_disable_surveys":false,"episode_type":"audio","audio_file":"","cover_image":"","cover_image_id":"","duration":"","filesize":"","date_recorded":"","explicit":"","block":"","filesize_raw":"","footnotes":""},"categories":[244],"tags":[],"series":[],"class_list":["post-45395","post","type-post","status-publish","format-standard","has-post-thumbnail","hentry","category-canal-de-arquitectura"],"aioseo_notices":[],"episode_featured_image":"https:\/\/stepienybarno.es\/blog\/wp-content\/uploads\/2020\/12\/stepienybarno-La-extraordinaria-vida-de-Guastavino-el-arquitecto-picaro-de-Nueva-York-postdeldia.jpg","episode_player_image":"https:\/\/stepienybarno.es\/blog\/wp-content\/uploads\/2020\/11\/stepienybarno-podcast-scaled.jpg","download_link":"","player_link":"","audio_player":false,"episode_data":{"playerMode":"dark","subscribeUrls":[],"rssFeedUrl":"https:\/\/stepienybarno.es\/blog\/feed\/podcast\/podcast-de-stepienybarno","embedCode":"<blockquote class=\"wp-embedded-content\" data-secret=\"yCplZW6pZQ\"><a href=\"https:\/\/stepienybarno.es\/blog\/2020\/12\/24\/la-extraordinaria-vida-de-guastavino-el-arquitecto-picaro-de-nueva-york\/\">La extraordinaria vida de Guastavino, el arquitecto p\u00edcaro de Nueva York<\/a><\/blockquote><iframe sandbox=\"allow-scripts\" security=\"restricted\" src=\"https:\/\/stepienybarno.es\/blog\/2020\/12\/24\/la-extraordinaria-vida-de-guastavino-el-arquitecto-picaro-de-nueva-york\/embed\/#?secret=yCplZW6pZQ\" width=\"500\" height=\"350\" title=\"\u00abLa extraordinaria vida de Guastavino, el arquitecto p\u00edcaro de Nueva York\u00bb \u2014 Blog de STEPIEN Y BARNO - publicaci\u00f3n digital sobre arquitectura\" data-secret=\"yCplZW6pZQ\" frameborder=\"0\" marginwidth=\"0\" marginheight=\"0\" scrolling=\"no\" class=\"wp-embedded-content\"><\/iframe><script type=\"text\/javascript\">\n\/* <![CDATA[ *\/\n\/*! This file is auto-generated *\/\n!function(d,l){\"use strict\";l.querySelector&&d.addEventListener&&\"undefined\"!=typeof URL&&(d.wp=d.wp||{},d.wp.receiveEmbedMessage||(d.wp.receiveEmbedMessage=function(e){var t=e.data;if((t||t.secret||t.message||t.value)&&!\/[^a-zA-Z0-9]\/.test(t.secret)){for(var s,r,n,a=l.querySelectorAll('iframe[data-secret=\"'+t.secret+'\"]'),o=l.querySelectorAll('blockquote[data-secret=\"'+t.secret+'\"]'),c=new RegExp(\"^https?:$\",\"i\"),i=0;i<o.length;i++)o[i].style.display=\"none\";for(i=0;i<a.length;i++)s=a[i],e.source===s.contentWindow&&(s.removeAttribute(\"style\"),\"height\"===t.message?(1e3<(r=parseInt(t.value,10))?r=1e3:~~r<200&&(r=200),s.height=r):\"link\"===t.message&&(r=new URL(s.getAttribute(\"src\")),n=new URL(t.value),c.test(n.protocol))&&n.host===r.host&&l.activeElement===s&&(d.top.location.href=t.value))}},d.addEventListener(\"message\",d.wp.receiveEmbedMessage,!1),l.addEventListener(\"DOMContentLoaded\",function(){for(var e,t,s=l.querySelectorAll(\"iframe.wp-embedded-content\"),r=0;r<s.length;r++)(t=(e=s[r]).getAttribute(\"data-secret\"))||(t=Math.random().toString(36).substring(2,12),e.src+=\"#?secret=\"+t,e.setAttribute(\"data-secret\",t)),e.contentWindow.postMessage({message:\"ready\",secret:t},\"*\")},!1)))}(window,document);\n\/* ]]> *\/\n<\/script>\n"},"_links":{"self":[{"href":"https:\/\/stepienybarno.es\/blog\/wp-json\/wp\/v2\/posts\/45395"}],"collection":[{"href":"https:\/\/stepienybarno.es\/blog\/wp-json\/wp\/v2\/posts"}],"about":[{"href":"https:\/\/stepienybarno.es\/blog\/wp-json\/wp\/v2\/types\/post"}],"author":[{"embeddable":true,"href":"https:\/\/stepienybarno.es\/blog\/wp-json\/wp\/v2\/users\/2"}],"replies":[{"embeddable":true,"href":"https:\/\/stepienybarno.es\/blog\/wp-json\/wp\/v2\/comments?post=45395"}],"version-history":[{"count":1,"href":"https:\/\/stepienybarno.es\/blog\/wp-json\/wp\/v2\/posts\/45395\/revisions"}],"predecessor-version":[{"id":45399,"href":"https:\/\/stepienybarno.es\/blog\/wp-json\/wp\/v2\/posts\/45395\/revisions\/45399"}],"wp:featuredmedia":[{"embeddable":true,"href":"https:\/\/stepienybarno.es\/blog\/wp-json\/wp\/v2\/media\/45398"}],"wp:attachment":[{"href":"https:\/\/stepienybarno.es\/blog\/wp-json\/wp\/v2\/media?parent=45395"}],"wp:term":[{"taxonomy":"category","embeddable":true,"href":"https:\/\/stepienybarno.es\/blog\/wp-json\/wp\/v2\/categories?post=45395"},{"taxonomy":"post_tag","embeddable":true,"href":"https:\/\/stepienybarno.es\/blog\/wp-json\/wp\/v2\/tags?post=45395"},{"taxonomy":"series","embeddable":true,"href":"https:\/\/stepienybarno.es\/blog\/wp-json\/wp\/v2\/series?post=45395"}],"curies":[{"name":"wp","href":"https:\/\/api.w.org\/{rel}","templated":true}]}}