{"id":45698,"date":"2021-01-12T11:44:49","date_gmt":"2021-01-12T09:44:49","guid":{"rendered":"https:\/\/www.stepienybarno.es\/blog\/?p=45698"},"modified":"2021-01-12T11:44:49","modified_gmt":"2021-01-12T09:44:49","slug":"episodio-68-arquicafe-con-pau-m-just","status":"publish","type":"post","link":"https:\/\/stepienybarno.es\/blog\/2021\/01\/12\/episodio-68-arquicafe-con-pau-m-just\/","title":{"rendered":"Episodio 68: Arquicaf\u00e9 con Pau M Just"},"content":{"rendered":"<!--[if lt IE 9]><script>document.createElement('audio');<\/script><![endif]-->\n<audio class=\"wp-audio-shortcode\" id=\"audio-45698-1\" preload=\"none\" style=\"width: 100%;\" controls=\"controls\"><source type=\"audio\/mpeg\" src=\"https:\/\/stepienybarno.es\/blog\/wp-content\/uploads\/2021\/01\/68-arquicafe-Pau-Martinez-Just.mp3?_=1\" \/><a href=\"https:\/\/stepienybarno.es\/blog\/wp-content\/uploads\/2021\/01\/68-arquicafe-Pau-Martinez-Just.mp3\">https:\/\/stepienybarno.es\/blog\/wp-content\/uploads\/2021\/01\/68-arquicafe-Pau-Martinez-Just.mp3<\/a><\/audio>\n<p><img loading=\"lazy\" decoding=\"async\" class=\"aligncenter size-full wp-image-45700\" src=\"https:\/\/stepienybarno.es\/blog\/wp-content\/uploads\/2021\/01\/Stepienybarno-dario-nunez-pau-martinez-just-arquicafe.png\" alt=\"\" width=\"1280\" height=\"720\" srcset=\"https:\/\/stepienybarno.es\/blog\/wp-content\/uploads\/2021\/01\/Stepienybarno-dario-nunez-pau-martinez-just-arquicafe.png 1280w, https:\/\/stepienybarno.es\/blog\/wp-content\/uploads\/2021\/01\/Stepienybarno-dario-nunez-pau-martinez-just-arquicafe-550x309.png 550w, https:\/\/stepienybarno.es\/blog\/wp-content\/uploads\/2021\/01\/Stepienybarno-dario-nunez-pau-martinez-just-arquicafe-1024x576.png 1024w, https:\/\/stepienybarno.es\/blog\/wp-content\/uploads\/2021\/01\/Stepienybarno-dario-nunez-pau-martinez-just-arquicafe-180x101.png 180w, https:\/\/stepienybarno.es\/blog\/wp-content\/uploads\/2021\/01\/Stepienybarno-dario-nunez-pau-martinez-just-arquicafe-316x178.png 316w\" sizes=\"(max-width: 1280px) 100vw, 1280px\" \/><\/p>\n<p>Hoy nos tomamos un Arquicaf\u00e9 con <strong>Pau Martinez Just<\/strong><\/p>\n<p>Alberto es el creador de uno de nuestros canales de youtube favoritos, <a href=\"https:\/\/www.youtube.com\/channel\/UCekCHlQ3WLsSXPMXF4V56HA\"><strong><em>Deconstruyendo el cine , todo sobre la arquitectura de tu pelis.<\/em><\/strong><\/a><!--more--><\/p>\n<div class=\"fusion-text\">\n<p>Pau M Just es Arquitecto con master habilitante por la Universidad Polit\u00e9cnica de Catalu\u00f1a desde 2018. Ha colaborado y colabora con diferentes estudios de Arquitectura como Junior Architect, como es el caso de Cloud 9 Enric Ruiz Geli o Udeu Arquitectura, en el que se encuentra actualmente y que sin duda recomendamos que visit\u00e9is su web.<\/p>\n<p>En Marzo del a\u00f1o 2020 crea este canal como herramienta de expresi\u00f3n, y le ha llevado a tener un alto numero de subscriptores y visualizaciones , mucho que aprender de cine y arquitectura, y por su puesto de youtube. Gracias Pau por tu amabilidad y tu tiempo.<\/p>\n<\/div>\n<p>Puedes encontrar a Pau M Just:<\/p>\n<p>-Youtube: <strong>deconstruyendo el cine. <\/strong><\/p>\n<p><a href=\"https:\/\/www.youtube.com\/channel\/UCekCHlQ3WLsSXPMXF4V56HA\">ENLACE AQU\u00cd<\/a><\/p>\n<p>-Twitter: <strong>@paumjust<\/strong><strong>st\u00a0 <\/strong><\/p>\n<p><a href=\"https:\/\/twitter.com\/paumjust\">ENLACE AQU\u00cd<\/a><\/p>\n<p>&nbsp;<\/p>\n<p>Esperamos que disfrut\u00e9is con este Arquicaf\u00e9 , nos gusta hablar con j\u00f3venes Arquitectos como Pau y que nos cuente su experiencia en los primeros a\u00f1os de vida profesional .<\/p>\n<p>&nbsp;<\/p>\n<p><iframe loading=\"lazy\" title=\"Arquicafe\u0301 Pau Marti\u0301nez Just\" width=\"911\" height=\"512\" src=\"https:\/\/www.youtube.com\/embed\/1vGr7RwjD2I?feature=oembed\" frameborder=\"0\" allow=\"accelerometer; autoplay; clipboard-write; encrypted-media; gyroscope; picture-in-picture\" allowfullscreen><\/iframe><\/p>\n<p>Puedes ver a Pau M Just en la intervenci\u00f3n que realiz\u00f3 en nuestros programa sobre Arquitectura en Instagram #Instatectura:<\/p>\n<p>&#8211;<a href=\"https:\/\/stepienybarno.es\/blog\/2021\/01\/04\/episodio-66-instatectura-la-semana-en-syb-arquicafe-con-pau-m-just-concurso-chamartin-y-consejos-cumplir-propositos\/\">Instatectura con Pau M Just<\/a><\/p>\n","protected":false},"excerpt":{"rendered":"<p>Hoy nos tomamos un Arquicaf\u00e9 con Pau Martinez Just Alberto<\/p>\n","protected":false},"author":2,"featured_media":45700,"comment_status":"open","ping_status":"closed","sticky":false,"template":"","format":"standard","meta":{"om_disable_all_campaigns":false,"_monsterinsights_skip_tracking":false,"_monsterinsights_sitenote_active":false,"_monsterinsights_sitenote_note":"","_monsterinsights_sitenote_category":0,"_uf_show_specific_survey":0,"_uf_disable_surveys":false,"episode_type":"audio","audio_file":"https:\/\/stepienybarno.es\/blog\/wp-content\/uploads\/2021\/01\/68-arquicafe-Pau-Martinez-Just.mp3","cover_image":"","cover_image_id":"","duration":"21:44","filesize":"13.52M","date_recorded":"","explicit":"","block":"","filesize_raw":"14181722","footnotes":""},"categories":[34],"tags":[7777,8513,4199,8499,8498,7997],"series":[10115],"class_list":["post-45698","post","type-post","status-publish","format-standard","has-post-thumbnail","hentry","category-actualidad","tag-arquicafe","tag-entrevistarquitecto","tag-dario-nunez","tag-deconstruyendo-el-cine","tag-pau-m-just","tag-podcast","series-podcast-de-stepienybarno"],"aioseo_notices":[],"episode_featured_image":"https:\/\/stepienybarno.es\/blog\/wp-content\/uploads\/2021\/01\/Stepienybarno-dario-nunez-pau-martinez-just-arquicafe.png","episode_player_image":"https:\/\/stepienybarno.es\/blog\/wp-content\/uploads\/2020\/11\/stepienybarno-podcast-scaled.jpg","download_link":"https:\/\/stepienybarno.es\/blog\/podcast-download\/45698\/episodio-68-arquicafe-con-pau-m-just.mp3","player_link":"https:\/\/stepienybarno.es\/blog\/podcast-player\/45698\/episodio-68-arquicafe-con-pau-m-just.mp3","audio_player":"<audio class=\"wp-audio-shortcode\" id=\"audio-45698-2\" preload=\"none\" style=\"width: 100%;\" controls=\"controls\"><source type=\"audio\/mpeg\" src=\"https:\/\/stepienybarno.es\/blog\/podcast-player\/45698\/episodio-68-arquicafe-con-pau-m-just.mp3?_=2\" \/><a href=\"https:\/\/stepienybarno.es\/blog\/podcast-player\/45698\/episodio-68-arquicafe-con-pau-m-just.mp3\">https:\/\/stepienybarno.es\/blog\/podcast-player\/45698\/episodio-68-arquicafe-con-pau-m-just.mp3<\/a><\/audio>","episode_data":{"playerMode":"dark","subscribeUrls":[],"rssFeedUrl":"https:\/\/stepienybarno.es\/blog\/feed\/podcast\/podcast-de-stepienybarno","embedCode":"<blockquote class=\"wp-embedded-content\" data-secret=\"amdhTAMv9K\"><a href=\"https:\/\/stepienybarno.es\/blog\/2021\/01\/12\/episodio-68-arquicafe-con-pau-m-just\/\">Episodio 68: Arquicaf\u00e9 con Pau M Just<\/a><\/blockquote><iframe sandbox=\"allow-scripts\" security=\"restricted\" src=\"https:\/\/stepienybarno.es\/blog\/2021\/01\/12\/episodio-68-arquicafe-con-pau-m-just\/embed\/#?secret=amdhTAMv9K\" width=\"500\" height=\"350\" title=\"\u00abEpisodio 68: Arquicaf\u00e9 con Pau M Just\u00bb \u2014 Blog de STEPIEN Y BARNO - publicaci\u00f3n digital sobre arquitectura\" data-secret=\"amdhTAMv9K\" frameborder=\"0\" marginwidth=\"0\" marginheight=\"0\" scrolling=\"no\" class=\"wp-embedded-content\"><\/iframe><script type=\"text\/javascript\">\n\/* <![CDATA[ *\/\n\/*! This file is auto-generated *\/\n!function(d,l){\"use strict\";l.querySelector&&d.addEventListener&&\"undefined\"!=typeof URL&&(d.wp=d.wp||{},d.wp.receiveEmbedMessage||(d.wp.receiveEmbedMessage=function(e){var t=e.data;if((t||t.secret||t.message||t.value)&&!\/[^a-zA-Z0-9]\/.test(t.secret)){for(var s,r,n,a=l.querySelectorAll('iframe[data-secret=\"'+t.secret+'\"]'),o=l.querySelectorAll('blockquote[data-secret=\"'+t.secret+'\"]'),c=new RegExp(\"^https?:$\",\"i\"),i=0;i<o.length;i++)o[i].style.display=\"none\";for(i=0;i<a.length;i++)s=a[i],e.source===s.contentWindow&&(s.removeAttribute(\"style\"),\"height\"===t.message?(1e3<(r=parseInt(t.value,10))?r=1e3:~~r<200&&(r=200),s.height=r):\"link\"===t.message&&(r=new URL(s.getAttribute(\"src\")),n=new URL(t.value),c.test(n.protocol))&&n.host===r.host&&l.activeElement===s&&(d.top.location.href=t.value))}},d.addEventListener(\"message\",d.wp.receiveEmbedMessage,!1),l.addEventListener(\"DOMContentLoaded\",function(){for(var e,t,s=l.querySelectorAll(\"iframe.wp-embedded-content\"),r=0;r<s.length;r++)(t=(e=s[r]).getAttribute(\"data-secret\"))||(t=Math.random().toString(36).substring(2,12),e.src+=\"#?secret=\"+t,e.setAttribute(\"data-secret\",t)),e.contentWindow.postMessage({message:\"ready\",secret:t},\"*\")},!1)))}(window,document);\n\/* ]]> *\/\n<\/script>\n"},"_links":{"self":[{"href":"https:\/\/stepienybarno.es\/blog\/wp-json\/wp\/v2\/posts\/45698"}],"collection":[{"href":"https:\/\/stepienybarno.es\/blog\/wp-json\/wp\/v2\/posts"}],"about":[{"href":"https:\/\/stepienybarno.es\/blog\/wp-json\/wp\/v2\/types\/post"}],"author":[{"embeddable":true,"href":"https:\/\/stepienybarno.es\/blog\/wp-json\/wp\/v2\/users\/2"}],"replies":[{"embeddable":true,"href":"https:\/\/stepienybarno.es\/blog\/wp-json\/wp\/v2\/comments?post=45698"}],"version-history":[{"count":11,"href":"https:\/\/stepienybarno.es\/blog\/wp-json\/wp\/v2\/posts\/45698\/revisions"}],"predecessor-version":[{"id":45802,"href":"https:\/\/stepienybarno.es\/blog\/wp-json\/wp\/v2\/posts\/45698\/revisions\/45802"}],"wp:featuredmedia":[{"embeddable":true,"href":"https:\/\/stepienybarno.es\/blog\/wp-json\/wp\/v2\/media\/45700"}],"wp:attachment":[{"href":"https:\/\/stepienybarno.es\/blog\/wp-json\/wp\/v2\/media?parent=45698"}],"wp:term":[{"taxonomy":"category","embeddable":true,"href":"https:\/\/stepienybarno.es\/blog\/wp-json\/wp\/v2\/categories?post=45698"},{"taxonomy":"post_tag","embeddable":true,"href":"https:\/\/stepienybarno.es\/blog\/wp-json\/wp\/v2\/tags?post=45698"},{"taxonomy":"series","embeddable":true,"href":"https:\/\/stepienybarno.es\/blog\/wp-json\/wp\/v2\/series?post=45698"}],"curies":[{"name":"wp","href":"https:\/\/api.w.org\/{rel}","templated":true}]}}