{"id":4572,"date":"2011-11-25T10:41:55","date_gmt":"2011-11-25T08:41:55","guid":{"rendered":"https:\/\/www.stepienybarno.es\/blog\/?p=4572"},"modified":"2011-11-25T13:08:04","modified_gmt":"2011-11-25T11:08:04","slug":"natalicio-de-jose-antonio-coderch","status":"publish","type":"post","link":"https:\/\/stepienybarno.es\/blog\/2011\/11\/25\/natalicio-de-jose-antonio-coderch\/","title":{"rendered":"NATALICIO DE JOS\u00c9 ANTONIO CODERCH."},"content":{"rendered":"<p style=\"text-align: center;\"><img loading=\"lazy\" decoding=\"async\" class=\"aligncenter size-full wp-image-4573\" title=\"J_A_ Coderch en stepinybarno\" src=\"https:\/\/stepienybarno.es\/blog\/wp-content\/uploads\/2011\/11\/J_A_-Coderch-en-stepinybarno.jpg\" alt=\"J_A_ Coderch en stepinybarno\" width=\"220\" height=\"309\" srcset=\"https:\/\/stepienybarno.es\/blog\/wp-content\/uploads\/2011\/11\/J_A_-Coderch-en-stepinybarno.jpg 220w, https:\/\/stepienybarno.es\/blog\/wp-content\/uploads\/2011\/11\/J_A_-Coderch-en-stepinybarno-128x180.jpg 128w\" sizes=\"(max-width: 220px) 100vw, 220px\" \/><\/p>\n<p style=\"text-align: center;\">Fotograf\u00eda realizada por Elvira Coderch <span style=\"color: #888888;\"> (1)<\/span><\/p>\n<p>Ma\u00f1ana, s\u00e1bado 26 de noviembre, \u00a0cumplir\u00eda 98 a\u00f1os uno de los mejores arquitectos espa\u00f1oles del siglo XX: Jos\u00e9 Antonio Coderch.<\/p>\n<p><!--more--><\/p>\n<p>1913, es el a\u00f1o m\u00e1gico en el que varios de los arquitectos m\u00e1s importantes del siglo XX tuvieron a bien venir a este mundo; uno de ellos fue Coderch, referencia absoluta de varias generaciones de arquitectos.\u00a0 Nosotros lo tenemos entre nuestras preferencias y creemos que es uno de los arquitectos de quien m\u00e1s se puede aprender.<\/p>\n<p>En su quehacer diario apost\u00f3 por la \u00e9tica como parte fundamental del mismo, haciendo de la arquitectura una bandera de servicio\u00a0 hacia\u00a0 la sociedad.<\/p>\n<p>Para un d\u00eda tan se\u00f1alado como el presente quer\u00edamos rescatar unas palabras sobre el arquitecto catal\u00e1n salidas de la pluma de Rafael Diez;<\/p>\n<p>\u201c(\u2026) su inter\u00e9s no era figurativo. Tampoco propon\u00eda una arquitectura informalista, como algunos expresionismos que, bajo negaci\u00f3n de la formalidad del figura, se quedan tan s\u00f3lo con lo que \u00e9sta tiene de imagen. Se podr\u00eda decir que era un \u201caformalista\u201d, en el sentido de que, aunque trabaja con figuras, no toma decisiones figurativas. Y esa renuncia no deja de ser una decisi\u00f3n que b\u00e1sicamente responde a su postura \u00e9tica.\u201d (\u2026)<\/p>\n<p><span style=\"color: #808080;\">&#8212;&#8212;&#8212;&#8212;&#8212;&#8212;&#8212;&#8212;&#8212;&#8212;&#8212;&#8212;&#8212;&#8212;&#8212;&#8212;&#8212;&#8212;&#8212;&#8212;&#8212;&#8212;&#8212;&#8212;&#8212;&#8212;&#8212;&#8212;&#8212;&#8212;&#8212;&#8212;&#8212;&#8212;<\/span><\/p>\n<p><span style=\"color: #808080;\">(1) _ La fotograf\u00eda fue atribuida, en un principio,\u00a0err\u00f3neamente\u00a0a Catal\u00e0-Roca cuando la autora de la imagen es su propia hija: Elvira Coderch.<\/span><\/p>\n<p><span style=\"color: #808080;\">&#8212;&#8212;&#8212;&#8212;&#8212;&#8212;&#8212;&#8212;&#8212;&#8212;&#8212;-<\/span><\/p>\n<p align=\"left\">Y si te gust\u00f3 la entrada, quiz\u00e1s quieras echar un ojo a nuestro Canal de arquitectura. <a href=\"https:\/\/stepienybarno.es\/blog\/category\/canal-de-arquitectura\/\">Acceder.<\/a><\/p>\n<p align=\"left\">\n<p align=\"left\">Noticia seleccionada por el Canal de arquitectura STEPIENYBARNO.<\/p>\n<p align=\"left\"><a href=\"http:\/\/www.linkedin.com\/company\/stepienybarno\">STEPIENYBARNO EN LINKEDIN<\/a><\/p>\n<p align=\"left\"><a href=\"http:\/\/twitter.com\/stepienybarno\/stepienybarno\">STEPIENYBARNO EN TWITTER<\/a><\/p>\n<p align=\"left\"><a href=\"https:\/\/www.facebook.com\/StepienybarnoCANAL\">STEPIENYBARNO EN FACEBOOK<\/a><\/p>\n<p align=\"left\">\n<p align=\"left\">*Stepienybarno est\u00e1 formado por Agnieszka Stepien y Lorenzo Barn\u00f3 y desde mayo del 2009 estamos en la red con\u00a0 la presente publicaci\u00f3n digital (Blog) de arquitectura.<\/p>\n<p align=\"left\">Nuestra actividad se sustenta en tres pilares b\u00e1sicos: la investigaci\u00f3n, la publicaci\u00f3n (comunicaci\u00f3n y difusi\u00f3n) y la redacci\u00f3n de proyectos de arquitectura.<\/p>\n<p align=\"left\">A su vez, somos socios cofundadores de <a href=\"http:\/\/sinergiasostenible.org\/\">SINERGIA SOSTENIBLE<\/a> y redactores de <a href=\"http:\/\/www.laciudadviva.org\/blogs\/?author=45\">LA CIUDAD VIVA<\/a>.<\/p>\n","protected":false},"excerpt":{"rendered":"<p>\nMa\u00f1ana, s\u00e1bado 26 de noviembre,  cumplir\u00eda 98 a\u00f1os uno de los mejores arquitectos espa\u00f1oles del siglo XX: Jos\u00e9 Antonio Coderch.<\/p>\n","protected":false},"author":2,"featured_media":0,"comment_status":"open","ping_status":"closed","sticky":false,"template":"","format":"standard","meta":{"om_disable_all_campaigns":false,"_monsterinsights_skip_tracking":false,"_monsterinsights_sitenote_active":false,"_monsterinsights_sitenote_note":"","_monsterinsights_sitenote_category":0,"_uf_show_specific_survey":0,"_uf_disable_surveys":false,"episode_type":"","audio_file":"","cover_image":"","cover_image_id":"","duration":"","filesize":"","date_recorded":"","explicit":"","block":"","filesize_raw":"","footnotes":""},"categories":[34,244],"tags":[4274,9,346],"series":[],"class_list":["post-4572","post","type-post","status-publish","format-standard","hentry","category-actualidad","category-canal-de-arquitectura","tag-actualidad","tag-arquitectura","tag-jose-antonio-coderch"],"aioseo_notices":[],"episode_featured_image":false,"episode_player_image":"https:\/\/stepienybarno.es\/blog\/wp-content\/uploads\/2020\/11\/stepienybarno-podcast-scaled.jpg","download_link":"","player_link":"","audio_player":false,"episode_data":{"playerMode":"dark","subscribeUrls":[],"rssFeedUrl":"https:\/\/stepienybarno.es\/blog\/feed\/podcast\/podcast-de-stepienybarno","embedCode":"<blockquote class=\"wp-embedded-content\" data-secret=\"wvRPjQ2jwN\"><a href=\"https:\/\/stepienybarno.es\/blog\/2011\/11\/25\/natalicio-de-jose-antonio-coderch\/\">NATALICIO DE JOS\u00c9 ANTONIO CODERCH.<\/a><\/blockquote><iframe sandbox=\"allow-scripts\" security=\"restricted\" src=\"https:\/\/stepienybarno.es\/blog\/2011\/11\/25\/natalicio-de-jose-antonio-coderch\/embed\/#?secret=wvRPjQ2jwN\" width=\"500\" height=\"350\" title=\"\u00abNATALICIO DE JOS\u00c9 ANTONIO CODERCH.\u00bb \u2014 Blog de STEPIEN Y BARNO - publicaci\u00f3n digital sobre arquitectura\" data-secret=\"wvRPjQ2jwN\" frameborder=\"0\" marginwidth=\"0\" marginheight=\"0\" scrolling=\"no\" class=\"wp-embedded-content\"><\/iframe><script type=\"text\/javascript\">\n\/* <![CDATA[ *\/\n\/*! This file is auto-generated *\/\n!function(d,l){\"use strict\";l.querySelector&&d.addEventListener&&\"undefined\"!=typeof URL&&(d.wp=d.wp||{},d.wp.receiveEmbedMessage||(d.wp.receiveEmbedMessage=function(e){var t=e.data;if((t||t.secret||t.message||t.value)&&!\/[^a-zA-Z0-9]\/.test(t.secret)){for(var s,r,n,a=l.querySelectorAll('iframe[data-secret=\"'+t.secret+'\"]'),o=l.querySelectorAll('blockquote[data-secret=\"'+t.secret+'\"]'),c=new RegExp(\"^https?:$\",\"i\"),i=0;i<o.length;i++)o[i].style.display=\"none\";for(i=0;i<a.length;i++)s=a[i],e.source===s.contentWindow&&(s.removeAttribute(\"style\"),\"height\"===t.message?(1e3<(r=parseInt(t.value,10))?r=1e3:~~r<200&&(r=200),s.height=r):\"link\"===t.message&&(r=new URL(s.getAttribute(\"src\")),n=new URL(t.value),c.test(n.protocol))&&n.host===r.host&&l.activeElement===s&&(d.top.location.href=t.value))}},d.addEventListener(\"message\",d.wp.receiveEmbedMessage,!1),l.addEventListener(\"DOMContentLoaded\",function(){for(var e,t,s=l.querySelectorAll(\"iframe.wp-embedded-content\"),r=0;r<s.length;r++)(t=(e=s[r]).getAttribute(\"data-secret\"))||(t=Math.random().toString(36).substring(2,12),e.src+=\"#?secret=\"+t,e.setAttribute(\"data-secret\",t)),e.contentWindow.postMessage({message:\"ready\",secret:t},\"*\")},!1)))}(window,document);\n\/* ]]> *\/\n<\/script>\n"},"_links":{"self":[{"href":"https:\/\/stepienybarno.es\/blog\/wp-json\/wp\/v2\/posts\/4572"}],"collection":[{"href":"https:\/\/stepienybarno.es\/blog\/wp-json\/wp\/v2\/posts"}],"about":[{"href":"https:\/\/stepienybarno.es\/blog\/wp-json\/wp\/v2\/types\/post"}],"author":[{"embeddable":true,"href":"https:\/\/stepienybarno.es\/blog\/wp-json\/wp\/v2\/users\/2"}],"replies":[{"embeddable":true,"href":"https:\/\/stepienybarno.es\/blog\/wp-json\/wp\/v2\/comments?post=4572"}],"version-history":[{"count":8,"href":"https:\/\/stepienybarno.es\/blog\/wp-json\/wp\/v2\/posts\/4572\/revisions"}],"predecessor-version":[{"id":4576,"href":"https:\/\/stepienybarno.es\/blog\/wp-json\/wp\/v2\/posts\/4572\/revisions\/4576"}],"wp:attachment":[{"href":"https:\/\/stepienybarno.es\/blog\/wp-json\/wp\/v2\/media?parent=4572"}],"wp:term":[{"taxonomy":"category","embeddable":true,"href":"https:\/\/stepienybarno.es\/blog\/wp-json\/wp\/v2\/categories?post=4572"},{"taxonomy":"post_tag","embeddable":true,"href":"https:\/\/stepienybarno.es\/blog\/wp-json\/wp\/v2\/tags?post=4572"},{"taxonomy":"series","embeddable":true,"href":"https:\/\/stepienybarno.es\/blog\/wp-json\/wp\/v2\/series?post=4572"}],"curies":[{"name":"wp","href":"https:\/\/api.w.org\/{rel}","templated":true}]}}