{"id":45878,"date":"2021-01-19T16:58:36","date_gmt":"2021-01-19T14:58:36","guid":{"rendered":"https:\/\/www.stepienybarno.es\/blog\/?p=45878"},"modified":"2022-03-31T13:01:51","modified_gmt":"2022-03-31T11:01:51","slug":"episodio-69-instatectura-la-semana-en-syb-campo-baeza-lo-mas-leido-en-2020-y-la-silla-de-la-discordia","status":"publish","type":"post","link":"https:\/\/stepienybarno.es\/blog\/2021\/01\/19\/episodio-69-instatectura-la-semana-en-syb-campo-baeza-lo-mas-leido-en-2020-y-la-silla-de-la-discordia\/","title":{"rendered":"#Episodio 69. Instatectura la semana en SyB. Campo Baeza, lo mas le\u00eddo en 2020 y La silla de la discordia"},"content":{"rendered":"<p><img loading=\"lazy\" decoding=\"async\" class=\"aligncenter size-full wp-image-45880\" src=\"https:\/\/stepienybarno.es\/blog\/wp-content\/uploads\/2021\/01\/stepienybarno-instatectura-dario-nunez-amparo-martinez-vial-vitra-uxua-domblas-.png\" alt=\"\" width=\"1280\" height=\"720\" srcset=\"https:\/\/stepienybarno.es\/blog\/wp-content\/uploads\/2021\/01\/stepienybarno-instatectura-dario-nunez-amparo-martinez-vial-vitra-uxua-domblas-.png 1280w, https:\/\/stepienybarno.es\/blog\/wp-content\/uploads\/2021\/01\/stepienybarno-instatectura-dario-nunez-amparo-martinez-vial-vitra-uxua-domblas--550x309.png 550w, https:\/\/stepienybarno.es\/blog\/wp-content\/uploads\/2021\/01\/stepienybarno-instatectura-dario-nunez-amparo-martinez-vial-vitra-uxua-domblas--1024x576.png 1024w, https:\/\/stepienybarno.es\/blog\/wp-content\/uploads\/2021\/01\/stepienybarno-instatectura-dario-nunez-amparo-martinez-vial-vitra-uxua-domblas--180x101.png 180w, https:\/\/stepienybarno.es\/blog\/wp-content\/uploads\/2021\/01\/stepienybarno-instatectura-dario-nunez-amparo-martinez-vial-vitra-uxua-domblas--316x178.png 316w\" sizes=\"(max-width: 1280px) 100vw, 1280px\" \/><\/p>\n<p>Como cada inicio de semana, os presentamos la sesi\u00f3n de Instatectura la semana en SyB, un repaso que haremos para comentaros en qu\u00e9 hemos estado y estamos metidos. En el instatectura de hoy hablaremos del Premio Nacional de <strong>Alberto Campo Baeza<\/strong>, de<strong> los 10 post mas vistos del blog<\/strong> de stepien y barno en 2020 y del evento organizado por vitra <strong>\u00abLa Silla de la discordia\u00bb<\/strong> con nuestra invitada Amparo Mart\u00ednez Vidal<\/p>\n<p><!--more--><\/p>\n<p>En el podcast de hoy podr\u00e9is escuchar c\u00f3mo Uxua y Dar\u00edo os contar\u00e1n un resumen de todas las actividades en las que estamos trabajando y tambi\u00e9n las pr\u00f3ximas que ir\u00e9is conociendo esta semana, con la inextimable colaoraci\u00f3n de la gran amiga de Stepien y Barno, Amparo martinez Vidal<\/p>\n<h2>Instatectura la semana en SyB<\/h2>\n<p>Nueva semana sobre Arquitectura, Identidad Digital y productividad.<\/p>\n<p>\ud83d\udc49\ud83c\udffc En esta ocasi\u00f3n hablamos :<\/p>\n<h3>Campo Baeza<\/h3>\n<p>\ud83e\udd47 El Premio Nacional de Arquitectura de Alberto Campo Baeza<\/p>\n<p><span class=\"style-scope yt-formatted-string\" dir=\"auto\"> Posts sobre ALBERTO CAMPO BAEZA, Premio Nacional de Arquitectura:<\/span><\/p>\n<p><span class=\"style-scope yt-formatted-string\" dir=\"auto\">&#8211; <\/span><a class=\"yt-simple-endpoint style-scope yt-formatted-string\" dir=\"auto\" spellcheck=\"false\" href=\"https:\/\/www.youtube.com\/redirect?stzid=UgxDD9SIOqJZohggSlx4AaABAg&amp;event=comments&amp;q=https%3A%2F%2Fstepienybarno.es%2Fblog%2F2021%2F01%2F13%2Fconcepto-hasta-la-terminacion-casa-raumplan-por-alberto-campo-baeza%2F&amp;redir_token=QUFFLUhqbkY4bHlacEFKQWFGUXU4VUN2OXk3cUxZNTVhUXxBQ3Jtc0tsMWRwUGg1cThQZWtkV0tFUUo0N2VtRFJRMDVjcXlqYm13R0szU1JKM2NPeXJIaFdfckdsWmxrSEpxNFYwdFJlTGVZbVhQNkhraUVPNEFyUWZfcU5ZRkRKTWpNOHNQUzN0M3hGR2IxclRYX1g4WEdzaw%3D%3D\" target=\"_blank\" rel=\"nofollow noopener noreferrer\">https:\/\/stepienybarno.es\/blog\/2021\/01\/13\/concepto-hasta-la-terminacion-casa-raumplan-por-alberto-campo-baeza\/<\/a><\/p>\n<p><span class=\"style-scope yt-formatted-string\" dir=\"auto\">&#8211; <\/span><a class=\"yt-simple-endpoint style-scope yt-formatted-string\" dir=\"auto\" spellcheck=\"false\" href=\"https:\/\/www.youtube.com\/redirect?stzid=UgxDD9SIOqJZohggSlx4AaABAg&amp;event=comments&amp;q=https%3A%2F%2Fstepienybarno.es%2Fblog%2F2021%2F01%2F04%2Fla-arquitectura-belleza-con-razon-de-necesidad%2F&amp;redir_token=QUFFLUhqbGtHV2ZpTklKeExIa1p6TkZDWmpTSWRDU2pFUXxBQ3Jtc0ttNVppcDhjNndtSkJLVFNUT1pvUHNVNVRuMUxpZHdIcm9nTDNwaGlmOE8xSUVUc0RDUmZwTTdFSjNLME5FMmFfMmJ1TE5fRGNIdVNicndFeGZmc1ViTU1vWlQzNmN6a2xIOUVySHNOY3k4WnNHMHdTNA%3D%3D\" target=\"_blank\" rel=\"nofollow noopener noreferrer\">https:\/\/stepienybarno.es\/blog\/2021\/01\/04\/la-arquitectura-belleza-con-razon-de-necesidad\/<\/a><\/p>\n<h3>Lo mas le\u00eddo de 2020 en Stepienybarno<\/h3>\n<p>\ud83e\uddd0 De los 10 art\u00edculos m\u00e1s le\u00eddos del blog stepienybarno en 2020 del que destacan \u00abLos padres de la arquitectura\u00bb; Asalto, Mies, Le Corbusier, Kahn y Wright.<\/p>\n<p><span class=\"style-scope yt-formatted-string\" dir=\"auto\">&#8211; <\/span><a class=\"yt-simple-endpoint style-scope yt-formatted-string\" dir=\"auto\" spellcheck=\"false\" href=\"https:\/\/www.youtube.com\/redirect?stzid=UgxDD9SIOqJZohggSlx4AaABAg&amp;event=comments&amp;q=https%3A%2F%2Fstepienybarno.es%2Fblog%2F2021%2F01%2F15%2F10-articulos-de-arquitectura-mas-leidos-blog-stepienybarno-del-ano%2F&amp;redir_token=QUFFLUhqbExnSklhWUp4VnlDVzVfQ2xJWkpZaXBGQ1RrQXxBQ3Jtc0tteWVZeWdVRE12X0d4MGxUZVNYS280ZS00blVjMGJoRktpcHFSQXJTUXA5V3Y3MEF1X3ZaQWw5VDI4WjR2dnBoS3hFR2liVmlKZ1kxN1ZzRVROU2VBMW14a2ZLNmRtOHpzYzNrTUtwVUdmRncxUWdISQ%3D%3D\" target=\"_blank\" rel=\"nofollow noopener noreferrer\">https:\/\/stepienybarno.es\/blog\/2021\/01\/15\/10-articulos-de-arquitectura-mas-leidos-blog-stepienybarno-del-ano\/<\/a><\/p>\n<p><span class=\"style-scope yt-formatted-string\" dir=\"auto\">&#8211; En especial \u00abLos padres de la arquitectura\u00bb: <\/span> <a class=\"yt-simple-endpoint style-scope yt-formatted-string\" dir=\"auto\" spellcheck=\"false\" href=\"https:\/\/www.youtube.com\/redirect?stzid=UgxDD9SIOqJZohggSlx4AaABAg&amp;event=comments&amp;q=https%3A%2F%2Fstepienybarno.es%2Fblog%2F2015%2F03%2F19%2Flos-padres-de-la-arquitectura%2F&amp;redir_token=QUFFLUhqa3ZRcEwyRGlkY0JScFRFbDlIVDFwZ3UyRFhUQXxBQ3Jtc0tuVHpEeFIwVHdHOXhQdkJPVXpwa2ROWGJnREZqNzE0WVVObEdaUVdlRXdYQTlJQlVxNHRIQTBuZ2hlQ2J2ZEkxZkZJdDBWYTBQU0FjX3o2ZTJzZmpoOGVZdzV0bTgydVhOaUcyQ1pVd2ZtekJiS3RjQQ%3D%3D\" target=\"_blank\" rel=\"nofollow noopener noreferrer\">https:\/\/stepienybarno.es\/blog\/2015\/03\/19\/los-padres-de-la-arquitectura\/<\/a><\/p>\n<h3>Evento de Vitra \u00abLa Silla de la discordia\u00bb<\/h3>\n<p>\ud83d\udc8e Vitra! y todos los eventos que tienen entre manos. Para esto s\u00ed, han contado con la participaci\u00f3n de Amparo con qui\u00e9n adem\u00e1s de repasar todo lo que Vitra tiene entre manos, han hablado en detalle sobre el libro de Pablo L\u00f3pez Mart\u00edn <a href=\"https:\/\/edicionesasimetricas.com\/La-silla-de-la-discordia-Mies-Breuer-y-Stam-Pablo-Lopez-Martin\">\u00abLa silla de la discordia\u00bb<\/a> y de las 3 conferencias vinculadas que trae consigo ediciones asim\u00e9tricas : Carme Pin\u00f3s , Pedro Feduchi y Santi de Molina hablando de escala, detalle y pensamiento.<\/p>\n<p><span class=\"style-scope yt-formatted-string\" dir=\"auto\">\u00abLA SILLA DE LA DISCORDIA\u00bb VITRA+ EDICIONES ASIM\u00c9TRICAS <\/span> <span class=\"style-scope yt-formatted-string\" dir=\"auto\">&#8211; <\/span><a class=\"yt-simple-endpoint style-scope yt-formatted-string\" dir=\"auto\" spellcheck=\"false\" href=\"https:\/\/www.youtube.com\/redirect?stzid=UgxDD9SIOqJZohggSlx4AaABAg&amp;event=comments&amp;q=https%3A%2F%2Fstepienybarno.es%2Fblog%2F2021%2F01%2F13%2Fsobre-sillas-que-vuelan%2F&amp;redir_token=QUFFLUhqbm1GU3JZeEJJSDh2RmVwbUpfSmxVejhsdG9vZ3xBQ3Jtc0trb1RUVV91aGxUbWItRmNha2M2VDNkWk9XM19BV0hUOXZlZzJtX3pHaFF6eFkzLXk3WV9vRzAybVVWWUI0TXJWOTZxcnNsSTRzUGxCTnQtU2kwLXBoVjZLYWcxckhDTHJlbEZnMkRYN0x4VFlUaE5Tcw%3D%3D\" target=\"_blank\" rel=\"nofollow noopener noreferrer\">https:\/\/stepienybarno.es\/blog\/2021\/01\/13\/sobre-sillas-que-vuelan\/<\/a><\/p>\n<p><span class=\"style-scope yt-formatted-string\" dir=\"auto\">RESE\u00d1A DE LA L\u00cdNEA DE MOBILIARIO DE CARME PIN\u00d3S:<\/span> <span class=\"style-scope yt-formatted-string\" dir=\"auto\">&#8211; <\/span><a class=\"yt-simple-endpoint style-scope yt-formatted-string\" dir=\"auto\" spellcheck=\"false\" href=\"https:\/\/www.youtube.com\/redirect?stzid=UgxDD9SIOqJZohggSlx4AaABAg&amp;event=comments&amp;q=http%3A%2F%2Fwww.objects.es%2F&amp;redir_token=QUFFLUhqbWRBdmtmbGxxYWVCTDhUZnQxWGN2c19OQTJMQXxBQ3Jtc0trTnBSVUJBTGxydWRXd1dkUk9mUzdpZkptNlNKSUFBYTA2UlZvQTAtZTZGZkpMUjVnTHlhQTV4Z0owckxzS3hIZ1VjU1ZDeFJKRF9TWnJoOEk5TUMtYV9hbmJOOGdvbVN1Z0dkNVlOQ3NFU1JyYmNMOA%3D%3D\" target=\"_blank\" rel=\"nofollow noopener noreferrer\">http:\/\/www.objects.es<\/a><\/p>\n<p>&nbsp;<\/p>\n<p>\u00a1Hasta la semana que viene \ud83d\ude4c \ud83d\ude46 !<\/p>\n<p>&nbsp;<\/p>\n<p style=\"text-align: center;\"><a href=\"https:\/\/stepienybarno.es\/blog\/category\/podcast\/\" class=\"kp-button medium-button\" target=\"_self\">escucha m\u00e1s podcast de stepienybarno<\/a><\/p>\n<p style=\"text-align: center;\">Tambi\u00e9n en <a href=\"https:\/\/www.ivoox.com\/podcast-stepienybarno-arquitectura_sq_f1856662_1.html\" target=\"_blank\" rel=\"noopener noreferrer\">IVOOX<\/a><\/p>\n<p><iframe loading=\"lazy\" title=\"VITRA, CAMPO BAEZA y LOS PADRES DE LA ARQUITECTURA. INSTATECTURA 20210118\" width=\"911\" height=\"512\" src=\"https:\/\/www.youtube.com\/embed\/NZKCDTU3LeM?feature=oembed\" frameborder=\"0\" allow=\"accelerometer; autoplay; clipboard-write; encrypted-media; gyroscope; picture-in-picture\" allowfullscreen><\/iframe><\/p>\n<p>&nbsp;<\/p>\n<h3>Esperamos que os haya gustado nuestro Instatectura la semana en SyB<\/h3>\n<p>&nbsp;<\/p>\n","protected":false},"excerpt":{"rendered":"<p>Como cada inicio de semana, os presentamos la sesi\u00f3n de<\/p>\n","protected":false},"author":2,"featured_media":45880,"comment_status":"open","ping_status":"closed","sticky":false,"template":"","format":"standard","meta":{"om_disable_all_campaigns":false,"_monsterinsights_skip_tracking":false,"_monsterinsights_sitenote_active":false,"_monsterinsights_sitenote_note":"","_monsterinsights_sitenote_category":0,"_uf_show_specific_survey":0,"_uf_disable_surveys":false,"episode_type":"audio","audio_file":"https:\/\/stepienybarno.es\/blog\/wp-content\/uploads\/2021\/01\/69-instatecura-1.mp3","cover_image":"","cover_image_id":"","duration":"35:01","filesize":"15.29M","date_recorded":"2021-01-19 16:58:36","explicit":"","block":"","filesize_raw":"16036726","footnotes":""},"categories":[34],"tags":[650,4339,4199,8526,7997,8529,1299,8524],"series":[10115],"class_list":["post-45878","post","type-post","status-publish","format-standard","has-post-thumbnail","hentry","category-actualidad","tag-alberto-campo-baeza","tag-amparo-martinez-vidal","tag-dario-nunez","tag-la-silla-de-la-discordia","tag-podcast","tag-post-mas-vistos-2020","tag-uxua-domblas","tag-vitra","series-podcast-de-stepienybarno"],"aioseo_notices":[],"episode_featured_image":"https:\/\/stepienybarno.es\/blog\/wp-content\/uploads\/2021\/01\/stepienybarno-instatectura-dario-nunez-amparo-martinez-vial-vitra-uxua-domblas-.png","episode_player_image":"https:\/\/stepienybarno.es\/blog\/wp-content\/uploads\/2020\/11\/stepienybarno-podcast-scaled.jpg","download_link":"https:\/\/stepienybarno.es\/blog\/podcast-download\/45878\/episodio-69-instatectura-la-semana-en-syb-campo-baeza-lo-mas-leido-en-2020-y-la-silla-de-la-discordia.mp3","player_link":"https:\/\/stepienybarno.es\/blog\/podcast-player\/45878\/episodio-69-instatectura-la-semana-en-syb-campo-baeza-lo-mas-leido-en-2020-y-la-silla-de-la-discordia.mp3","audio_player":"<!--[if lt IE 9]><script>document.createElement('audio');<\/script><![endif]-->\n<audio class=\"wp-audio-shortcode\" id=\"audio-45878-1\" preload=\"none\" style=\"width: 100%;\" controls=\"controls\"><source type=\"audio\/mpeg\" src=\"https:\/\/stepienybarno.es\/blog\/podcast-player\/45878\/episodio-69-instatectura-la-semana-en-syb-campo-baeza-lo-mas-leido-en-2020-y-la-silla-de-la-discordia.mp3?_=1\" \/><a href=\"https:\/\/stepienybarno.es\/blog\/podcast-player\/45878\/episodio-69-instatectura-la-semana-en-syb-campo-baeza-lo-mas-leido-en-2020-y-la-silla-de-la-discordia.mp3\">https:\/\/stepienybarno.es\/blog\/podcast-player\/45878\/episodio-69-instatectura-la-semana-en-syb-campo-baeza-lo-mas-leido-en-2020-y-la-silla-de-la-discordia.mp3<\/a><\/audio>","episode_data":{"playerMode":"dark","subscribeUrls":[],"rssFeedUrl":"https:\/\/stepienybarno.es\/blog\/feed\/podcast\/podcast-de-stepienybarno","embedCode":"<blockquote class=\"wp-embedded-content\" data-secret=\"pEhDsXEbuG\"><a href=\"https:\/\/stepienybarno.es\/blog\/2021\/01\/19\/episodio-69-instatectura-la-semana-en-syb-campo-baeza-lo-mas-leido-en-2020-y-la-silla-de-la-discordia\/\">#Episodio 69. Instatectura la semana en SyB. Campo Baeza, lo mas le\u00eddo en 2020 y La silla de la discordia<\/a><\/blockquote><iframe sandbox=\"allow-scripts\" security=\"restricted\" src=\"https:\/\/stepienybarno.es\/blog\/2021\/01\/19\/episodio-69-instatectura-la-semana-en-syb-campo-baeza-lo-mas-leido-en-2020-y-la-silla-de-la-discordia\/embed\/#?secret=pEhDsXEbuG\" width=\"500\" height=\"350\" title=\"\u00ab#Episodio 69. Instatectura la semana en SyB. Campo Baeza, lo mas le\u00eddo en 2020 y La silla de la discordia\u00bb \u2014 Blog de STEPIEN Y BARNO - publicaci\u00f3n digital sobre arquitectura\" data-secret=\"pEhDsXEbuG\" frameborder=\"0\" marginwidth=\"0\" marginheight=\"0\" scrolling=\"no\" class=\"wp-embedded-content\"><\/iframe><script type=\"text\/javascript\">\n\/* <![CDATA[ *\/\n\/*! This file is auto-generated *\/\n!function(d,l){\"use strict\";l.querySelector&&d.addEventListener&&\"undefined\"!=typeof URL&&(d.wp=d.wp||{},d.wp.receiveEmbedMessage||(d.wp.receiveEmbedMessage=function(e){var t=e.data;if((t||t.secret||t.message||t.value)&&!\/[^a-zA-Z0-9]\/.test(t.secret)){for(var s,r,n,a=l.querySelectorAll('iframe[data-secret=\"'+t.secret+'\"]'),o=l.querySelectorAll('blockquote[data-secret=\"'+t.secret+'\"]'),c=new RegExp(\"^https?:$\",\"i\"),i=0;i<o.length;i++)o[i].style.display=\"none\";for(i=0;i<a.length;i++)s=a[i],e.source===s.contentWindow&&(s.removeAttribute(\"style\"),\"height\"===t.message?(1e3<(r=parseInt(t.value,10))?r=1e3:~~r<200&&(r=200),s.height=r):\"link\"===t.message&&(r=new URL(s.getAttribute(\"src\")),n=new URL(t.value),c.test(n.protocol))&&n.host===r.host&&l.activeElement===s&&(d.top.location.href=t.value))}},d.addEventListener(\"message\",d.wp.receiveEmbedMessage,!1),l.addEventListener(\"DOMContentLoaded\",function(){for(var e,t,s=l.querySelectorAll(\"iframe.wp-embedded-content\"),r=0;r<s.length;r++)(t=(e=s[r]).getAttribute(\"data-secret\"))||(t=Math.random().toString(36).substring(2,12),e.src+=\"#?secret=\"+t,e.setAttribute(\"data-secret\",t)),e.contentWindow.postMessage({message:\"ready\",secret:t},\"*\")},!1)))}(window,document);\n\/* ]]> *\/\n<\/script>\n"},"_links":{"self":[{"href":"https:\/\/stepienybarno.es\/blog\/wp-json\/wp\/v2\/posts\/45878"}],"collection":[{"href":"https:\/\/stepienybarno.es\/blog\/wp-json\/wp\/v2\/posts"}],"about":[{"href":"https:\/\/stepienybarno.es\/blog\/wp-json\/wp\/v2\/types\/post"}],"author":[{"embeddable":true,"href":"https:\/\/stepienybarno.es\/blog\/wp-json\/wp\/v2\/users\/2"}],"replies":[{"embeddable":true,"href":"https:\/\/stepienybarno.es\/blog\/wp-json\/wp\/v2\/comments?post=45878"}],"version-history":[{"count":3,"href":"https:\/\/stepienybarno.es\/blog\/wp-json\/wp\/v2\/posts\/45878\/revisions"}],"predecessor-version":[{"id":45883,"href":"https:\/\/stepienybarno.es\/blog\/wp-json\/wp\/v2\/posts\/45878\/revisions\/45883"}],"wp:featuredmedia":[{"embeddable":true,"href":"https:\/\/stepienybarno.es\/blog\/wp-json\/wp\/v2\/media\/45880"}],"wp:attachment":[{"href":"https:\/\/stepienybarno.es\/blog\/wp-json\/wp\/v2\/media?parent=45878"}],"wp:term":[{"taxonomy":"category","embeddable":true,"href":"https:\/\/stepienybarno.es\/blog\/wp-json\/wp\/v2\/categories?post=45878"},{"taxonomy":"post_tag","embeddable":true,"href":"https:\/\/stepienybarno.es\/blog\/wp-json\/wp\/v2\/tags?post=45878"},{"taxonomy":"series","embeddable":true,"href":"https:\/\/stepienybarno.es\/blog\/wp-json\/wp\/v2\/series?post=45878"}],"curies":[{"name":"wp","href":"https:\/\/api.w.org\/{rel}","templated":true}]}}