{"id":45896,"date":"2021-01-26T08:01:02","date_gmt":"2021-01-26T06:01:02","guid":{"rendered":"https:\/\/www.stepienybarno.es\/blog\/?p=45896"},"modified":"2021-01-23T13:04:42","modified_gmt":"2021-01-23T11:04:42","slug":"se-dibuja-en-horizontal","status":"publish","type":"post","link":"https:\/\/stepienybarno.es\/blog\/2021\/01\/26\/se-dibuja-en-horizontal\/","title":{"rendered":"Se dibuja en horizontal"},"content":{"rendered":"<p><img loading=\"lazy\" decoding=\"async\" class=\"aligncenter size-full wp-image-45897\" src=\"https:\/\/stepienybarno.es\/blog\/wp-content\/uploads\/2021\/01\/stepienybarno-Se-dibuja-en-horizontal-postdeldia.jpg\" alt=\"\" width=\"636\" height=\"448\" srcset=\"https:\/\/stepienybarno.es\/blog\/wp-content\/uploads\/2021\/01\/stepienybarno-Se-dibuja-en-horizontal-postdeldia.jpg 636w, https:\/\/stepienybarno.es\/blog\/wp-content\/uploads\/2021\/01\/stepienybarno-Se-dibuja-en-horizontal-postdeldia-550x387.jpg 550w, https:\/\/stepienybarno.es\/blog\/wp-content\/uploads\/2021\/01\/stepienybarno-Se-dibuja-en-horizontal-postdeldia-180x127.jpg 180w, https:\/\/stepienybarno.es\/blog\/wp-content\/uploads\/2021\/01\/stepienybarno-Se-dibuja-en-horizontal-postdeldia-316x223.jpg 316w\" sizes=\"(max-width: 636px) 100vw, 636px\" \/><\/p>\n<h1><strong>Por : Por Santiago de Molina<\/strong><\/h1>\n<h2><strong>Desde: m\u00faltiples estrateg\u00edas de arquitectura<br \/>\n<\/strong><\/h2>\n<h2><strong>Fotograf\u00eda: Alvaro Siza sobre el suelo, trabajando en Bonjour-Tristesse, imagen fuente desconocida<\/strong><\/h2>\n<p><!--more--> He tardado m\u00e1s de veinte a\u00f1os en entender lo que significaba un texto de Alvar Aalto llamado \u201cLa mesa blanca\u201d. No escribi\u00f3 demasiado Aalto, la verdad, y adem\u00e1s sus textos no es que fuesen especialmente iluminadores (al menos en comparaci\u00f3n con lo que lo es su obra). Otro era el de \u201cla trucha y el torrente de la monta\u00f1a\u201d. En fin. No es que fueran precisamente tratados de metaf\u00edsica. En ese texto sobre la mesa blanca relataba una vivencia infantil nada especial: el correteo bajo las patas de una inmenso tablero empleado por en el despacho de su padre, ingeniero, donde se trazaban inmensos planos de territorios a\u00fan m\u00e1s inmensos. Tonto de mi. Se me pas\u00f3 durante demasiado tiempo el profundo significado de ese tablero.<\/p>\n<p>&nbsp;<\/p>\n<p style=\"text-align: center;\">Acceder al Post <a href=\"http:\/\/bit.ly\/3iCpXUp\" target=\"_blank\" rel=\"noopener noreferrer\">AQU\u00cd<\/a><\/p>\n<p><iframe loading=\"lazy\" title=\"\u00bfPara qu\u00e9 sirve un ARQUITECTO \/a? Por Jordi Ludevid\" width=\"911\" height=\"512\" src=\"https:\/\/www.youtube.com\/embed\/videoseries?list=PL9KCMehqFIajpdVXSncYV0J1ef6ms4zRx\" frameborder=\"0\" allow=\"accelerometer; autoplay; clipboard-write; encrypted-media; gyroscope; picture-in-picture\" allowfullscreen><\/iframe><\/p>\n<hr \/>\n<h5><strong>Autores del post: <a href=\"https:\/\/stepienybarno.es\/blog\/2011\/09\/04\/las-fortalezas-del-arquitecto\/\">Stepienybarno<\/a> _ Agnieszka Stepien y Lorenzo Barn\u00f3<\/strong><\/h5>\n<h5>Y como siempre, si te gust\u00f3 el post, estar\u00eda genial que lo compartas en tus redes sociales.<\/h5>\n<h5>A su vez, si todav\u00eda no est\u00e1s suscrito a nuestra Newsletter, te animamos a hacerlo en la casilla que tienes al terminar este art\u00edculo.<\/h5>\n<p>&nbsp;<\/p>\n<blockquote><p>Suscribirte a nuestro blog y recibe gratis nuestra gu\u00eda: 10 Ideas para vender m\u00e1s si eres arquitecto<\/p>\n<p>Acceder: <a href=\"http:\/\/bit.ly\/2fkkTS7\">http:\/\/bit.ly\/2fkkTS7<\/a><\/p>\n<p>&nbsp;<\/p>\n<p>Si te interesa contactar con nosotros para que te ayudemos a mejorar tu visibilidad online y, en consecuencia, mejorar tus oportunidades laborales, no dudes en escribirnos a: <a href=\"mailto:blog@stepienybarno.es\">blog@stepienybarno.es<\/a><\/p><\/blockquote>\n<p>&nbsp;<\/p>\n<p><em><a href=\"https:\/\/twitter.com\/stepienybarno\">Stepienybarno en TWITTER<\/a><\/em><\/p>\n<p><em><a href=\"https:\/\/twitter.com\/stepienybarno\">@stepienybarno (+ de 16.000 seguidores)<\/a><\/em><\/p>\n<p><em><a href=\"https:\/\/twitter.com\/stepienybarno?lang=es\">https:\/\/twitter.com\/stepienybarno?lang=es<\/a><\/em><\/p>\n<p><em><a href=\"https:\/\/www.facebook.com\/pages\/BLOG-DE-STEPIENYBARNO\/78001079029\">Stepienybarno en FACEBOOK (+ de 24<u>.000 seguidores)<\/u><\/a><\/em><\/p>\n<p><em><a href=\"https:\/\/www.facebook.com\/StepienyBarnoArquitecturaeIdentidadDigital\/\">https:\/\/www.facebook.com\/StepienyBarnoArquitecturaeIdentidadDigital\/<\/a><\/em><\/p>\n<p><em>Acceder a nuestro GRUPO CERRADO DE FACEBOOK sobre Identidad Digital para Arquitectos:<\/em><\/p>\n<p><em><a href=\"https:\/\/www.facebook.com\/groups\/IdentidadDigitalParaArquitectos\/\">https:\/\/www.facebook.com\/groups\/IdentidadDigitalParaArquitectos\/<\/a><\/em><\/p>\n<p><em>Suscr\u00edbete a nuestro canal de YOUTUBE: <a href=\"http:\/\/bit.ly\/2A1UtAd\">http:\/\/bit.ly\/2A1UtAd<\/a><\/em><\/p>\n<p>&nbsp;<\/p>\n<p>* <a href=\"https:\/\/stepienybarno.es\/blog\/2011\/09\/04\/las-fortalezas-del-arquitecto\/\">Stepienybarno<\/a> est\u00e1 formado por Agnieszka Stepien y Lorenzo Barn\u00f3 y desde mayo del 2009 estamos en la red con la presente publicaci\u00f3n digital (Blog) de arquitectura.<\/p>\n<p>Nuestra actividad se sustenta en tres pilares b\u00e1sicos: la investigaci\u00f3n, la publicaci\u00f3n y la redacci\u00f3n de proyectos de arquitectura.<\/p>\n<p>A su vez, somos socios cofundadores de <a href=\"http:\/\/sinergiasostenible.org\/\">SINERGIA SOSTENIBLE<\/a> y directores del blog de FUNDACI\u00d3N ARQUIA.<\/p>\n","protected":false},"excerpt":{"rendered":"<p>Por : Por Santiago de Molina Desde: m\u00faltiples estrateg\u00edas de<\/p>\n","protected":false},"author":2,"featured_media":45897,"comment_status":"open","ping_status":"closed","sticky":false,"template":"","format":"standard","meta":{"om_disable_all_campaigns":false,"_monsterinsights_skip_tracking":false,"_monsterinsights_sitenote_active":false,"_monsterinsights_sitenote_note":"","_monsterinsights_sitenote_category":0,"_uf_show_specific_survey":0,"_uf_disable_surveys":false,"episode_type":"audio","audio_file":"","cover_image":"","cover_image_id":"","duration":"","filesize":"","date_recorded":"","explicit":"","block":"","filesize_raw":"","footnotes":""},"categories":[244],"tags":[125,187],"series":[],"class_list":["post-45896","post","type-post","status-publish","format-standard","has-post-thumbnail","hentry","category-canal-de-arquitectura","tag-alvar-aalto","tag-santiago-de-molina"],"aioseo_notices":[],"episode_featured_image":"https:\/\/stepienybarno.es\/blog\/wp-content\/uploads\/2021\/01\/stepienybarno-Se-dibuja-en-horizontal-postdeldia.jpg","episode_player_image":"https:\/\/stepienybarno.es\/blog\/wp-content\/uploads\/2020\/11\/stepienybarno-podcast-scaled.jpg","download_link":"","player_link":"","audio_player":false,"episode_data":{"playerMode":"dark","subscribeUrls":[],"rssFeedUrl":"https:\/\/stepienybarno.es\/blog\/feed\/podcast\/podcast-de-stepienybarno","embedCode":"<blockquote class=\"wp-embedded-content\" data-secret=\"RRXiPrfeov\"><a href=\"https:\/\/stepienybarno.es\/blog\/2021\/01\/26\/se-dibuja-en-horizontal\/\">Se dibuja en horizontal<\/a><\/blockquote><iframe sandbox=\"allow-scripts\" security=\"restricted\" src=\"https:\/\/stepienybarno.es\/blog\/2021\/01\/26\/se-dibuja-en-horizontal\/embed\/#?secret=RRXiPrfeov\" width=\"500\" height=\"350\" title=\"\u00abSe dibuja en horizontal\u00bb \u2014 Blog de STEPIEN Y BARNO - publicaci\u00f3n digital sobre arquitectura\" data-secret=\"RRXiPrfeov\" frameborder=\"0\" marginwidth=\"0\" marginheight=\"0\" scrolling=\"no\" class=\"wp-embedded-content\"><\/iframe><script type=\"text\/javascript\">\n\/* <![CDATA[ *\/\n\/*! This file is auto-generated *\/\n!function(d,l){\"use strict\";l.querySelector&&d.addEventListener&&\"undefined\"!=typeof URL&&(d.wp=d.wp||{},d.wp.receiveEmbedMessage||(d.wp.receiveEmbedMessage=function(e){var t=e.data;if((t||t.secret||t.message||t.value)&&!\/[^a-zA-Z0-9]\/.test(t.secret)){for(var s,r,n,a=l.querySelectorAll('iframe[data-secret=\"'+t.secret+'\"]'),o=l.querySelectorAll('blockquote[data-secret=\"'+t.secret+'\"]'),c=new RegExp(\"^https?:$\",\"i\"),i=0;i<o.length;i++)o[i].style.display=\"none\";for(i=0;i<a.length;i++)s=a[i],e.source===s.contentWindow&&(s.removeAttribute(\"style\"),\"height\"===t.message?(1e3<(r=parseInt(t.value,10))?r=1e3:~~r<200&&(r=200),s.height=r):\"link\"===t.message&&(r=new URL(s.getAttribute(\"src\")),n=new URL(t.value),c.test(n.protocol))&&n.host===r.host&&l.activeElement===s&&(d.top.location.href=t.value))}},d.addEventListener(\"message\",d.wp.receiveEmbedMessage,!1),l.addEventListener(\"DOMContentLoaded\",function(){for(var e,t,s=l.querySelectorAll(\"iframe.wp-embedded-content\"),r=0;r<s.length;r++)(t=(e=s[r]).getAttribute(\"data-secret\"))||(t=Math.random().toString(36).substring(2,12),e.src+=\"#?secret=\"+t,e.setAttribute(\"data-secret\",t)),e.contentWindow.postMessage({message:\"ready\",secret:t},\"*\")},!1)))}(window,document);\n\/* ]]> *\/\n<\/script>\n"},"_links":{"self":[{"href":"https:\/\/stepienybarno.es\/blog\/wp-json\/wp\/v2\/posts\/45896"}],"collection":[{"href":"https:\/\/stepienybarno.es\/blog\/wp-json\/wp\/v2\/posts"}],"about":[{"href":"https:\/\/stepienybarno.es\/blog\/wp-json\/wp\/v2\/types\/post"}],"author":[{"embeddable":true,"href":"https:\/\/stepienybarno.es\/blog\/wp-json\/wp\/v2\/users\/2"}],"replies":[{"embeddable":true,"href":"https:\/\/stepienybarno.es\/blog\/wp-json\/wp\/v2\/comments?post=45896"}],"version-history":[{"count":1,"href":"https:\/\/stepienybarno.es\/blog\/wp-json\/wp\/v2\/posts\/45896\/revisions"}],"predecessor-version":[{"id":45898,"href":"https:\/\/stepienybarno.es\/blog\/wp-json\/wp\/v2\/posts\/45896\/revisions\/45898"}],"wp:featuredmedia":[{"embeddable":true,"href":"https:\/\/stepienybarno.es\/blog\/wp-json\/wp\/v2\/media\/45897"}],"wp:attachment":[{"href":"https:\/\/stepienybarno.es\/blog\/wp-json\/wp\/v2\/media?parent=45896"}],"wp:term":[{"taxonomy":"category","embeddable":true,"href":"https:\/\/stepienybarno.es\/blog\/wp-json\/wp\/v2\/categories?post=45896"},{"taxonomy":"post_tag","embeddable":true,"href":"https:\/\/stepienybarno.es\/blog\/wp-json\/wp\/v2\/tags?post=45896"},{"taxonomy":"series","embeddable":true,"href":"https:\/\/stepienybarno.es\/blog\/wp-json\/wp\/v2\/series?post=45896"}],"curies":[{"name":"wp","href":"https:\/\/api.w.org\/{rel}","templated":true}]}}