{"id":4591,"date":"2011-11-29T09:39:46","date_gmt":"2011-11-29T07:39:46","guid":{"rendered":"https:\/\/www.stepienybarno.es\/blog\/?p=4591"},"modified":"2011-11-29T09:39:46","modified_gmt":"2011-11-29T07:39:46","slug":"la-periferia-domestica","status":"publish","type":"post","link":"https:\/\/stepienybarno.es\/blog\/2011\/11\/29\/la-periferia-domestica\/","title":{"rendered":"LA PERIFERIA DOM\u00c9STICA"},"content":{"rendered":"<p align=\"center\"><img loading=\"lazy\" decoding=\"async\" class=\"aligncenter size-full wp-image-4592\" title=\"La periferia. Pedro Hern\u00e1ndez.Capital Reactiva.Stepienybarno\" src=\"https:\/\/stepienybarno.es\/blog\/wp-content\/uploads\/2011\/11\/La-periferia.-Pedro-Hern\u00e1ndez.Capital-Reactiva.Stepienybarno.jpg\" alt=\"La periferia. Pedro Hern\u00e1ndez.Capital Reactiva.Stepienybarno\" width=\"596\" height=\"460\" srcset=\"https:\/\/stepienybarno.es\/blog\/wp-content\/uploads\/2011\/11\/La-periferia.-Pedro-Hern\u00e1ndez.Capital-Reactiva.Stepienybarno.jpg 596w, https:\/\/stepienybarno.es\/blog\/wp-content\/uploads\/2011\/11\/La-periferia.-Pedro-Hern\u00e1ndez.Capital-Reactiva.Stepienybarno-180x139.jpg 180w, https:\/\/stepienybarno.es\/blog\/wp-content\/uploads\/2011\/11\/La-periferia.-Pedro-Hern\u00e1ndez.Capital-Reactiva.Stepienybarno-550x424.jpg 550w, https:\/\/stepienybarno.es\/blog\/wp-content\/uploads\/2011\/11\/La-periferia.-Pedro-Hern\u00e1ndez.Capital-Reactiva.Stepienybarno-316x244.jpg 316w\" sizes=\"(max-width: 596px) 100vw, 596px\" \/><\/p>\n<p>Un placer rescatar la historia de \u201cLa periferia dom\u00e9stica\u201d \/ Pedro Hern\u00e1ndez\u00a0_ <a href=\"http:\/\/twitter.com\/laperiferia\">@laperiferia<\/a>.<\/p>\n<p>V\u00eda_ Capital Reactiva<\/p>\n<p><!--more--><\/p>\n<p>\u201cPedro Hern\u00e1ndez\u00a0es estudiante de arquitectura en la Universidad de Alicante. A mediados del 2009 cre\u00f3 un blog para utilizarlo como archivo de su proyecto final de carrera bajo el t\u00edtulo\u00a0<a href=\"http:\/\/periferiadomestica.tumblr.com\/\" target=\"_blank\">La periferia dom\u00e9stica<\/a>. A trav\u00e9s de la informaci\u00f3n posteada en ese tumblr, ha ido construyendo el enunciado de su propio proyecto. (\u2026)\u201d<\/p>\n<p align=\"left\">\n<p><a href=\"http:\/\/ypsite.net\/capitalreactiva\/2011\/07\/12\/la-periferia-domestica\/\">Acceder al art\u00edculo<\/a><\/p>\n<p>Art\u00edculo seleccionado por el Canal de arquitectura STEPIENYBARNO.<\/p>\n<p><a href=\"http:\/\/www.linkedin.com\/company\/stepienybarno\">STEPIENYBARNO EN LINKEDIN<\/a><\/p>\n<p><a href=\"http:\/\/twitter.com\/stepienybarno\/stepienybarno\">STEPIENYBARNO EN TWITTER<\/a><\/p>\n<p><a href=\"https:\/\/www.facebook.com\/StepienybarnoCANAL\">STEPIENYBARNO EN FACEBOOK<\/a><\/p>\n<p>*Stepienybarno est\u00e1 formado por Agnieszka Stepien y Lorenzo Barn\u00f3 y desde mayo del 2009 estamos en la red con\u00a0 la presente publicaci\u00f3n digital (Blog) de arquitectura.<\/p>\n<p>Nuestra actividad se sustenta en tres pilares b\u00e1sicos: la investigaci\u00f3n, la publicaci\u00f3n (comunicaci\u00f3n y difusi\u00f3n) y la redacci\u00f3n de proyectos de arquitectura.<\/p>\n<p>A su vez, somos socios cofundadores de <a href=\"http:\/\/sinergiasostenible.org\/\">SINERGIA SOSTENIBLE<\/a> y redactores de <a href=\"http:\/\/www.laciudadviva.org\/blogs\/?author=45\">LA CIUDAD VIVA<\/a>.<\/p>\n","protected":false},"excerpt":{"rendered":"<p>Un placer rescatar la historia de \u201cLa periferia dom\u00e9stica\u201d \/ Pedro Hern\u00e1ndez _ @laperiferia.<\/p>\n<p>V\u00eda_ Capital Reactiva<\/p>\n","protected":false},"author":2,"featured_media":0,"comment_status":"open","ping_status":"closed","sticky":false,"template":"","format":"standard","meta":{"om_disable_all_campaigns":false,"_monsterinsights_skip_tracking":false,"_monsterinsights_sitenote_active":false,"_monsterinsights_sitenote_note":"","_monsterinsights_sitenote_category":0,"_uf_show_specific_survey":0,"_uf_disable_surveys":false,"episode_type":"","audio_file":"","cover_image":"","cover_image_id":"","duration":"","filesize":"","date_recorded":"","explicit":"","block":"","filesize_raw":"","footnotes":""},"categories":[34,244],"tags":[1361,4274,9,1363,1362,1360,54],"series":[],"class_list":["post-4591","post","type-post","status-publish","format-standard","hentry","category-actualidad","category-canal-de-arquitectura","tag-laperiferia","tag-actualidad","tag-arquitectura","tag-capital-reactiva","tag-la-periferia-domestica","tag-pedro-hernandez","tag-urbanismo-sostenible"],"aioseo_notices":[],"episode_featured_image":false,"episode_player_image":"https:\/\/stepienybarno.es\/blog\/wp-content\/uploads\/2020\/11\/stepienybarno-podcast-scaled.jpg","download_link":"","player_link":"","audio_player":false,"episode_data":{"playerMode":"dark","subscribeUrls":[],"rssFeedUrl":"https:\/\/stepienybarno.es\/blog\/feed\/podcast\/podcast-de-stepienybarno","embedCode":"<blockquote class=\"wp-embedded-content\" data-secret=\"C2EkofComY\"><a href=\"https:\/\/stepienybarno.es\/blog\/2011\/11\/29\/la-periferia-domestica\/\">LA PERIFERIA DOM\u00c9STICA<\/a><\/blockquote><iframe sandbox=\"allow-scripts\" security=\"restricted\" src=\"https:\/\/stepienybarno.es\/blog\/2011\/11\/29\/la-periferia-domestica\/embed\/#?secret=C2EkofComY\" width=\"500\" height=\"350\" title=\"\u00abLA PERIFERIA DOM\u00c9STICA\u00bb \u2014 Blog de STEPIEN Y BARNO - publicaci\u00f3n digital sobre arquitectura\" data-secret=\"C2EkofComY\" frameborder=\"0\" marginwidth=\"0\" marginheight=\"0\" scrolling=\"no\" class=\"wp-embedded-content\"><\/iframe><script type=\"text\/javascript\">\n\/* <![CDATA[ *\/\n\/*! This file is auto-generated *\/\n!function(d,l){\"use strict\";l.querySelector&&d.addEventListener&&\"undefined\"!=typeof URL&&(d.wp=d.wp||{},d.wp.receiveEmbedMessage||(d.wp.receiveEmbedMessage=function(e){var t=e.data;if((t||t.secret||t.message||t.value)&&!\/[^a-zA-Z0-9]\/.test(t.secret)){for(var s,r,n,a=l.querySelectorAll('iframe[data-secret=\"'+t.secret+'\"]'),o=l.querySelectorAll('blockquote[data-secret=\"'+t.secret+'\"]'),c=new RegExp(\"^https?:$\",\"i\"),i=0;i<o.length;i++)o[i].style.display=\"none\";for(i=0;i<a.length;i++)s=a[i],e.source===s.contentWindow&&(s.removeAttribute(\"style\"),\"height\"===t.message?(1e3<(r=parseInt(t.value,10))?r=1e3:~~r<200&&(r=200),s.height=r):\"link\"===t.message&&(r=new URL(s.getAttribute(\"src\")),n=new URL(t.value),c.test(n.protocol))&&n.host===r.host&&l.activeElement===s&&(d.top.location.href=t.value))}},d.addEventListener(\"message\",d.wp.receiveEmbedMessage,!1),l.addEventListener(\"DOMContentLoaded\",function(){for(var e,t,s=l.querySelectorAll(\"iframe.wp-embedded-content\"),r=0;r<s.length;r++)(t=(e=s[r]).getAttribute(\"data-secret\"))||(t=Math.random().toString(36).substring(2,12),e.src+=\"#?secret=\"+t,e.setAttribute(\"data-secret\",t)),e.contentWindow.postMessage({message:\"ready\",secret:t},\"*\")},!1)))}(window,document);\n\/* ]]> *\/\n<\/script>\n"},"_links":{"self":[{"href":"https:\/\/stepienybarno.es\/blog\/wp-json\/wp\/v2\/posts\/4591"}],"collection":[{"href":"https:\/\/stepienybarno.es\/blog\/wp-json\/wp\/v2\/posts"}],"about":[{"href":"https:\/\/stepienybarno.es\/blog\/wp-json\/wp\/v2\/types\/post"}],"author":[{"embeddable":true,"href":"https:\/\/stepienybarno.es\/blog\/wp-json\/wp\/v2\/users\/2"}],"replies":[{"embeddable":true,"href":"https:\/\/stepienybarno.es\/blog\/wp-json\/wp\/v2\/comments?post=4591"}],"version-history":[{"count":2,"href":"https:\/\/stepienybarno.es\/blog\/wp-json\/wp\/v2\/posts\/4591\/revisions"}],"predecessor-version":[{"id":4594,"href":"https:\/\/stepienybarno.es\/blog\/wp-json\/wp\/v2\/posts\/4591\/revisions\/4594"}],"wp:attachment":[{"href":"https:\/\/stepienybarno.es\/blog\/wp-json\/wp\/v2\/media?parent=4591"}],"wp:term":[{"taxonomy":"category","embeddable":true,"href":"https:\/\/stepienybarno.es\/blog\/wp-json\/wp\/v2\/categories?post=4591"},{"taxonomy":"post_tag","embeddable":true,"href":"https:\/\/stepienybarno.es\/blog\/wp-json\/wp\/v2\/tags?post=4591"},{"taxonomy":"series","embeddable":true,"href":"https:\/\/stepienybarno.es\/blog\/wp-json\/wp\/v2\/series?post=4591"}],"curies":[{"name":"wp","href":"https:\/\/api.w.org\/{rel}","templated":true}]}}