{"id":46367,"date":"2021-02-22T08:01:44","date_gmt":"2021-02-22T06:01:44","guid":{"rendered":"https:\/\/www.stepienybarno.es\/blog\/?p=46367"},"modified":"2021-02-19T19:55:35","modified_gmt":"2021-02-19T17:55:35","slug":"la-escuela-infantil-de-a-veigadana-en-mos-se-alza-con-el-premio-de-arquitectura-2020-y-el-arquitecto-manuel-gallego-jorreto-con-el-galardon-a-la-trayectoria-profesional","status":"publish","type":"post","link":"https:\/\/stepienybarno.es\/blog\/2021\/02\/22\/la-escuela-infantil-de-a-veigadana-en-mos-se-alza-con-el-premio-de-arquitectura-2020-y-el-arquitecto-manuel-gallego-jorreto-con-el-galardon-a-la-trayectoria-profesional\/","title":{"rendered":"La escuela infantil de A Veigada\u00f1a en Mos se alza con el Premio de Arquitectura 2020 y el arquitecto Manuel Gallego Jorreto, con el galard\u00f3n a la trayectoria profesional"},"content":{"rendered":"<p><img loading=\"lazy\" decoding=\"async\" class=\"aligncenter size-full wp-image-46368\" src=\"https:\/\/stepienybarno.es\/blog\/wp-content\/uploads\/2021\/02\/ST583C1.jpg\" alt=\"\" width=\"1384\" height=\"1012\" srcset=\"https:\/\/stepienybarno.es\/blog\/wp-content\/uploads\/2021\/02\/ST583C1.jpg 1384w, https:\/\/stepienybarno.es\/blog\/wp-content\/uploads\/2021\/02\/ST583C1-550x402.jpg 550w, https:\/\/stepienybarno.es\/blog\/wp-content\/uploads\/2021\/02\/ST583C1-957x700.jpg 957w, https:\/\/stepienybarno.es\/blog\/wp-content\/uploads\/2021\/02\/ST583C1-180x132.jpg 180w, https:\/\/stepienybarno.es\/blog\/wp-content\/uploads\/2021\/02\/ST583C1-316x231.jpg 316w\" sizes=\"(max-width: 1384px) 100vw, 1384px\" \/><\/p>\n<h2><strong>Desde: xunta<\/strong><\/h2>\n<p style=\"padding-left: 40px;\"><!--more--><\/p>\n<div>\n<p>La conselleira de Medio Ambiente, Territorio y Vivienda, \u00c1ngeles V\u00e1zquez, avanz\u00f3 esta tarde el fallo del jurado de los Premios de Arquitectura y Rehabilitaci\u00f3n de Galicia 2020, que en esta tercera edici\u00f3n concedi\u00f3 el Premio gallego de arquitectura 2020 a la Escuela infantil de A Veigada\u00f1a en el Ayuntamiento de Mos, y el galard\u00f3n a la trayectoria profesional al arquitecto Manuel Gallego Jorreto. Tambi\u00e9n se reconoci\u00f3 el Premio Especial a la Sostenibilidad a la reforma de un edificio existente para 8 viviendas una oficina y aparcamiento en el n\u00famero 11 de la calle Col\u00f3n en Vigo.<\/p>\n<p>\u00c1ngeles V\u00e1zquez lament\u00f3 que esta comunicaci\u00f3n se tenga que hacer telem\u00e1ticamente, pero las circunstancias actuales por la pandemia del coronavirus as\u00ed lo delimitan, y adelant\u00f3 que cuando las garant\u00edas sanitarias lo permitan se har\u00e1 entrega de los galardones y distinciones, para poner en valor la excelencia de la rehabilitaci\u00f3n y de la arquitectura gallega, el trabajo de los profesionales y la sostenibilidad en las construcciones, cada vez m\u00e1s concienciadas con proteger nuestro patrimonio y con apostar por su recuperaci\u00f3n.<\/p>\n<p>Record\u00f3 que estos premios recogen cuatro categor\u00edas, las tres citadas anteriormente y el Premio gallego de rehabilitaci\u00f3n 2020, que se repartir\u00e1n entre tres obras ganadoras, como la reconstrucci\u00f3n de vivienda afectada por la ola de fuegos en Saa, en Carballeda de Avia, la rehabilitaci\u00f3n de una vivienda particular en Vigo, proyecto del arquitecto Alfonso Penela Fern\u00e1ndez, y la intervenci\u00f3n en una bodega y el \u00e1rea enotur\u00edstica destinada a la celebraci\u00f3n de evento en Cenlle.<\/p>\n<p>&nbsp;<\/p>\n<p style=\"text-align: center;\">Acceder al Post <a href=\"http:\/\/bit.ly\/3s9xqhg\" target=\"_blank\" rel=\"noopener noreferrer\">AQU\u00cd<\/a><\/p>\n<hr \/>\n<h5><strong>Autores del post: <a href=\"https:\/\/stepienybarno.es\/blog\/2011\/09\/04\/las-fortalezas-del-arquitecto\/\">Stepienybarno<\/a> _ Agnieszka Stepien y Lorenzo Barn\u00f3<\/strong><\/h5>\n<h5>Y como siempre, si te gust\u00f3 el post, estar\u00eda genial que lo compartas en tus redes sociales.<\/h5>\n<h5>A su vez, si todav\u00eda no est\u00e1s suscrito a nuestra Newsletter, te animamos a hacerlo en la casilla que tienes al terminar este art\u00edculo.<\/h5>\n<p>&nbsp;<\/p>\n<p>Suscribirte a nuestro blog y recibe gratis nuestra gu\u00eda: 10 Ideas para vender m\u00e1s si eres arquitecto<\/p>\n<p>Acceder: <a href=\"http:\/\/bit.ly\/2fkkTS7\">http:\/\/bit.ly\/2fkkTS7<\/a><\/p>\n<p>&nbsp;<\/p>\n<p>Si te interesa contactar con nosotros para que te ayudemos a mejorar tu visibilidad online y, en consecuencia, mejorar tus oportunidades laborales, no dudes en escribirnos a: <a href=\"mailto:blog@stepienybarno.es\">blog@stepienybarno.es<\/a><\/p>\n<p>&nbsp;<\/p>\n<p><em><a href=\"https:\/\/twitter.com\/stepienybarno\">Stepienybarno en TWITTER<\/a><\/em><\/p>\n<p><em><a href=\"https:\/\/twitter.com\/stepienybarno\">@stepienybarno (+ de 16.000 seguidores)<\/a><\/em><\/p>\n<p><em><a href=\"https:\/\/twitter.com\/stepienybarno?lang=es\">https:\/\/twitter.com\/stepienybarno?lang=es<\/a><\/em><\/p>\n<p><em><a href=\"https:\/\/www.facebook.com\/pages\/BLOG-DE-STEPIENYBARNO\/78001079029\">Stepienybarno en FACEBOOK (+ de 24<u>.000 seguidores)<\/u><\/a><\/em><\/p>\n<p><em><a href=\"https:\/\/www.facebook.com\/StepienyBarnoArquitecturaeIdentidadDigital\/\">https:\/\/www.facebook.com\/StepienyBarnoArquitecturaeIdentidadDigital\/<\/a><\/em><\/p>\n<p><em>Acceder a nuestro GRUPO CERRADO DE FACEBOOK sobre Identidad Digital para Arquitectos:<\/em><\/p>\n<p><em><a href=\"https:\/\/www.facebook.com\/groups\/IdentidadDigitalParaArquitectos\/\">https:\/\/www.facebook.com\/groups\/IdentidadDigitalParaArquitectos\/<\/a><\/em><\/p>\n<p><em>Suscr\u00edbete a nuestro canal de YOUTUBE: <a href=\"http:\/\/bit.ly\/2A1UtAd\">http:\/\/bit.ly\/2A1UtAd<\/a><\/em><\/p>\n<p>&nbsp;<\/p>\n<p>* <a href=\"https:\/\/stepienybarno.es\/blog\/2011\/09\/04\/las-fortalezas-del-arquitecto\/\">Stepienybarno<\/a> est\u00e1 formado por Agnieszka Stepien y Lorenzo Barn\u00f3 y desde mayo del 2009 estamos en la red con la presente publicaci\u00f3n digital (Blog) de arquitectura.<\/p>\n<p>Nuestra actividad se sustenta en tres pilares b\u00e1sicos: la investigaci\u00f3n, la publicaci\u00f3n y la redacci\u00f3n de proyectos de arquitectura.<\/p>\n<p>A su vez, somos socios cofundadores de <a href=\"http:\/\/sinergiasostenible.org\/\">SINERGIA SOSTENIBLE<\/a> y directores del blog de FUNDACI\u00d3N ARQUIA.<\/p>\n<\/div>\n","protected":false},"excerpt":{"rendered":"<p>Desde: xunta<\/p>\n","protected":false},"author":2,"featured_media":46368,"comment_status":"open","ping_status":"closed","sticky":false,"template":"","format":"standard","meta":{"om_disable_all_campaigns":false,"_monsterinsights_skip_tracking":false,"_monsterinsights_sitenote_active":false,"_monsterinsights_sitenote_note":"","_monsterinsights_sitenote_category":0,"_uf_show_specific_survey":0,"_uf_disable_surveys":false,"episode_type":"audio","audio_file":"","cover_image":"","cover_image_id":"","duration":"","filesize":"","date_recorded":"","explicit":"","block":"","filesize_raw":"","footnotes":""},"categories":[244],"tags":[],"series":[],"class_list":["post-46367","post","type-post","status-publish","format-standard","has-post-thumbnail","hentry","category-canal-de-arquitectura"],"aioseo_notices":[],"episode_featured_image":"https:\/\/stepienybarno.es\/blog\/wp-content\/uploads\/2021\/02\/ST583C1.jpg","episode_player_image":"https:\/\/stepienybarno.es\/blog\/wp-content\/uploads\/2020\/11\/stepienybarno-podcast-scaled.jpg","download_link":"","player_link":"","audio_player":false,"episode_data":{"playerMode":"dark","subscribeUrls":[],"rssFeedUrl":"https:\/\/stepienybarno.es\/blog\/feed\/podcast\/podcast-de-stepienybarno","embedCode":"<blockquote class=\"wp-embedded-content\" data-secret=\"sY9CiS4Ja9\"><a href=\"https:\/\/stepienybarno.es\/blog\/2021\/02\/22\/la-escuela-infantil-de-a-veigadana-en-mos-se-alza-con-el-premio-de-arquitectura-2020-y-el-arquitecto-manuel-gallego-jorreto-con-el-galardon-a-la-trayectoria-profesional\/\">La escuela infantil de A Veigada\u00f1a en Mos se alza con el Premio de Arquitectura 2020 y el arquitecto Manuel Gallego Jorreto, con el galard\u00f3n a la trayectoria profesional<\/a><\/blockquote><iframe sandbox=\"allow-scripts\" security=\"restricted\" src=\"https:\/\/stepienybarno.es\/blog\/2021\/02\/22\/la-escuela-infantil-de-a-veigadana-en-mos-se-alza-con-el-premio-de-arquitectura-2020-y-el-arquitecto-manuel-gallego-jorreto-con-el-galardon-a-la-trayectoria-profesional\/embed\/#?secret=sY9CiS4Ja9\" width=\"500\" height=\"350\" title=\"\u00abLa escuela infantil de A Veigada\u00f1a en Mos se alza con el Premio de Arquitectura 2020 y el arquitecto Manuel Gallego Jorreto, con el galard\u00f3n a la trayectoria profesional\u00bb \u2014 Blog de STEPIEN Y BARNO - publicaci\u00f3n digital sobre arquitectura\" data-secret=\"sY9CiS4Ja9\" frameborder=\"0\" marginwidth=\"0\" marginheight=\"0\" scrolling=\"no\" class=\"wp-embedded-content\"><\/iframe><script type=\"text\/javascript\">\n\/* <![CDATA[ *\/\n\/*! This file is auto-generated *\/\n!function(d,l){\"use strict\";l.querySelector&&d.addEventListener&&\"undefined\"!=typeof URL&&(d.wp=d.wp||{},d.wp.receiveEmbedMessage||(d.wp.receiveEmbedMessage=function(e){var t=e.data;if((t||t.secret||t.message||t.value)&&!\/[^a-zA-Z0-9]\/.test(t.secret)){for(var s,r,n,a=l.querySelectorAll('iframe[data-secret=\"'+t.secret+'\"]'),o=l.querySelectorAll('blockquote[data-secret=\"'+t.secret+'\"]'),c=new RegExp(\"^https?:$\",\"i\"),i=0;i<o.length;i++)o[i].style.display=\"none\";for(i=0;i<a.length;i++)s=a[i],e.source===s.contentWindow&&(s.removeAttribute(\"style\"),\"height\"===t.message?(1e3<(r=parseInt(t.value,10))?r=1e3:~~r<200&&(r=200),s.height=r):\"link\"===t.message&&(r=new URL(s.getAttribute(\"src\")),n=new URL(t.value),c.test(n.protocol))&&n.host===r.host&&l.activeElement===s&&(d.top.location.href=t.value))}},d.addEventListener(\"message\",d.wp.receiveEmbedMessage,!1),l.addEventListener(\"DOMContentLoaded\",function(){for(var e,t,s=l.querySelectorAll(\"iframe.wp-embedded-content\"),r=0;r<s.length;r++)(t=(e=s[r]).getAttribute(\"data-secret\"))||(t=Math.random().toString(36).substring(2,12),e.src+=\"#?secret=\"+t,e.setAttribute(\"data-secret\",t)),e.contentWindow.postMessage({message:\"ready\",secret:t},\"*\")},!1)))}(window,document);\n\/* ]]> *\/\n<\/script>\n"},"_links":{"self":[{"href":"https:\/\/stepienybarno.es\/blog\/wp-json\/wp\/v2\/posts\/46367"}],"collection":[{"href":"https:\/\/stepienybarno.es\/blog\/wp-json\/wp\/v2\/posts"}],"about":[{"href":"https:\/\/stepienybarno.es\/blog\/wp-json\/wp\/v2\/types\/post"}],"author":[{"embeddable":true,"href":"https:\/\/stepienybarno.es\/blog\/wp-json\/wp\/v2\/users\/2"}],"replies":[{"embeddable":true,"href":"https:\/\/stepienybarno.es\/blog\/wp-json\/wp\/v2\/comments?post=46367"}],"version-history":[{"count":1,"href":"https:\/\/stepienybarno.es\/blog\/wp-json\/wp\/v2\/posts\/46367\/revisions"}],"predecessor-version":[{"id":46369,"href":"https:\/\/stepienybarno.es\/blog\/wp-json\/wp\/v2\/posts\/46367\/revisions\/46369"}],"wp:featuredmedia":[{"embeddable":true,"href":"https:\/\/stepienybarno.es\/blog\/wp-json\/wp\/v2\/media\/46368"}],"wp:attachment":[{"href":"https:\/\/stepienybarno.es\/blog\/wp-json\/wp\/v2\/media?parent=46367"}],"wp:term":[{"taxonomy":"category","embeddable":true,"href":"https:\/\/stepienybarno.es\/blog\/wp-json\/wp\/v2\/categories?post=46367"},{"taxonomy":"post_tag","embeddable":true,"href":"https:\/\/stepienybarno.es\/blog\/wp-json\/wp\/v2\/tags?post=46367"},{"taxonomy":"series","embeddable":true,"href":"https:\/\/stepienybarno.es\/blog\/wp-json\/wp\/v2\/series?post=46367"}],"curies":[{"name":"wp","href":"https:\/\/api.w.org\/{rel}","templated":true}]}}