{"id":46389,"date":"2021-02-23T08:01:10","date_gmt":"2021-02-23T06:01:10","guid":{"rendered":"https:\/\/www.stepienybarno.es\/blog\/?p=46389"},"modified":"2021-02-19T20:37:43","modified_gmt":"2021-02-19T18:37:43","slug":"como-mejorar-la-educacion-arquitectonica-aprender-y-desaprender-del-metodo-bellas-artes","status":"publish","type":"post","link":"https:\/\/stepienybarno.es\/blog\/2021\/02\/23\/como-mejorar-la-educacion-arquitectonica-aprender-y-desaprender-del-metodo-bellas-artes\/","title":{"rendered":"C\u00f3mo mejorar la educaci\u00f3n arquitect\u00f3nica: aprender (y desaprender) del m\u00e9todo Bellas Artes"},"content":{"rendered":"<p><img loading=\"lazy\" decoding=\"async\" class=\"aligncenter size-full wp-image-46390\" src=\"https:\/\/stepienybarno.es\/blog\/wp-content\/uploads\/2021\/02\/stepienybarno-Como-mejorar-la-educacion-arquitectonica-aprender-y-desaprender-del-metodo-Bellas-Artes-postdeldia.jpg\" alt=\"\" width=\"2000\" height=\"1333\" srcset=\"https:\/\/stepienybarno.es\/blog\/wp-content\/uploads\/2021\/02\/stepienybarno-Como-mejorar-la-educacion-arquitectonica-aprender-y-desaprender-del-metodo-Bellas-Artes-postdeldia.jpg 2000w, https:\/\/stepienybarno.es\/blog\/wp-content\/uploads\/2021\/02\/stepienybarno-Como-mejorar-la-educacion-arquitectonica-aprender-y-desaprender-del-metodo-Bellas-Artes-postdeldia-550x367.jpg 550w, https:\/\/stepienybarno.es\/blog\/wp-content\/uploads\/2021\/02\/stepienybarno-Como-mejorar-la-educacion-arquitectonica-aprender-y-desaprender-del-metodo-Bellas-Artes-postdeldia-1024x682.jpg 1024w, https:\/\/stepienybarno.es\/blog\/wp-content\/uploads\/2021\/02\/stepienybarno-Como-mejorar-la-educacion-arquitectonica-aprender-y-desaprender-del-metodo-Bellas-Artes-postdeldia-180x120.jpg 180w, https:\/\/stepienybarno.es\/blog\/wp-content\/uploads\/2021\/02\/stepienybarno-Como-mejorar-la-educacion-arquitectonica-aprender-y-desaprender-del-metodo-Bellas-Artes-postdeldia-1536x1024.jpg 1536w, https:\/\/stepienybarno.es\/blog\/wp-content\/uploads\/2021\/02\/stepienybarno-Como-mejorar-la-educacion-arquitectonica-aprender-y-desaprender-del-metodo-Bellas-Artes-postdeldia-316x211.jpg 316w\" sizes=\"(max-width: 2000px) 100vw, 2000px\" \/><\/p>\n<h1><strong>Por: Michaela Wozniak | Traducido por Isadora Stockins<\/strong><\/h1>\n<h2><strong>Desde: Plataforma arquitectura<br \/>\n<\/strong><\/h2>\n<h2><strong>Fotograf\u00eda: Steven Lin<br \/>\n<\/strong><\/h2>\n<p style=\"padding-left: 40px;\"><!--more--><\/p>\n<div>\n<p>Aprender a dise\u00f1ar es dif\u00edcil. Requiere que los estudiantes aprendan una forma completamente nueva de pensar y ver el mundo. Incluso requiere un vocabulario completamente nuevo. Entonces, la escuela de arquitectura es con raz\u00f3n dif\u00edcil. Sin embargo, la escuela de arquitectura es conocida por ser dif\u00edcil por las razones equivocadas; el estudio se considera un lugar m\u00edstico en los campus universitarios llenos de estudiantes privados de sue\u00f1o que est\u00e1n dise\u00f1ando simplemente porque los profesores decretan que deben hacerlo, tanto que cuando un estudiante que no es de arquitectura se encuentra con un estudiante de arquitectura en el patio, inmediatamente ofrecen sus condolencias. Esta percepci\u00f3n existe porque la cultura de estudio todav\u00eda no ha evolucionado a partir de su r\u00edgida jerarqu\u00eda, originada en el m\u00e9todo de ense\u00f1anza de Bellas Artes, la cual se nutre de la competencia y la intensidad y crea un caldo de cultivo para estudiantes infelices.<\/p>\n<p>&nbsp;<\/p>\n<p style=\"text-align: center;\">Acceder al Post <a href=\"https:\/\/bit.ly\/3ugkZSn\" target=\"_blank\" rel=\"noopener noreferrer\">AQU\u00cd<\/a><\/p>\n<hr \/>\n<h5><strong>Autores del post: <a href=\"https:\/\/stepienybarno.es\/blog\/2011\/09\/04\/las-fortalezas-del-arquitecto\/\">Stepienybarno<\/a> _ Agnieszka Stepien y Lorenzo Barn\u00f3<\/strong><\/h5>\n<h5>Y como siempre, si te gust\u00f3 el post, estar\u00eda genial que lo compartas en tus redes sociales.<\/h5>\n<h5>A su vez, si todav\u00eda no est\u00e1s suscrito a nuestra Newsletter, te animamos a hacerlo en la casilla que tienes al terminar este art\u00edculo.<\/h5>\n<p>&nbsp;<\/p>\n<p>Suscribirte a nuestro blog y recibe gratis nuestra gu\u00eda: 10 Ideas para vender m\u00e1s si eres arquitecto<\/p>\n<p>Acceder: <a href=\"http:\/\/bit.ly\/2fkkTS7\">http:\/\/bit.ly\/2fkkTS7<\/a><\/p>\n<p>&nbsp;<\/p>\n<p>Si te interesa contactar con nosotros para que te ayudemos a mejorar tu visibilidad online y, en consecuencia, mejorar tus oportunidades laborales, no dudes en escribirnos a: <a href=\"mailto:blog@stepienybarno.es\">blog@stepienybarno.es<\/a><\/p>\n<p>&nbsp;<\/p>\n<p><em><a href=\"https:\/\/twitter.com\/stepienybarno\">Stepienybarno en TWITTER<\/a><\/em><\/p>\n<p><em><a href=\"https:\/\/twitter.com\/stepienybarno\">@stepienybarno (+ de 16.000 seguidores)<\/a><\/em><\/p>\n<p><em><a href=\"https:\/\/twitter.com\/stepienybarno?lang=es\">https:\/\/twitter.com\/stepienybarno?lang=es<\/a><\/em><\/p>\n<p><em><a href=\"https:\/\/www.facebook.com\/pages\/BLOG-DE-STEPIENYBARNO\/78001079029\">Stepienybarno en FACEBOOK (+ de 24<u>.000 seguidores)<\/u><\/a><\/em><\/p>\n<p><em><a href=\"https:\/\/www.facebook.com\/StepienyBarnoArquitecturaeIdentidadDigital\/\">https:\/\/www.facebook.com\/StepienyBarnoArquitecturaeIdentidadDigital\/<\/a><\/em><\/p>\n<p><em>Acceder a nuestro GRUPO CERRADO DE FACEBOOK sobre Identidad Digital para Arquitectos:<\/em><\/p>\n<p><em><a href=\"https:\/\/www.facebook.com\/groups\/IdentidadDigitalParaArquitectos\/\">https:\/\/www.facebook.com\/groups\/IdentidadDigitalParaArquitectos\/<\/a><\/em><\/p>\n<p><em>Suscr\u00edbete a nuestro canal de YOUTUBE: <a href=\"http:\/\/bit.ly\/2A1UtAd\">http:\/\/bit.ly\/2A1UtAd<\/a><\/em><\/p>\n<p>&nbsp;<\/p>\n<p>* <a href=\"https:\/\/stepienybarno.es\/blog\/2011\/09\/04\/las-fortalezas-del-arquitecto\/\">Stepienybarno<\/a> est\u00e1 formado por Agnieszka Stepien y Lorenzo Barn\u00f3 y desde mayo del 2009 estamos en la red con la presente publicaci\u00f3n digital (Blog) de arquitectura.<\/p>\n<p>Nuestra actividad se sustenta en tres pilares b\u00e1sicos: la investigaci\u00f3n, la publicaci\u00f3n y la redacci\u00f3n de proyectos de arquitectura.<\/p>\n<p>A su vez, somos socios cofundadores de <a href=\"http:\/\/sinergiasostenible.org\/\">SINERGIA SOSTENIBLE<\/a> y directores del blog de FUNDACI\u00d3N ARQUIA.<\/p>\n<\/div>\n","protected":false},"excerpt":{"rendered":"<p>Por: Michaela Wozniak | Traducido por Isadora Stockins Desde: Plataforma<\/p>\n","protected":false},"author":2,"featured_media":46390,"comment_status":"open","ping_status":"closed","sticky":false,"template":"","format":"standard","meta":{"om_disable_all_campaigns":false,"_monsterinsights_skip_tracking":false,"_monsterinsights_sitenote_active":false,"_monsterinsights_sitenote_note":"","_monsterinsights_sitenote_category":0,"_uf_show_specific_survey":0,"_uf_disable_surveys":false,"episode_type":"audio","audio_file":"","cover_image":"","cover_image_id":"","duration":"","filesize":"","date_recorded":"","explicit":"","block":"","filesize_raw":"","footnotes":""},"categories":[244],"tags":[7541,7927],"series":[],"class_list":["post-46389","post","type-post","status-publish","format-standard","has-post-thumbnail","hentry","category-canal-de-arquitectura","tag-arquitectura-educacion","tag-bellas-artes"],"aioseo_notices":[],"episode_featured_image":"https:\/\/stepienybarno.es\/blog\/wp-content\/uploads\/2021\/02\/stepienybarno-Como-mejorar-la-educacion-arquitectonica-aprender-y-desaprender-del-metodo-Bellas-Artes-postdeldia.jpg","episode_player_image":"https:\/\/stepienybarno.es\/blog\/wp-content\/uploads\/2020\/11\/stepienybarno-podcast-scaled.jpg","download_link":"","player_link":"","audio_player":false,"episode_data":{"playerMode":"dark","subscribeUrls":[],"rssFeedUrl":"https:\/\/stepienybarno.es\/blog\/feed\/podcast\/podcast-de-stepienybarno","embedCode":"<blockquote class=\"wp-embedded-content\" data-secret=\"HfV9GTv1fk\"><a href=\"https:\/\/stepienybarno.es\/blog\/2021\/02\/23\/como-mejorar-la-educacion-arquitectonica-aprender-y-desaprender-del-metodo-bellas-artes\/\">C\u00f3mo mejorar la educaci\u00f3n arquitect\u00f3nica: aprender (y desaprender) del m\u00e9todo Bellas Artes<\/a><\/blockquote><iframe sandbox=\"allow-scripts\" security=\"restricted\" src=\"https:\/\/stepienybarno.es\/blog\/2021\/02\/23\/como-mejorar-la-educacion-arquitectonica-aprender-y-desaprender-del-metodo-bellas-artes\/embed\/#?secret=HfV9GTv1fk\" width=\"500\" height=\"350\" title=\"\u00abC\u00f3mo mejorar la educaci\u00f3n arquitect\u00f3nica: aprender (y desaprender) del m\u00e9todo Bellas Artes\u00bb \u2014 Blog de STEPIEN Y BARNO - publicaci\u00f3n digital sobre arquitectura\" data-secret=\"HfV9GTv1fk\" frameborder=\"0\" marginwidth=\"0\" marginheight=\"0\" scrolling=\"no\" class=\"wp-embedded-content\"><\/iframe><script type=\"text\/javascript\">\n\/* <![CDATA[ *\/\n\/*! This file is auto-generated *\/\n!function(d,l){\"use strict\";l.querySelector&&d.addEventListener&&\"undefined\"!=typeof URL&&(d.wp=d.wp||{},d.wp.receiveEmbedMessage||(d.wp.receiveEmbedMessage=function(e){var t=e.data;if((t||t.secret||t.message||t.value)&&!\/[^a-zA-Z0-9]\/.test(t.secret)){for(var s,r,n,a=l.querySelectorAll('iframe[data-secret=\"'+t.secret+'\"]'),o=l.querySelectorAll('blockquote[data-secret=\"'+t.secret+'\"]'),c=new RegExp(\"^https?:$\",\"i\"),i=0;i<o.length;i++)o[i].style.display=\"none\";for(i=0;i<a.length;i++)s=a[i],e.source===s.contentWindow&&(s.removeAttribute(\"style\"),\"height\"===t.message?(1e3<(r=parseInt(t.value,10))?r=1e3:~~r<200&&(r=200),s.height=r):\"link\"===t.message&&(r=new URL(s.getAttribute(\"src\")),n=new URL(t.value),c.test(n.protocol))&&n.host===r.host&&l.activeElement===s&&(d.top.location.href=t.value))}},d.addEventListener(\"message\",d.wp.receiveEmbedMessage,!1),l.addEventListener(\"DOMContentLoaded\",function(){for(var e,t,s=l.querySelectorAll(\"iframe.wp-embedded-content\"),r=0;r<s.length;r++)(t=(e=s[r]).getAttribute(\"data-secret\"))||(t=Math.random().toString(36).substring(2,12),e.src+=\"#?secret=\"+t,e.setAttribute(\"data-secret\",t)),e.contentWindow.postMessage({message:\"ready\",secret:t},\"*\")},!1)))}(window,document);\n\/* ]]> *\/\n<\/script>\n"},"_links":{"self":[{"href":"https:\/\/stepienybarno.es\/blog\/wp-json\/wp\/v2\/posts\/46389"}],"collection":[{"href":"https:\/\/stepienybarno.es\/blog\/wp-json\/wp\/v2\/posts"}],"about":[{"href":"https:\/\/stepienybarno.es\/blog\/wp-json\/wp\/v2\/types\/post"}],"author":[{"embeddable":true,"href":"https:\/\/stepienybarno.es\/blog\/wp-json\/wp\/v2\/users\/2"}],"replies":[{"embeddable":true,"href":"https:\/\/stepienybarno.es\/blog\/wp-json\/wp\/v2\/comments?post=46389"}],"version-history":[{"count":2,"href":"https:\/\/stepienybarno.es\/blog\/wp-json\/wp\/v2\/posts\/46389\/revisions"}],"predecessor-version":[{"id":46394,"href":"https:\/\/stepienybarno.es\/blog\/wp-json\/wp\/v2\/posts\/46389\/revisions\/46394"}],"wp:featuredmedia":[{"embeddable":true,"href":"https:\/\/stepienybarno.es\/blog\/wp-json\/wp\/v2\/media\/46390"}],"wp:attachment":[{"href":"https:\/\/stepienybarno.es\/blog\/wp-json\/wp\/v2\/media?parent=46389"}],"wp:term":[{"taxonomy":"category","embeddable":true,"href":"https:\/\/stepienybarno.es\/blog\/wp-json\/wp\/v2\/categories?post=46389"},{"taxonomy":"post_tag","embeddable":true,"href":"https:\/\/stepienybarno.es\/blog\/wp-json\/wp\/v2\/tags?post=46389"},{"taxonomy":"series","embeddable":true,"href":"https:\/\/stepienybarno.es\/blog\/wp-json\/wp\/v2\/series?post=46389"}],"curies":[{"name":"wp","href":"https:\/\/api.w.org\/{rel}","templated":true}]}}