{"id":46417,"date":"2021-02-22T17:55:27","date_gmt":"2021-02-22T15:55:27","guid":{"rendered":"https:\/\/www.stepienybarno.es\/blog\/?p=46417"},"modified":"2022-03-31T12:57:50","modified_gmt":"2022-03-31T10:57:50","slug":"episodio-77-instatectura-la-semana-en-syb-fermina-garrido-bienal-de-arquitectura-y-arquicafe-con-ignacio-rubino","status":"publish","type":"post","link":"https:\/\/stepienybarno.es\/blog\/2021\/02\/22\/episodio-77-instatectura-la-semana-en-syb-fermina-garrido-bienal-de-arquitectura-y-arquicafe-con-ignacio-rubino\/","title":{"rendered":"#Episodio 77. Instatectura la semana en SyB. Fermina Garrido , Bienal de Arquitectura y Arquicafe con Ignacio Rubi\u00f1o"},"content":{"rendered":"<p><img loading=\"lazy\" decoding=\"async\" class=\"aligncenter size-full wp-image-46419\" src=\"https:\/\/stepienybarno.es\/blog\/wp-content\/uploads\/2021\/02\/stepienybarno-instatectura-dario-nunez-uxua-domblas-fermina-garrido.png\" alt=\"\" width=\"1280\" height=\"720\" srcset=\"https:\/\/stepienybarno.es\/blog\/wp-content\/uploads\/2021\/02\/stepienybarno-instatectura-dario-nunez-uxua-domblas-fermina-garrido.png 1280w, https:\/\/stepienybarno.es\/blog\/wp-content\/uploads\/2021\/02\/stepienybarno-instatectura-dario-nunez-uxua-domblas-fermina-garrido-550x309.png 550w, https:\/\/stepienybarno.es\/blog\/wp-content\/uploads\/2021\/02\/stepienybarno-instatectura-dario-nunez-uxua-domblas-fermina-garrido-1024x576.png 1024w, https:\/\/stepienybarno.es\/blog\/wp-content\/uploads\/2021\/02\/stepienybarno-instatectura-dario-nunez-uxua-domblas-fermina-garrido-180x101.png 180w, https:\/\/stepienybarno.es\/blog\/wp-content\/uploads\/2021\/02\/stepienybarno-instatectura-dario-nunez-uxua-domblas-fermina-garrido-316x178.png 316w\" sizes=\"(max-width: 1280px) 100vw, 1280px\" \/><\/p>\n<p>Primero, como cada lunes, os presentamos la sesi\u00f3n de Instatectura la semana en SyB, un repaso que haremos para comentaros en qu\u00e9 hemos estado y en qu\u00e9 estamos metidos. En el instatectura de hoy hablaremos con Fermina Garrido sobre Arquitectura de los cuidados, hablaremos del Arquicaf\u00e9 con Ignacio Rubi\u00f1o y trataremos sobre el tema de la pr\u00f3xima bienal de Arquitectura Espa\u00f1ola<\/p>\n<p><!--more--><\/p>\n<p>En el podcast de hoy podr\u00e9is escuchar c\u00f3mo Uxua y Dar\u00edo os contar\u00e1n un resumen de todas las actividades en las que estamos trabajando y tambi\u00e9n las pr\u00f3ximas que ir\u00e9is conociendo esta semana, con la inestimable colaboraci\u00f3n Hoy de Fermina Garrido.<\/p>\n<h2>Instatectura la semana en Stepien y Barno<\/h2>\n<p>Nueva semana sobre Arquitectura, Identidad Digital y productividad.<\/p>\n<p><span class=\"style-scope yt-formatted-string\" dir=\"auto\">\ud83d\udc49 Hoy Dar\u00edo N\u00fa\u00f1ez y Uxua Dombl\u00e1s cuentan con nueva invitada: Milena Villalba, arquitecta especializada en fotograf\u00eda de arquitectura.<\/span><\/p>\n<h3>Congreso Arquitectura de los cuidados<\/h3>\n<p><span class=\"style-scope yt-formatted-string\" dir=\"auto\">\ud83d\udce3 Un Congreso m\u00e1s que necesario que pretende crear red y ser catalizador de todo pensamiento vinculado a la ciudad y a la arquitectura de los cuidados \ud83d\udc9c. <\/span><\/p>\n<p><span class=\"style-scope yt-formatted-string\" dir=\"auto\">Un \u00e1rea en el que cada vez hay m\u00e1s equipos y personas trabajando. (Guante que lanzamos aqu\u00ed al colectivo @colectivourbanas para hablar sobre sel documental que han hecho sobre el derecho a la vivienda \ud83c\udfe1) <\/span><\/p>\n<p><span class=\"style-scope yt-formatted-string\" dir=\"auto\">\u270d\ufe0f Fermina nos cuenta los entresijos del evento, formatos, fecha de los Open Call, y todos los detalles. <\/span><\/p>\n<h3>Arquicaf\u00e9 con Ignacio Rubi\u00f1o<\/h3>\n<p><span class=\"style-scope yt-formatted-string\" dir=\"auto\">\u2615 Hablamos del nuevo <\/span><a class=\"yt-simple-endpoint style-scope yt-formatted-string\" dir=\"auto\" spellcheck=\"false\" href=\"https:\/\/www.youtube.com\/hashtag\/arquicaf%C3%A9\">#arquicaf\u00e9<\/a><span class=\"style-scope yt-formatted-string\" dir=\"auto\">\u200b<\/span><span class=\"style-scope yt-formatted-string\" dir=\"auto\"> que hemos mantenido con Ignacio Rubi\u00f1o y que \u00a1ma\u00f1ana sale del horno! A ra\u00edz del libro editado por Recolectores Urbanos \ud83d\ude42 <\/span><\/p>\n<h3>Bienal de Arquitectura<\/h3>\n<p><span class=\"style-scope yt-formatted-string\" dir=\"auto\">\ud83d\udcf7 De la <a href=\"http:\/\/www.bienalesdearquitectura.es\/index.php\/es\/inicio-beau\">@bienal_beau<\/a> cuyos comisarios son <a href=\"https:\/\/stepienybarno.es\/blog\/2016\/11\/08\/para-que-sirve-un-arquitectoa-por-eugeni-bach\/\">Eugeni Bach<\/a>, <a href=\"https:\/\/stepienybarno.es\/blog\/2015\/01\/26\/arquientrevista-con-anna-eugeni-bach-arquitectes\/\">Anna Bach<\/a> y Oscar Miguel Ares (a quienes echamos el guante para un arquicaf\u00e9 o un directo como este!) <\/span><\/p>\n<p><span class=\"style-scope yt-formatted-string\" dir=\"auto\">\u261d\ufe0f La Bienal <strong>\u00abEspa\u00f1a Vac\u00eda, Espa\u00f1a llena<\/strong>\u00bb nos da el pretexto para hablar de nuevas formas de habitar en lo rural; <\/span><\/p>\n<p><span class=\"style-scope yt-formatted-string\" dir=\"auto\">\ud83e\uddd0 Desde la Iglesia de @tascareaga por @garmendiacorderoarquitectos (a quien esperamos tener por aqu\u00ed)&#8230; <\/span><\/p>\n<p><span class=\"style-scope yt-formatted-string\" dir=\"auto\">\ud83d\ude31 a la caba\u00f1a autosuficiente de Susan Sarandon (publicada en @ad_spain )&#8230;<\/span><\/p>\n<p><strong><a href=\"https:\/\/www.revistaad.es\/arquitectura\/articulos\/cabana-sostenible-autosuficiente-susan-sarandon\/28756\" target=\"_blank\" rel=\"noopener noreferrer\">+ INFO Aqu\u00ed<\/a><\/strong><\/p>\n<p><span class=\"style-scope yt-formatted-string\" dir=\"auto\">\ud83d\ude90 pasando por el proyecto de <strong><a href=\"https:\/\/travesiapirenaica.com\/territories-by-people-on-the-road\/\">@territoriesbypeople<\/a><\/strong> con @travesiapirenaica @urbanohumano @conexiones_improbables &#8230;<\/span><\/p>\n<p><span class=\"style-scope yt-formatted-string\" dir=\"auto\">\ud83c\udfde\ufe0f por el proyecto del youtuber <strong><a href=\"https:\/\/www.youtube.com\/watch?v=HaTYUCEV4X8&amp;feature=youtu.be\">@haciendolopo<\/a><\/strong> aragon\u00e9s que viaja a Burgos para dar un giro de 180\u00b0 en su vida&#8230; <\/span><\/p>\n<p><span class=\"style-scope yt-formatted-string\" dir=\"auto\">\ud83c\udfe1 o por el proyecto de <strong><a href=\"https:\/\/www.instagram.com\/construyendo_nuestra_casa\/\">@construyendo_nuestra_casa<\/a><\/strong> de Irantzu y Ferm\u00edn en Zoroquiain, en Navarra.<\/span><\/p>\n<p>&nbsp;<\/p>\n<p><iframe loading=\"lazy\" title=\"CONGRESO LOS CUIDADOS Y NUEVAS FORMAS DE HABITAR EN LO RURAL\" width=\"911\" height=\"512\" src=\"https:\/\/www.youtube.com\/embed\/fEdvns5l2Ys?feature=oembed\" frameborder=\"0\" allow=\"accelerometer; autoplay; clipboard-write; encrypted-media; gyroscope; picture-in-picture\" allowfullscreen><\/iframe><\/p>\n<h3>Esperamos que os haya gustado nuestro Instatectura la semana en SyB.<\/h3>\n","protected":false},"excerpt":{"rendered":"<p>Primero, como cada lunes, os presentamos la sesi\u00f3n de Instatectura<\/p>\n","protected":false},"author":2,"featured_media":46419,"comment_status":"open","ping_status":"closed","sticky":false,"template":"","format":"standard","meta":{"om_disable_all_campaigns":false,"_monsterinsights_skip_tracking":false,"_monsterinsights_sitenote_active":false,"_monsterinsights_sitenote_note":"","_monsterinsights_sitenote_category":0,"_uf_show_specific_survey":0,"_uf_disable_surveys":false,"episode_type":"audio","audio_file":"https:\/\/stepienybarno.es\/blog\/wp-content\/uploads\/2021\/02\/77-Congreso-Cuidados-Arquicafe-Ignacio-Rubino-y-Espana-Vacia-Espana-llena-1.mp3","cover_image":"","cover_image_id":"","duration":"28:11","filesize":"12.9M","date_recorded":"2021-02-22 17:55:27","explicit":"","block":"","filesize_raw":"13529189","footnotes":""},"categories":[34],"tags":[3947,8563,3966,4199,6367,8575,8110,8574,7997,1299],"series":[10115],"class_list":["post-46417","post","type-post","status-publish","format-standard","has-post-thumbnail","hentry","category-actualidad","tag-anna-and-eugeni-bach","tag-arquitectura-de-los-cuidados","tag-bienales-de-arquitectura","tag-dario-nunez","tag-fermina-garrido","tag-ignacio-rubino","tag-instatectura","tag-oscar-ares","tag-podcast","tag-uxua-domblas","series-podcast-de-stepienybarno"],"aioseo_notices":[],"episode_featured_image":"https:\/\/stepienybarno.es\/blog\/wp-content\/uploads\/2021\/02\/stepienybarno-instatectura-dario-nunez-uxua-domblas-fermina-garrido.png","episode_player_image":"https:\/\/stepienybarno.es\/blog\/wp-content\/uploads\/2020\/11\/stepienybarno-podcast-scaled.jpg","download_link":"https:\/\/stepienybarno.es\/blog\/podcast-download\/46417\/episodio-77-instatectura-la-semana-en-syb-fermina-garrido-bienal-de-arquitectura-y-arquicafe-con-ignacio-rubino.mp3","player_link":"https:\/\/stepienybarno.es\/blog\/podcast-player\/46417\/episodio-77-instatectura-la-semana-en-syb-fermina-garrido-bienal-de-arquitectura-y-arquicafe-con-ignacio-rubino.mp3","audio_player":"<!--[if lt IE 9]><script>document.createElement('audio');<\/script><![endif]-->\n<audio class=\"wp-audio-shortcode\" id=\"audio-46417-1\" preload=\"none\" style=\"width: 100%;\" controls=\"controls\"><source type=\"audio\/mpeg\" src=\"https:\/\/stepienybarno.es\/blog\/podcast-player\/46417\/episodio-77-instatectura-la-semana-en-syb-fermina-garrido-bienal-de-arquitectura-y-arquicafe-con-ignacio-rubino.mp3?_=1\" \/><a href=\"https:\/\/stepienybarno.es\/blog\/podcast-player\/46417\/episodio-77-instatectura-la-semana-en-syb-fermina-garrido-bienal-de-arquitectura-y-arquicafe-con-ignacio-rubino.mp3\">https:\/\/stepienybarno.es\/blog\/podcast-player\/46417\/episodio-77-instatectura-la-semana-en-syb-fermina-garrido-bienal-de-arquitectura-y-arquicafe-con-ignacio-rubino.mp3<\/a><\/audio>","episode_data":{"playerMode":"dark","subscribeUrls":[],"rssFeedUrl":"https:\/\/stepienybarno.es\/blog\/feed\/podcast\/podcast-de-stepienybarno","embedCode":"<blockquote class=\"wp-embedded-content\" data-secret=\"resb7PDhml\"><a href=\"https:\/\/stepienybarno.es\/blog\/2021\/02\/22\/episodio-77-instatectura-la-semana-en-syb-fermina-garrido-bienal-de-arquitectura-y-arquicafe-con-ignacio-rubino\/\">#Episodio 77. Instatectura la semana en SyB. Fermina Garrido , Bienal de Arquitectura y Arquicafe con Ignacio Rubi\u00f1o<\/a><\/blockquote><iframe sandbox=\"allow-scripts\" security=\"restricted\" src=\"https:\/\/stepienybarno.es\/blog\/2021\/02\/22\/episodio-77-instatectura-la-semana-en-syb-fermina-garrido-bienal-de-arquitectura-y-arquicafe-con-ignacio-rubino\/embed\/#?secret=resb7PDhml\" width=\"500\" height=\"350\" title=\"\u00ab#Episodio 77. Instatectura la semana en SyB. Fermina Garrido , Bienal de Arquitectura y Arquicafe con Ignacio Rubi\u00f1o\u00bb \u2014 Blog de STEPIEN Y BARNO - publicaci\u00f3n digital sobre arquitectura\" data-secret=\"resb7PDhml\" frameborder=\"0\" marginwidth=\"0\" marginheight=\"0\" scrolling=\"no\" class=\"wp-embedded-content\"><\/iframe><script type=\"text\/javascript\">\n\/* <![CDATA[ *\/\n\/*! This file is auto-generated *\/\n!function(d,l){\"use strict\";l.querySelector&&d.addEventListener&&\"undefined\"!=typeof URL&&(d.wp=d.wp||{},d.wp.receiveEmbedMessage||(d.wp.receiveEmbedMessage=function(e){var t=e.data;if((t||t.secret||t.message||t.value)&&!\/[^a-zA-Z0-9]\/.test(t.secret)){for(var s,r,n,a=l.querySelectorAll('iframe[data-secret=\"'+t.secret+'\"]'),o=l.querySelectorAll('blockquote[data-secret=\"'+t.secret+'\"]'),c=new RegExp(\"^https?:$\",\"i\"),i=0;i<o.length;i++)o[i].style.display=\"none\";for(i=0;i<a.length;i++)s=a[i],e.source===s.contentWindow&&(s.removeAttribute(\"style\"),\"height\"===t.message?(1e3<(r=parseInt(t.value,10))?r=1e3:~~r<200&&(r=200),s.height=r):\"link\"===t.message&&(r=new URL(s.getAttribute(\"src\")),n=new URL(t.value),c.test(n.protocol))&&n.host===r.host&&l.activeElement===s&&(d.top.location.href=t.value))}},d.addEventListener(\"message\",d.wp.receiveEmbedMessage,!1),l.addEventListener(\"DOMContentLoaded\",function(){for(var e,t,s=l.querySelectorAll(\"iframe.wp-embedded-content\"),r=0;r<s.length;r++)(t=(e=s[r]).getAttribute(\"data-secret\"))||(t=Math.random().toString(36).substring(2,12),e.src+=\"#?secret=\"+t,e.setAttribute(\"data-secret\",t)),e.contentWindow.postMessage({message:\"ready\",secret:t},\"*\")},!1)))}(window,document);\n\/* ]]> *\/\n<\/script>\n"},"_links":{"self":[{"href":"https:\/\/stepienybarno.es\/blog\/wp-json\/wp\/v2\/posts\/46417"}],"collection":[{"href":"https:\/\/stepienybarno.es\/blog\/wp-json\/wp\/v2\/posts"}],"about":[{"href":"https:\/\/stepienybarno.es\/blog\/wp-json\/wp\/v2\/types\/post"}],"author":[{"embeddable":true,"href":"https:\/\/stepienybarno.es\/blog\/wp-json\/wp\/v2\/users\/2"}],"replies":[{"embeddable":true,"href":"https:\/\/stepienybarno.es\/blog\/wp-json\/wp\/v2\/comments?post=46417"}],"version-history":[{"count":2,"href":"https:\/\/stepienybarno.es\/blog\/wp-json\/wp\/v2\/posts\/46417\/revisions"}],"predecessor-version":[{"id":46424,"href":"https:\/\/stepienybarno.es\/blog\/wp-json\/wp\/v2\/posts\/46417\/revisions\/46424"}],"wp:featuredmedia":[{"embeddable":true,"href":"https:\/\/stepienybarno.es\/blog\/wp-json\/wp\/v2\/media\/46419"}],"wp:attachment":[{"href":"https:\/\/stepienybarno.es\/blog\/wp-json\/wp\/v2\/media?parent=46417"}],"wp:term":[{"taxonomy":"category","embeddable":true,"href":"https:\/\/stepienybarno.es\/blog\/wp-json\/wp\/v2\/categories?post=46417"},{"taxonomy":"post_tag","embeddable":true,"href":"https:\/\/stepienybarno.es\/blog\/wp-json\/wp\/v2\/tags?post=46417"},{"taxonomy":"series","embeddable":true,"href":"https:\/\/stepienybarno.es\/blog\/wp-json\/wp\/v2\/series?post=46417"}],"curies":[{"name":"wp","href":"https:\/\/api.w.org\/{rel}","templated":true}]}}