{"id":46535,"date":"2021-03-05T08:01:23","date_gmt":"2021-03-05T06:01:23","guid":{"rendered":"https:\/\/stepienybarno.es\/blog\/?p=46535"},"modified":"2021-03-01T19:29:04","modified_gmt":"2021-03-01T17:29:04","slug":"dpz-impulsa-el-desarrollo-sostenible-de-su-patrimonio-cultural-y-natural-entre-los-profesionales-del-sector","status":"publish","type":"post","link":"https:\/\/stepienybarno.es\/blog\/2021\/03\/05\/dpz-impulsa-el-desarrollo-sostenible-de-su-patrimonio-cultural-y-natural-entre-los-profesionales-del-sector\/","title":{"rendered":"DPZ impulsa el desarrollo sostenible de su patrimonio cultural y natural entre los profesionales del sector"},"content":{"rendered":"<p><img loading=\"lazy\" decoding=\"async\" class=\"aligncenter wp-image-46536\" src=\"https:\/\/stepienybarno.es\/blog\/wp-content\/uploads\/2021\/03\/stepienybarno-DPZ-impulsa-el-desarrollo-sostenible-de-su-patrimonio-cultural-y-natural-entre-los-profesionales-del-sector-postdeldia.jpg\" alt=\"\" width=\"750\" height=\"500\" srcset=\"https:\/\/stepienybarno.es\/blog\/wp-content\/uploads\/2021\/03\/stepienybarno-DPZ-impulsa-el-desarrollo-sostenible-de-su-patrimonio-cultural-y-natural-entre-los-profesionales-del-sector-postdeldia.jpg 420w, https:\/\/stepienybarno.es\/blog\/wp-content\/uploads\/2021\/03\/stepienybarno-DPZ-impulsa-el-desarrollo-sostenible-de-su-patrimonio-cultural-y-natural-entre-los-profesionales-del-sector-postdeldia-180x120.jpg 180w, https:\/\/stepienybarno.es\/blog\/wp-content\/uploads\/2021\/03\/stepienybarno-DPZ-impulsa-el-desarrollo-sostenible-de-su-patrimonio-cultural-y-natural-entre-los-profesionales-del-sector-postdeldia-316x211.jpg 316w\" sizes=\"(max-width: 750px) 100vw, 750px\" \/><\/p>\n<h2><strong>Desde: 20minutos<br \/>\n<\/strong><\/h2>\n<h2>Fotograf\u00eda: <span class=\"fotoPie\">Proyecto europeo MOMAr, liderado por DPZ, celebra su II encuentro con entidades ligadas a patrimonio cultural.<\/span><span class=\"fotofirma\"> &#8211; DIPUTACI\u00d3N DE ZARAGOZA <\/span><\/h2>\n<p><!--more-->\u00bfC\u00f3mo lograr que los paritorios se conviertan en lugares acogedores para la mujer? La arquitecta Marta Parra, del estudio Parra-M\u00fcller, nos ayuda a comprender en qu\u00e9 consiste esta herramienta que tambi\u00e9n sirve para combatir la violencia obst\u00e9trica.<\/p>\n<p style=\"text-align: center;\">Acceder al Post <a href=\"http:\/\/bit.ly\/3kLCuGd\" target=\"_blank\" rel=\"noopener noreferrer\">AQU\u00cd<\/a><\/p>\n<hr \/>\n<h5><strong>Autores del post: <a href=\"https:\/\/stepienybarno.es\/blog\/2011\/09\/04\/las-fortalezas-del-arquitecto\/\">Stepienybarno<\/a> _ Agnieszka Stepien y Lorenzo Barn\u00f3<\/strong><\/h5>\n<h5>Y como siempre, si te gust\u00f3 el post, estar\u00eda genial que lo compartas en tus redes sociales.<\/h5>\n<h5>A su vez, si todav\u00eda no est\u00e1s suscrito a nuestra Newsletter, te animamos a hacerlo en la casilla que tienes al terminar este art\u00edculo.<\/h5>\n<p>&nbsp;<\/p>\n<p>Suscribirte a nuestro blog y recibe gratis nuestra gu\u00eda: 10 Ideas para vender m\u00e1s si eres arquitecto<\/p>\n<p>Acceder: <a href=\"http:\/\/bit.ly\/2fkkTS7\">http:\/\/bit.ly\/2fkkTS7<\/a><\/p>\n<p>&nbsp;<\/p>\n<p>Si te interesa contactar con nosotros para que te ayudemos a mejorar tu visibilidad online y, en consecuencia, mejorar tus oportunidades laborales, no dudes en escribirnos a: <a href=\"mailto:blog@stepienybarno.es\">blog@stepienybarno.es<\/a><\/p>\n<p>&nbsp;<\/p>\n<p><em><a href=\"https:\/\/twitter.com\/stepienybarno\">Stepienybarno en TWITTER<\/a><\/em><\/p>\n<p><em><a href=\"https:\/\/twitter.com\/stepienybarno\">@stepienybarno (+ de 16.000 seguidores)<\/a><\/em><\/p>\n<p><em><a href=\"https:\/\/twitter.com\/stepienybarno?lang=es\">https:\/\/twitter.com\/stepienybarno?lang=es<\/a><\/em><\/p>\n<p><em><a href=\"https:\/\/www.facebook.com\/pages\/BLOG-DE-STEPIENYBARNO\/78001079029\">Stepienybarno en FACEBOOK (+ de 24<u>.000 seguidores)<\/u><\/a><\/em><\/p>\n<p><em><a href=\"https:\/\/www.facebook.com\/StepienyBarnoArquitecturaeIdentidadDigital\/\">https:\/\/www.facebook.com\/StepienyBarnoArquitecturaeIdentidadDigital\/<\/a><\/em><\/p>\n<p><em>Acceder a nuestro GRUPO CERRADO DE FACEBOOK sobre Identidad Digital para Arquitectos:<\/em><\/p>\n<p><em><a href=\"https:\/\/www.facebook.com\/groups\/IdentidadDigitalParaArquitectos\/\">https:\/\/www.facebook.com\/groups\/IdentidadDigitalParaArquitectos\/<\/a><\/em><\/p>\n<p><em>Suscr\u00edbete a nuestro canal de YOUTUBE: <a href=\"http:\/\/bit.ly\/2A1UtAd\">http:\/\/bit.ly\/2A1UtAd<\/a><\/em><\/p>\n<p>&nbsp;<\/p>\n<p>* <a href=\"https:\/\/stepienybarno.es\/blog\/2011\/09\/04\/las-fortalezas-del-arquitecto\/\">Stepienybarno<\/a> est\u00e1 formado por Agnieszka Stepien y Lorenzo Barn\u00f3 y desde mayo del 2009 estamos en la red con la presente publicaci\u00f3n digital (Blog) de arquitectura.<\/p>\n<p>Nuestra actividad se sustenta en tres pilares b\u00e1sicos: la investigaci\u00f3n, la publicaci\u00f3n y la redacci\u00f3n de proyectos de arquitectura.<\/p>\n<p>A su vez, somos socios cofundadores de <a href=\"http:\/\/sinergiasostenible.org\/\">SINERGIA SOSTENIBLE<\/a> y directores del blog de FUNDACI\u00d3N ARQUIA.<\/p>\n","protected":false},"excerpt":{"rendered":"<p>Desde: 20minutos Fotograf\u00eda: Proyecto europeo MOMAr, liderado por DPZ, celebra<\/p>\n","protected":false},"author":2,"featured_media":46536,"comment_status":"open","ping_status":"closed","sticky":false,"template":"","format":"standard","meta":{"om_disable_all_campaigns":false,"_monsterinsights_skip_tracking":false,"_monsterinsights_sitenote_active":false,"_monsterinsights_sitenote_note":"","_monsterinsights_sitenote_category":0,"_uf_show_specific_survey":0,"_uf_disable_surveys":false,"episode_type":"audio","audio_file":"","cover_image":"","cover_image_id":"","duration":"","filesize":"","date_recorded":"","explicit":"","block":"","filesize_raw":"","footnotes":""},"categories":[244],"tags":[],"series":[],"class_list":["post-46535","post","type-post","status-publish","format-standard","has-post-thumbnail","hentry","category-canal-de-arquitectura"],"aioseo_notices":[],"episode_featured_image":"https:\/\/stepienybarno.es\/blog\/wp-content\/uploads\/2021\/03\/stepienybarno-DPZ-impulsa-el-desarrollo-sostenible-de-su-patrimonio-cultural-y-natural-entre-los-profesionales-del-sector-postdeldia.jpg","episode_player_image":"https:\/\/stepienybarno.es\/blog\/wp-content\/uploads\/2020\/11\/stepienybarno-podcast-scaled.jpg","download_link":"","player_link":"","audio_player":false,"episode_data":{"playerMode":"dark","subscribeUrls":[],"rssFeedUrl":"https:\/\/stepienybarno.es\/blog\/feed\/podcast\/podcast-de-stepienybarno","embedCode":"<blockquote class=\"wp-embedded-content\" data-secret=\"FmrfylUHy3\"><a href=\"https:\/\/stepienybarno.es\/blog\/2021\/03\/05\/dpz-impulsa-el-desarrollo-sostenible-de-su-patrimonio-cultural-y-natural-entre-los-profesionales-del-sector\/\">DPZ impulsa el desarrollo sostenible de su patrimonio cultural y natural entre los profesionales del sector<\/a><\/blockquote><iframe sandbox=\"allow-scripts\" security=\"restricted\" src=\"https:\/\/stepienybarno.es\/blog\/2021\/03\/05\/dpz-impulsa-el-desarrollo-sostenible-de-su-patrimonio-cultural-y-natural-entre-los-profesionales-del-sector\/embed\/#?secret=FmrfylUHy3\" width=\"500\" height=\"350\" title=\"\u00abDPZ impulsa el desarrollo sostenible de su patrimonio cultural y natural entre los profesionales del sector\u00bb \u2014 Blog de STEPIEN Y BARNO - publicaci\u00f3n digital sobre arquitectura\" data-secret=\"FmrfylUHy3\" frameborder=\"0\" marginwidth=\"0\" marginheight=\"0\" scrolling=\"no\" class=\"wp-embedded-content\"><\/iframe><script type=\"text\/javascript\">\n\/* <![CDATA[ *\/\n\/*! This file is auto-generated *\/\n!function(d,l){\"use strict\";l.querySelector&&d.addEventListener&&\"undefined\"!=typeof URL&&(d.wp=d.wp||{},d.wp.receiveEmbedMessage||(d.wp.receiveEmbedMessage=function(e){var t=e.data;if((t||t.secret||t.message||t.value)&&!\/[^a-zA-Z0-9]\/.test(t.secret)){for(var s,r,n,a=l.querySelectorAll('iframe[data-secret=\"'+t.secret+'\"]'),o=l.querySelectorAll('blockquote[data-secret=\"'+t.secret+'\"]'),c=new RegExp(\"^https?:$\",\"i\"),i=0;i<o.length;i++)o[i].style.display=\"none\";for(i=0;i<a.length;i++)s=a[i],e.source===s.contentWindow&&(s.removeAttribute(\"style\"),\"height\"===t.message?(1e3<(r=parseInt(t.value,10))?r=1e3:~~r<200&&(r=200),s.height=r):\"link\"===t.message&&(r=new URL(s.getAttribute(\"src\")),n=new URL(t.value),c.test(n.protocol))&&n.host===r.host&&l.activeElement===s&&(d.top.location.href=t.value))}},d.addEventListener(\"message\",d.wp.receiveEmbedMessage,!1),l.addEventListener(\"DOMContentLoaded\",function(){for(var e,t,s=l.querySelectorAll(\"iframe.wp-embedded-content\"),r=0;r<s.length;r++)(t=(e=s[r]).getAttribute(\"data-secret\"))||(t=Math.random().toString(36).substring(2,12),e.src+=\"#?secret=\"+t,e.setAttribute(\"data-secret\",t)),e.contentWindow.postMessage({message:\"ready\",secret:t},\"*\")},!1)))}(window,document);\n\/* ]]> *\/\n<\/script>\n"},"_links":{"self":[{"href":"https:\/\/stepienybarno.es\/blog\/wp-json\/wp\/v2\/posts\/46535"}],"collection":[{"href":"https:\/\/stepienybarno.es\/blog\/wp-json\/wp\/v2\/posts"}],"about":[{"href":"https:\/\/stepienybarno.es\/blog\/wp-json\/wp\/v2\/types\/post"}],"author":[{"embeddable":true,"href":"https:\/\/stepienybarno.es\/blog\/wp-json\/wp\/v2\/users\/2"}],"replies":[{"embeddable":true,"href":"https:\/\/stepienybarno.es\/blog\/wp-json\/wp\/v2\/comments?post=46535"}],"version-history":[{"count":2,"href":"https:\/\/stepienybarno.es\/blog\/wp-json\/wp\/v2\/posts\/46535\/revisions"}],"predecessor-version":[{"id":46538,"href":"https:\/\/stepienybarno.es\/blog\/wp-json\/wp\/v2\/posts\/46535\/revisions\/46538"}],"wp:featuredmedia":[{"embeddable":true,"href":"https:\/\/stepienybarno.es\/blog\/wp-json\/wp\/v2\/media\/46536"}],"wp:attachment":[{"href":"https:\/\/stepienybarno.es\/blog\/wp-json\/wp\/v2\/media?parent=46535"}],"wp:term":[{"taxonomy":"category","embeddable":true,"href":"https:\/\/stepienybarno.es\/blog\/wp-json\/wp\/v2\/categories?post=46535"},{"taxonomy":"post_tag","embeddable":true,"href":"https:\/\/stepienybarno.es\/blog\/wp-json\/wp\/v2\/tags?post=46535"},{"taxonomy":"series","embeddable":true,"href":"https:\/\/stepienybarno.es\/blog\/wp-json\/wp\/v2\/series?post=46535"}],"curies":[{"name":"wp","href":"https:\/\/api.w.org\/{rel}","templated":true}]}}