{"id":46627,"date":"2021-03-09T19:07:10","date_gmt":"2021-03-09T17:07:10","guid":{"rendered":"https:\/\/stepienybarno.es\/blog\/?p=46627"},"modified":"2022-03-31T12:54:26","modified_gmt":"2022-03-31T10:54:26","slug":"episodio-81-instatectura-la-semana-en-syb-mujeres-en-arquitectura-y-vivienda-gerundio-de-vivir","status":"publish","type":"post","link":"https:\/\/stepienybarno.es\/blog\/2021\/03\/09\/episodio-81-instatectura-la-semana-en-syb-mujeres-en-arquitectura-y-vivienda-gerundio-de-vivir\/","title":{"rendered":"#Episodio 81. Instatectura la semana en SyB. Mujeres en Arquitectura y Vivienda: Gerundio de vivir"},"content":{"rendered":"<p><img loading=\"lazy\" decoding=\"async\" class=\"aligncenter size-full wp-image-46629\" src=\"https:\/\/stepienybarno.es\/blog\/wp-content\/uploads\/2021\/03\/stepienybarno-instatectura-dario-nunez-uxua-domblas-ana-enguita-colectivo-urbanas-8-M-marzo.png\" alt=\"\" width=\"1280\" height=\"720\" srcset=\"https:\/\/stepienybarno.es\/blog\/wp-content\/uploads\/2021\/03\/stepienybarno-instatectura-dario-nunez-uxua-domblas-ana-enguita-colectivo-urbanas-8-M-marzo.png 1280w, https:\/\/stepienybarno.es\/blog\/wp-content\/uploads\/2021\/03\/stepienybarno-instatectura-dario-nunez-uxua-domblas-ana-enguita-colectivo-urbanas-8-M-marzo-550x309.png 550w, https:\/\/stepienybarno.es\/blog\/wp-content\/uploads\/2021\/03\/stepienybarno-instatectura-dario-nunez-uxua-domblas-ana-enguita-colectivo-urbanas-8-M-marzo-1024x576.png 1024w, https:\/\/stepienybarno.es\/blog\/wp-content\/uploads\/2021\/03\/stepienybarno-instatectura-dario-nunez-uxua-domblas-ana-enguita-colectivo-urbanas-8-M-marzo-180x101.png 180w, https:\/\/stepienybarno.es\/blog\/wp-content\/uploads\/2021\/03\/stepienybarno-instatectura-dario-nunez-uxua-domblas-ana-enguita-colectivo-urbanas-8-M-marzo-316x178.png 316w\" sizes=\"(max-width: 1280px) 100vw, 1280px\" \/><\/p>\n<p>&nbsp;<\/p>\n<p>Como cada lunes, os presentamos la sesi\u00f3n de <strong>Instatectura la semana en SyB<\/strong>, un repaso que haremos para comentaros en qu\u00e9 hemos estado y en qu\u00e9 estamos metidos. En el instatectura de hoy hablaremos con Ana Enguita sobre <strong>Mujeres en Arquitectura<\/strong>, en especial del pr\u00f3ximo estreno de su documental <strong>\u00abVivienda: gerundio de vivir\u00bb<\/strong><\/p>\n<p><!--more--><\/p>\n<p>En el podcast de hoy podr\u00e9is escuchar c\u00f3mo Uxua y Dar\u00edo os contar\u00e1n un resumen de todas las actividades en las que estamos trabajando y tambi\u00e9n las pr\u00f3ximas que ir\u00e9is conociendo esta semana, con la inestimable colaboraci\u00f3n de nuestra querida <strong>Ana Enguita<\/strong>.<\/p>\n<h2>Instatectura la semana en Stepien y Barno<\/h2>\n<p>Nueva semana sobre Arquitectura, Identidad Digital y productividad.<\/p>\n<p><span class=\"style-scope yt-formatted-string\" dir=\"auto\">\ud83d\udc49 Hoy Dar\u00edo N\u00fa\u00f1ez y Uxua Dombl\u00e1s cuentan con una nueva invitada de excepci\u00f3n: <strong>Ana Enguita del Colectivo Urbanas<\/strong><\/span><\/p>\n<p><span class=\"style-scope yt-formatted-string\" dir=\"auto\">\ud83c\udf06 <\/span>#URBANISMO<span class=\"style-scope yt-formatted-string\" dir=\"auto\">\u200b<\/span><span class=\"style-scope yt-formatted-string\" dir=\"auto\"> DE G\u00c9NERO Y \ud83c\udfe0 DERECHO A LA VIVIENDA: <\/span><\/p>\n<p><span class=\"style-scope yt-formatted-string\" dir=\"auto\">Ana nos explica c\u00f3mo el colectivo Urbanas lleva desde 1999 trabajando ciudad desde el feminismo. C\u00f3mo implementaron los <\/span><a class=\"yt-simple-endpoint style-scope yt-formatted-string\" dir=\"auto\" spellcheck=\"false\" href=\"https:\/\/www.youtube.com\/hashtag\/janewalk\">#janewalk<\/a><span class=\"style-scope yt-formatted-string\" dir=\"auto\">\u200b<\/span><span class=\"style-scope yt-formatted-string\" dir=\"auto\"> como herramienta para trabajar el urbanismo de g\u00e9nero e incidir en el planeamiento de las ciudades. Y nos adelantan la fecha de estreno de su primer documental \u00abVIVIENDA: GERUNDIO DE VIVIR\u00bb un corto de 30&#8242; en el que analizan el acceso a la vivienda en la piel de 7 mujeres tan diversas&#8230;como diversas son sus circunstancias. <\/span><\/p>\n<p><span class=\"style-scope yt-formatted-string\" dir=\"auto\">\ud83c\udfa5 LAS MADRES DE LA ARQUITECTURA <\/span><\/p>\n<p><span class=\"style-scope yt-formatted-string\" dir=\"auto\">\u00a1\u00a1No os perd\u00e1is el v\u00eddeo que lanzamos ayer <\/span><a class=\"yt-simple-endpoint style-scope yt-formatted-string\" dir=\"auto\" spellcheck=\"false\" href=\"https:\/\/www.youtube.com\/hashtag\/8m\">#8M<\/a><span class=\"style-scope yt-formatted-string\" dir=\"auto\">\u200b<\/span><span class=\"style-scope yt-formatted-string\" dir=\"auto\"> !! (abajo link!) : \u00a1<strong><a href=\"https:\/\/stepienybarno.es\/blog\/2019\/03\/28\/quienes-son-las-madres-de-la-arquitectura\/\">5 madres de la arquitectur<\/a><\/strong>a imprescindibles!<\/span><\/p>\n<p><span class=\"style-scope yt-formatted-string\" dir=\"auto\">\ud83e\udd13 \u00abCUIDAR LA CIUDAD&#8230;\u00bbpor Zaida Mux\u00ed en el blog de Fundaci\u00f3n Arquia\u00a0 : \u00bb Tenemos que poner la vida en el centro\u00bb<\/span><\/p>\n<p><a href=\"https:\/\/blogfundacion.arquia.es\/2021\/03\/cuidar-la-vida\/\">https:\/\/blogfundacion.arquia.es\/2021\/03\/cuidar-la-vida\/<\/a><\/p>\n<p><span class=\"style-scope yt-formatted-string\" dir=\"auto\">\ud83e\uddd0 Proyectos interesantes e imprescindibles\ud83d\udc47!<\/span><\/p>\n<p><span class=\"style-scope yt-formatted-string\" dir=\"auto\"> \u25aa\ufe0f Descubrimiento: <strong><a href=\"https:\/\/www.instagram.com\/behind.the.scene.w\/?hl=es\">@behind.the.scene.w<\/a><\/strong> (IG user) <\/span><\/p>\n<p><span class=\"style-scope yt-formatted-string\" dir=\"auto\">\u25aa\ufe0f Recomendable: <strong><a href=\"https:\/\/www.instagram.com\/muwoarch\">@muwoarch<\/a><\/strong> (IG user) <\/span><\/p>\n<p><span class=\"style-scope yt-formatted-string\" dir=\"auto\">\u25aa\ufe0f Un cl\u00e1sico: <\/span><a href=\"https:\/\/undiaunaarquitecta.wordpress.com\/\">#und\u00edaunaarquitecta<\/a><span class=\"style-scope yt-formatted-string\" dir=\"auto\">\u200b<\/span><span class=\"style-scope yt-formatted-string\" dir=\"auto\">\u00a0<\/span><\/p>\n<p>&nbsp;<\/p>\n<p><span class=\"style-scope yt-formatted-string\" dir=\"auto\">\ud83d\uddd3\ufe0f SELECCI\u00d3N AGENDA de colegios de arquitectura para la semana del <\/span><a class=\"yt-simple-endpoint style-scope yt-formatted-string\" dir=\"auto\" spellcheck=\"false\" href=\"https:\/\/www.youtube.com\/hashtag\/8m\">#8m<\/a><span class=\"style-scope yt-formatted-string\" dir=\"auto\">\u200b<\/span><span class=\"style-scope yt-formatted-string\" dir=\"auto\"> : <\/span><\/p>\n<p><span class=\"style-scope yt-formatted-string\" dir=\"auto\">\u25aa\ufe0f <strong>Colegio de Lanzarote<\/strong>: La perspectiva de g\u00e9nero en las transformaciones urbanas (charla streaming el jueves 11. a las 17.30)<\/span><\/p>\n<p><strong><a href=\"https:\/\/twitter.com\/coa_LZ\/status\/1368853260061315075\">+ Info AQU\u00cd<\/a><\/strong><\/p>\n<p><span class=\"style-scope yt-formatted-string\" dir=\"auto\">\u25aa\ufe0f <strong>Colegio de M\u00e1laga<\/strong>: Arquitectas en la administraci\u00f3n, en la docencia e investigaci\u00f3n y en la profesi\u00f3n\/oficio<\/span><\/p>\n<p><strong><a href=\"http:\/\/coamalaga.es\/agenda\/actividad-cultural\/dia-internacional-de-la-mujer-encuentro-digital-de-arquitectas\/\">+ Info AQU\u00cd<\/a><\/strong><\/p>\n<p><span class=\"style-scope yt-formatted-string\" dir=\"auto\">\u25aa\ufe0f <strong>Colegio de Sevilla<\/strong>: Conversando sobre arquitectura y g\u00e9nero con 4 arquitectas de 4 generaciones. (Esther Mayoral, Candelaria L\u00f3pez, Monserrat D\u00edaz y Cristina Cisneros)<\/span><\/p>\n<p><strong><a href=\"https:\/\/twitter.com\/COASevilla\/status\/1368855224698499072\">+ Info AQU\u00cd<\/a><\/strong><\/p>\n<p>&nbsp;<\/p>\n<p><span class=\"style-scope yt-formatted-string\" dir=\"auto\">\ud83d\udc4b Todo esto y m\u00e1s en el programita de hoy! Nos vemos el lunes que viene!<\/span><\/p>\n<p>&nbsp;<\/p>\n<p style=\"text-align: center;\"><a href=\"https:\/\/stepienybarno.es\/blog\/category\/podcast\/\" class=\"kp-button medium-button\" target=\"_self\">escucha m\u00e1s podcast de stepienybarno<\/a><\/p>\n<p style=\"text-align: center;\">Tambi\u00e9n en <a href=\"https:\/\/www.ivoox.com\/podcast-stepienybarno-arquitectura_sq_f1856662_1.html\" target=\"_blank\" rel=\"noopener noreferrer\">IVOOX<\/a><\/p>\n<p>&nbsp;<\/p>\n<p><iframe loading=\"lazy\" title=\"M\u00c1S DE... MUJERES EN ARQUITECTURA Y &quot;VIVIENDA: GERUNDIO DE VIVIR&quot;\" width=\"911\" height=\"512\" src=\"https:\/\/www.youtube.com\/embed\/ryjVMiN-VOs?feature=oembed\" frameborder=\"0\" allow=\"accelerometer; autoplay; clipboard-write; encrypted-media; gyroscope; picture-in-picture\" allowfullscreen><\/iframe><\/p>\n<p>&nbsp;<\/p>\n<h3>Esperamos que os haya gustado nuestro Instatectura la semana en SyB.<\/h3>\n<p>&nbsp;<\/p>\n","protected":false},"excerpt":{"rendered":"<p>&nbsp; Como cada lunes, os presentamos la sesi\u00f3n de Instatectura<\/p>\n","protected":false},"author":2,"featured_media":46629,"comment_status":"open","ping_status":"closed","sticky":false,"template":"","format":"standard","meta":{"om_disable_all_campaigns":false,"_monsterinsights_skip_tracking":false,"_monsterinsights_sitenote_active":false,"_monsterinsights_sitenote_note":"","_monsterinsights_sitenote_category":0,"_uf_show_specific_survey":0,"_uf_disable_surveys":false,"episode_type":"audio","audio_file":"https:\/\/stepienybarno.es\/blog\/wp-content\/uploads\/2021\/03\/81-instatecura-MUJERES-ARQUITECTAS-Y-VIVIENDA-GERUNDIO-DE-VIVIR-1.mp3","cover_image":"","cover_image_id":"","duration":"39:45","filesize":"9.1M","date_recorded":"2021-03-09 19:07:10","explicit":"","block":"","filesize_raw":"9542928","footnotes":""},"categories":[34],"tags":[7116,5222,8587,1575,6757,4199,6080,7997,1299],"series":[10115],"class_list":["post-46627","post","type-post","status-publish","format-standard","has-post-thumbnail","hentry","category-actualidad","tag-8marzo","tag-diainternacionaldelamujer","tag-8m2021","tag-ana-enguita","tag-colectivo-urbanas","tag-dario-nunez","tag-mujer-y-arquitectura","tag-podcast","tag-uxua-domblas","series-podcast-de-stepienybarno"],"aioseo_notices":[],"episode_featured_image":"https:\/\/stepienybarno.es\/blog\/wp-content\/uploads\/2021\/03\/stepienybarno-instatectura-dario-nunez-uxua-domblas-ana-enguita-colectivo-urbanas-8-M-marzo.png","episode_player_image":"https:\/\/stepienybarno.es\/blog\/wp-content\/uploads\/2020\/11\/stepienybarno-podcast-scaled.jpg","download_link":"https:\/\/stepienybarno.es\/blog\/podcast-download\/46627\/episodio-81-instatectura-la-semana-en-syb-mujeres-en-arquitectura-y-vivienda-gerundio-de-vivir.mp3","player_link":"https:\/\/stepienybarno.es\/blog\/podcast-player\/46627\/episodio-81-instatectura-la-semana-en-syb-mujeres-en-arquitectura-y-vivienda-gerundio-de-vivir.mp3","audio_player":"<!--[if lt IE 9]><script>document.createElement('audio');<\/script><![endif]-->\n<audio class=\"wp-audio-shortcode\" id=\"audio-46627-1\" preload=\"none\" style=\"width: 100%;\" controls=\"controls\"><source type=\"audio\/mpeg\" src=\"https:\/\/stepienybarno.es\/blog\/podcast-player\/46627\/episodio-81-instatectura-la-semana-en-syb-mujeres-en-arquitectura-y-vivienda-gerundio-de-vivir.mp3?_=1\" \/><a href=\"https:\/\/stepienybarno.es\/blog\/podcast-player\/46627\/episodio-81-instatectura-la-semana-en-syb-mujeres-en-arquitectura-y-vivienda-gerundio-de-vivir.mp3\">https:\/\/stepienybarno.es\/blog\/podcast-player\/46627\/episodio-81-instatectura-la-semana-en-syb-mujeres-en-arquitectura-y-vivienda-gerundio-de-vivir.mp3<\/a><\/audio>","episode_data":{"playerMode":"dark","subscribeUrls":[],"rssFeedUrl":"https:\/\/stepienybarno.es\/blog\/feed\/podcast\/podcast-de-stepienybarno","embedCode":"<blockquote class=\"wp-embedded-content\" data-secret=\"CdTQVJDuEz\"><a href=\"https:\/\/stepienybarno.es\/blog\/2021\/03\/09\/episodio-81-instatectura-la-semana-en-syb-mujeres-en-arquitectura-y-vivienda-gerundio-de-vivir\/\">#Episodio 81. Instatectura la semana en SyB. Mujeres en Arquitectura y Vivienda: Gerundio de vivir<\/a><\/blockquote><iframe sandbox=\"allow-scripts\" security=\"restricted\" src=\"https:\/\/stepienybarno.es\/blog\/2021\/03\/09\/episodio-81-instatectura-la-semana-en-syb-mujeres-en-arquitectura-y-vivienda-gerundio-de-vivir\/embed\/#?secret=CdTQVJDuEz\" width=\"500\" height=\"350\" title=\"\u00ab#Episodio 81. Instatectura la semana en SyB. Mujeres en Arquitectura y Vivienda: Gerundio de vivir\u00bb \u2014 Blog de STEPIEN Y BARNO - publicaci\u00f3n digital sobre arquitectura\" data-secret=\"CdTQVJDuEz\" frameborder=\"0\" marginwidth=\"0\" marginheight=\"0\" scrolling=\"no\" class=\"wp-embedded-content\"><\/iframe><script type=\"text\/javascript\">\n\/* <![CDATA[ *\/\n\/*! This file is auto-generated *\/\n!function(d,l){\"use strict\";l.querySelector&&d.addEventListener&&\"undefined\"!=typeof URL&&(d.wp=d.wp||{},d.wp.receiveEmbedMessage||(d.wp.receiveEmbedMessage=function(e){var t=e.data;if((t||t.secret||t.message||t.value)&&!\/[^a-zA-Z0-9]\/.test(t.secret)){for(var s,r,n,a=l.querySelectorAll('iframe[data-secret=\"'+t.secret+'\"]'),o=l.querySelectorAll('blockquote[data-secret=\"'+t.secret+'\"]'),c=new RegExp(\"^https?:$\",\"i\"),i=0;i<o.length;i++)o[i].style.display=\"none\";for(i=0;i<a.length;i++)s=a[i],e.source===s.contentWindow&&(s.removeAttribute(\"style\"),\"height\"===t.message?(1e3<(r=parseInt(t.value,10))?r=1e3:~~r<200&&(r=200),s.height=r):\"link\"===t.message&&(r=new URL(s.getAttribute(\"src\")),n=new URL(t.value),c.test(n.protocol))&&n.host===r.host&&l.activeElement===s&&(d.top.location.href=t.value))}},d.addEventListener(\"message\",d.wp.receiveEmbedMessage,!1),l.addEventListener(\"DOMContentLoaded\",function(){for(var e,t,s=l.querySelectorAll(\"iframe.wp-embedded-content\"),r=0;r<s.length;r++)(t=(e=s[r]).getAttribute(\"data-secret\"))||(t=Math.random().toString(36).substring(2,12),e.src+=\"#?secret=\"+t,e.setAttribute(\"data-secret\",t)),e.contentWindow.postMessage({message:\"ready\",secret:t},\"*\")},!1)))}(window,document);\n\/* ]]> *\/\n<\/script>\n"},"_links":{"self":[{"href":"https:\/\/stepienybarno.es\/blog\/wp-json\/wp\/v2\/posts\/46627"}],"collection":[{"href":"https:\/\/stepienybarno.es\/blog\/wp-json\/wp\/v2\/posts"}],"about":[{"href":"https:\/\/stepienybarno.es\/blog\/wp-json\/wp\/v2\/types\/post"}],"author":[{"embeddable":true,"href":"https:\/\/stepienybarno.es\/blog\/wp-json\/wp\/v2\/users\/2"}],"replies":[{"embeddable":true,"href":"https:\/\/stepienybarno.es\/blog\/wp-json\/wp\/v2\/comments?post=46627"}],"version-history":[{"count":4,"href":"https:\/\/stepienybarno.es\/blog\/wp-json\/wp\/v2\/posts\/46627\/revisions"}],"predecessor-version":[{"id":46633,"href":"https:\/\/stepienybarno.es\/blog\/wp-json\/wp\/v2\/posts\/46627\/revisions\/46633"}],"wp:featuredmedia":[{"embeddable":true,"href":"https:\/\/stepienybarno.es\/blog\/wp-json\/wp\/v2\/media\/46629"}],"wp:attachment":[{"href":"https:\/\/stepienybarno.es\/blog\/wp-json\/wp\/v2\/media?parent=46627"}],"wp:term":[{"taxonomy":"category","embeddable":true,"href":"https:\/\/stepienybarno.es\/blog\/wp-json\/wp\/v2\/categories?post=46627"},{"taxonomy":"post_tag","embeddable":true,"href":"https:\/\/stepienybarno.es\/blog\/wp-json\/wp\/v2\/tags?post=46627"},{"taxonomy":"series","embeddable":true,"href":"https:\/\/stepienybarno.es\/blog\/wp-json\/wp\/v2\/series?post=46627"}],"curies":[{"name":"wp","href":"https:\/\/api.w.org\/{rel}","templated":true}]}}