{"id":46761,"date":"2021-03-16T16:42:32","date_gmt":"2021-03-16T14:42:32","guid":{"rendered":"https:\/\/stepienybarno.es\/blog\/?p=46761"},"modified":"2021-03-19T13:27:31","modified_gmt":"2021-03-19T11:27:31","slug":"el-premio-pritzker-2021-es-para-anne-lacaton-y-philippe-vassal","status":"publish","type":"post","link":"https:\/\/stepienybarno.es\/blog\/2021\/03\/16\/el-premio-pritzker-2021-es-para-anne-lacaton-y-philippe-vassal\/","title":{"rendered":"El premio Pritzker 2021 es para Anne Lacaton y Philippe Vassal"},"content":{"rendered":"<p>\u00a1Nuestras felicitaciones para <strong>Anne Lacaton<\/strong> y <strong>Philippe Vassal por ser los merecidos ganadores del premio Pritzker 2021<\/strong>!<!--more--><\/p>\n<p><img loading=\"lazy\" decoding=\"async\" class=\"aligncenter size-full wp-image-46762\" src=\"https:\/\/stepienybarno.es\/blog\/wp-content\/uploads\/2021\/03\/Lacaton-vassal-pritzker-2021-foto-arquitecturaydiseno.jpeg\" alt=\"\" width=\"748\" height=\"1000\" \/><\/p>\n<p>&nbsp;<\/p>\n<p>Anne Lacaton y Jean-Philippe Vassal son los fundadores de estudio<a href=\"https:\/\/www.lacatonvassal.com\/\"><strong> lacaton &amp; vassal<\/strong><\/a><\/p>\n<h3>Referencias sobre el trabajo de Lacaton &amp; Vassal<\/h3>\n<p><em>\u00abCada vez que abordamos un proyecto lo pensamos como una intervenci\u00f3n sobre la trama existente, que tiene una historia real o se urde desde una ficci\u00f3n. Una superposici\u00f3n con intenciones nuevas pero sin imponerse jam\u00e1s al sistema original, con escr\u00fapulos y delicadeza, para que nazca un tercer lugar producto de los dos primeros. \u00ab<\/em><\/p>\n<p>La libertad estructural, condici\u00f3n del milagro por Anne Lacaton y Jean-Philippe Vassal ( Lacaton &amp; Vassal. obra reciente 2G. N60)<\/p>\n<h4>ABC<\/h4>\n<p><em>\u00abUn reconocimiento a una trayectoria de tres d\u00e9cadas, iniciada con la construcci\u00f3n de una\u00a0peque\u00f1a caba\u00f1a de paja en N\u00edger, y que se ha distinguido por una actitud constantemente sobria y coherente, que jam\u00e1s se ha distra\u00eddo de sus preocupaciones fundamentales: la b\u00fasqueda de adecuadas formas de reacci\u00f3n y respuesta a las\u00a0<strong>urgencias sociales y las problem\u00e1ticas ecol\u00f3gicas<\/strong>. \u00bb\u00a0<\/em><\/p>\n<p>Por Fredy Massad en ABC<\/p>\n<p><a href=\"https:\/\/www.abc.es\/cultura\/abci-anne-lacaton-y-jean-philippe-vassal-premio-pritzker-arquitectura-2021-202103161440_noticia.html\" target=\"_blank\" rel=\"noopener noreferrer\">Acceder al art\u00edculo<\/a><\/p>\n<h4>Plataforma Arquitectura<\/h4>\n<p><em>\u00ab..se han dedicado a la <strong>vivienda social<\/strong>, particularmente en la readaptaci\u00f3n de edificios habitacionales existentes, sin comprometer el confort y el bienestar de sus habitantes. Son conocidos por su selecci\u00f3n de materiales modestos, lo que les permite construir viviendas asequibles. Tambi\u00e9n han dise\u00f1ado casas particulares, incorporando el concepto de invernaderos, ventilaci\u00f3n cruzada, iluminaci\u00f3n natural y otras <strong>pr\u00e1cticas sostenibles<\/strong>.\u00bb<\/em><\/p>\n<p>Por Plataforma Arquitectura:<\/p>\n<p><a href=\"https:\/\/www.plataformaarquitectura.cl\/cl\/958581\/lacaton-and-vassal-conoce-las-obras-de-los-ganadores-del-premio-pritzker-2021\" target=\"_blank\" rel=\"noopener noreferrer\">Acceder al art\u00edculo<\/a><\/p>\n<h4>Fundaci\u00f3n Arquia<\/h4>\n<p><em>\u00abEl otro d\u00eda se concedi\u00f3 el Pritzker a Anne Lacaton y a Jean-Philippe Vassal, no a su estudio, porque los premios siguen siendo nominales. [&#8230;]<\/em><br \/>\n<em>Lacaton &amp; Vassal tienen todo lo que conviene al discurso actual: abanderados de la renovaci\u00f3n urbana, de la sostenibilidad, de lo rabiosamente social, \u00bfles han dado el premio a ellos o a lo que representan?<\/em><br \/>\n<em>Su premio puede significar tanto la recompensa a una trayectoria consistente como un toque de atenci\u00f3n para otros estudios m\u00e1s oportunistas en busca de nuevos horizontes profesionales o de su en\u00e9sima maniobra de blanqueamiento comunicativo.\u00bb<\/em><\/p>\n<p><a href=\"https:\/\/stepienybarno.es\/blog\/2020\/07\/07\/episodio-37-arquicafe-con-jaume-prat\/\">Jaume Prat<\/a> en Fundaci\u00f3n Arquia<\/p>\n<p><a href=\"https:\/\/blogfundacion.arquia.es\/2021\/03\/no-sin-la-belleza\/\">Acceder al art\u00edculo<\/a><\/p>\n<h4>Arquine<\/h4>\n<p><em>\u00abA trav\u00e9s de su dise\u00f1o de viviendas sociales y privadas, instituciones culturales y acad\u00e9micas, espacios p\u00fablicos y desarrollos urbanos, Lacaton y Vassal reexaminan la sostenibilidad en su reverencia por las estructuras preexistentes, concibiendo proyectos haciendo primero un inventario de lo que ya existe. Al priorizar el enriquecimiento de la vida humana a trav\u00e9s de una lente de generosidad y libertad de uso, pueden beneficiar al individuo social, ecol\u00f3gica y econ\u00f3micamente, ayudando a la evoluci\u00f3n de una ciudad.\u00bb\u00e7<\/em><\/p>\n<p>Arquine<\/p>\n<p><a href=\"https:\/\/www.arquine.com\/anne-lacaton-and-jean-philippe-vassal-ganadores-del-premio-pritzker-2021\/\">Acceder al art\u00edculo<\/a><\/p>\n<p>&nbsp;<\/p>\n<h3>OBRAS DESTACADAS<\/h3>\n<h4 id=\"tw-target-text\" class=\"tw-data-text tw-text-large XcVN5d tw-ta\" dir=\"ltr\" data-placeholder=\"Traducci\u00f3n\"><span lang=\"es\">Transformaci\u00f3n de 530 viviendas, edificios G, H, I, distrito Grand Parc<\/span><\/h4>\n<div id=\"attachment_46763\" style=\"width: 1052px\" class=\"wp-caption aligncenter\"><img loading=\"lazy\" decoding=\"async\" aria-describedby=\"caption-attachment-46763\" class=\"wp-image-46763 size-full\" src=\"https:\/\/stepienybarno.es\/blog\/wp-content\/uploads\/2021\/03\/530-apartamentos-hutin-lacaton-vassal-stpienybarno-foto-philippe-ruault.jpg\" alt=\"\" width=\"1042\" height=\"408\" srcset=\"https:\/\/stepienybarno.es\/blog\/wp-content\/uploads\/2021\/03\/530-apartamentos-hutin-lacaton-vassal-stpienybarno-foto-philippe-ruault.jpg 1042w, https:\/\/stepienybarno.es\/blog\/wp-content\/uploads\/2021\/03\/530-apartamentos-hutin-lacaton-vassal-stpienybarno-foto-philippe-ruault-550x215.jpg 550w, https:\/\/stepienybarno.es\/blog\/wp-content\/uploads\/2021\/03\/530-apartamentos-hutin-lacaton-vassal-stpienybarno-foto-philippe-ruault-1024x401.jpg 1024w, https:\/\/stepienybarno.es\/blog\/wp-content\/uploads\/2021\/03\/530-apartamentos-hutin-lacaton-vassal-stpienybarno-foto-philippe-ruault-180x70.jpg 180w, https:\/\/stepienybarno.es\/blog\/wp-content\/uploads\/2021\/03\/530-apartamentos-hutin-lacaton-vassal-stpienybarno-foto-philippe-ruault-316x124.jpg 316w\" sizes=\"(max-width: 1042px) 100vw, 1042px\" \/><p id=\"caption-attachment-46763\" class=\"wp-caption-text\">Foto Philippe Ruault (pagina web de Lacaton &amp; Vassal)<\/p><\/div>\n<p id=\"tw-target-text\" class=\"tw-data-text tw-text-large XcVN5d tw-ta\" dir=\"ltr\" data-placeholder=\"Traducci\u00f3n\"><span lang=\"es\">Ubicaci\u00f3n: Burdeos, Francia\u00a0 <\/span><\/p>\n<p class=\"tw-data-text tw-text-large XcVN5d tw-ta\" dir=\"ltr\" data-placeholder=\"Traducci\u00f3n\"><span lang=\"es\">a\u00f1o: 2017\u00a0<\/span><\/p>\n<p class=\"tw-data-text tw-text-large XcVN5d tw-ta\" dir=\"ltr\" data-placeholder=\"Traducci\u00f3n\"><span lang=\"es\">tama\u00f1o: 68.000m2 (jardines de invierno incluidos) de los cuales 38.400m2 existentes <\/span><\/p>\n<p class=\"tw-data-text tw-text-large XcVN5d tw-ta\" dir=\"ltr\" data-placeholder=\"Traducci\u00f3n\"><span lang=\"es\">cliente: Aquitanis O.P.H. de la Comunidad Urbana de Burdeos (CUB) <\/span><\/p>\n<p class=\"tw-data-text tw-text-large XcVN5d tw-ta\" dir=\"ltr\" data-placeholder=\"Traducci\u00f3n\"><span lang=\"es\">coste \/ coste: 27,2 M \u20ac sin IVA rehabilitaci\u00f3n + 1,2 M \u20ac sin IVA vivienda nueva<\/span><\/p>\n<p dir=\"ltr\" data-placeholder=\"Traducci\u00f3n\"><a href=\"https:\/\/www.lacatonvassal.com\/index.php?idp=80\">+ info p\u00e1gina web de Lacaton &amp; Vassal<\/a><\/p>\n<h3 dir=\"ltr\" data-placeholder=\"Traducci\u00f3n\">Maison Latapie<\/h3>\n<div id=\"attachment_46767\" style=\"width: 1035px\" class=\"wp-caption aligncenter\"><img loading=\"lazy\" decoding=\"async\" aria-describedby=\"caption-attachment-46767\" class=\"wp-image-46767 size-full\" src=\"https:\/\/stepienybarno.es\/blog\/wp-content\/uploads\/2021\/03\/maison-lapatie-lacatonvassal-stepienybarno-foto-philippe-ruault.jpg\" alt=\"\" width=\"1025\" height=\"851\" srcset=\"https:\/\/stepienybarno.es\/blog\/wp-content\/uploads\/2021\/03\/maison-lapatie-lacatonvassal-stepienybarno-foto-philippe-ruault.jpg 1025w, https:\/\/stepienybarno.es\/blog\/wp-content\/uploads\/2021\/03\/maison-lapatie-lacatonvassal-stepienybarno-foto-philippe-ruault-550x457.jpg 550w, https:\/\/stepienybarno.es\/blog\/wp-content\/uploads\/2021\/03\/maison-lapatie-lacatonvassal-stepienybarno-foto-philippe-ruault-843x700.jpg 843w, https:\/\/stepienybarno.es\/blog\/wp-content\/uploads\/2021\/03\/maison-lapatie-lacatonvassal-stepienybarno-foto-philippe-ruault-180x149.jpg 180w, https:\/\/stepienybarno.es\/blog\/wp-content\/uploads\/2021\/03\/maison-lapatie-lacatonvassal-stepienybarno-foto-philippe-ruault-316x262.jpg 316w\" sizes=\"(max-width: 1025px) 100vw, 1025px\" \/><p id=\"caption-attachment-46767\" class=\"wp-caption-text\">Foto Philippe Ruault (pagina web de Lacaton &amp; Vassal)<\/p><\/div>\n<p id=\"tw-target-text\" class=\"tw-data-text tw-text-large XcVN5d tw-ta\" dir=\"ltr\" data-placeholder=\"Traducci\u00f3n\"><span lang=\"es\">Ubicaci\u00f3n: Floirac, Francia a\u00f1o\u00a0 <\/span><\/p>\n<p class=\"tw-data-text tw-text-large XcVN5d tw-ta\" dir=\"ltr\" data-placeholder=\"Traducci\u00f3n\"><span lang=\"es\">a\u00f1o: 1993\u00a0<\/span><\/p>\n<p class=\"tw-data-text tw-text-large XcVN5d tw-ta\" dir=\"ltr\" data-placeholder=\"Traducci\u00f3n\"><span lang=\"es\">tama\u00f1o: 185 m2 <\/span><\/p>\n<p class=\"tw-data-text tw-text-large XcVN5d tw-ta\" dir=\"ltr\" data-placeholder=\"Traducci\u00f3n\"><span lang=\"es\">cliente: privado <\/span><\/p>\n<p class=\"tw-data-text tw-text-large XcVN5d tw-ta\" dir=\"ltr\" data-placeholder=\"Traducci\u00f3n\"><span lang=\"es\">coste: 55.275 \u20ac\u00a0<\/span><\/p>\n<p dir=\"ltr\" data-placeholder=\"Traducci\u00f3n\"><a href=\"https:\/\/www.lacatonvassal.com\/index.php?idp=80\">+ info p\u00e1gina web de Lacaton &amp; Vassal<\/a><\/p>\n<h3 dir=\"ltr\" data-placeholder=\"Traducci\u00f3n\">Jurado<\/h3>\n<p class=\"entry-title single-post-title heading_post_title\" title=\"Alejandro Aravena ser\u00e1 presidente del jurado para el Pritzker 2021\"><strong>Alejandro Aravena<\/strong> ha sido el presidente del jurado para el Pritzker 2021<\/p>\n<p title=\"Alejandro Aravena ser\u00e1 presidente del jurado para el Pritzker 2021\">Barry Bergdoll<br \/>\nDeborah Berke<br \/>\nStephen Breyer<br \/>\nAndr\u00e9 Aranha Corr\u00eaa do Lago<br \/>\nKazuyo\u00a0Sejima<br \/>\nWang Shu<br \/>\nBenedetta Tagliabue<br \/>\nMartha Thorne,\u00a0<em>Executive Director<\/em><br \/>\nManuela Luc\u00e1-Dazio,\u00a0<em>Advisor<\/em><\/p>\n<p dir=\"ltr\" data-placeholder=\"Traducci\u00f3n\">Si quieres conocer mas sobre el Pritzker 2021 Lacaton Vassal\u00a0os dejamos esta conferencia impartida en<a href=\"https:\/\/www.gsd.harvard.edu\/\"> Harvard Graduate School of Design<\/a><\/p>\n<p><iframe loading=\"lazy\" title=\"Anne Lacaton and Jean-Philippe Vassal, &quot;Freedom of Use&quot;\" width=\"911\" height=\"512\" src=\"https:\/\/www.youtube.com\/embed\/zdgYGkQM9zc?feature=oembed\" frameborder=\"0\" allow=\"accelerometer; autoplay; clipboard-write; encrypted-media; gyroscope; picture-in-picture\" allowfullscreen><\/iframe><\/p>\n<h3>Prtizker 2021 Lacaton Vassal<\/h3>\n<p>Ya hemos publicado sobre lacaton &amp; vassal en este blog:<\/p>\n<p>El <a href=\"https:\/\/stepienybarno.es\/blog\/2019\/04\/11\/el-mies-van-der-rohe-corona-la-arquitectura-socialmente-transformadora-de-lacaton-vassal\/\">Mies van der Rohe corona la arquitectura socialmente transformadora de Lacaton &amp; Vassal<\/a><\/p>\n<p class=\"entry-title\"><a href=\"https:\/\/stepienybarno.es\/blog\/2016\/12\/10\/el-compromiso-con-el-bajo-coste-por-anne-lacaton\/\">EL COMPROMISO CON EL BAJO COSTE POR ANNE LACATON<\/a><\/p>\n<p class=\"entry-title\"><a href=\"https:\/\/stepienybarno.es\/blog\/2017\/06\/14\/anne-lacaton-la-arquitecta-heterodoxa\/\">ANNE LACATON, LA ARQUITECTA HETERODOXA<\/a><\/p>\n","protected":false},"excerpt":{"rendered":"<p>\u00a1Nuestras felicitaciones para Anne Lacaton y Philippe Vassal por ser<\/p>\n","protected":false},"author":2,"featured_media":46765,"comment_status":"open","ping_status":"closed","sticky":false,"template":"","format":"standard","meta":{"om_disable_all_campaigns":false,"_monsterinsights_skip_tracking":false,"_monsterinsights_sitenote_active":false,"_monsterinsights_sitenote_note":"","_monsterinsights_sitenote_category":0,"_uf_show_specific_survey":0,"_uf_disable_surveys":false,"episode_type":"audio","audio_file":"","cover_image":"","cover_image_id":"","duration":"","filesize":"","date_recorded":"","explicit":"","block":"","filesize_raw":"","footnotes":""},"categories":[34],"tags":[8593,1033,4225,2919,1515,8599],"series":[],"class_list":["post-46761","post","type-post","status-publish","format-standard","has-post-thumbnail","hentry","category-actualidad","tag-pritzker2021","tag-anne-lacaton","tag-jean-philippe-vassal","tag-lacaton-y-vassal","tag-premio-pritzker","tag-pritzker-2021"],"aioseo_notices":[],"episode_featured_image":"https:\/\/stepienybarno.es\/blog\/wp-content\/uploads\/2021\/03\/anne-lacaton-y-jean-philippe-vassal-ganan-el-premio-pritzker-de-arquitectura-2021.jpg","episode_player_image":"https:\/\/stepienybarno.es\/blog\/wp-content\/uploads\/2020\/11\/stepienybarno-podcast-scaled.jpg","download_link":"","player_link":"","audio_player":false,"episode_data":{"playerMode":"dark","subscribeUrls":[],"rssFeedUrl":"https:\/\/stepienybarno.es\/blog\/feed\/podcast\/podcast-de-stepienybarno","embedCode":"<blockquote class=\"wp-embedded-content\" data-secret=\"JuOG1R5wSk\"><a href=\"https:\/\/stepienybarno.es\/blog\/2021\/03\/16\/el-premio-pritzker-2021-es-para-anne-lacaton-y-philippe-vassal\/\">El premio Pritzker 2021 es para Anne Lacaton y Philippe Vassal<\/a><\/blockquote><iframe sandbox=\"allow-scripts\" security=\"restricted\" src=\"https:\/\/stepienybarno.es\/blog\/2021\/03\/16\/el-premio-pritzker-2021-es-para-anne-lacaton-y-philippe-vassal\/embed\/#?secret=JuOG1R5wSk\" width=\"500\" height=\"350\" title=\"\u00abEl premio Pritzker 2021 es para Anne Lacaton y Philippe Vassal\u00bb \u2014 Blog de STEPIEN Y BARNO - publicaci\u00f3n digital sobre arquitectura\" data-secret=\"JuOG1R5wSk\" frameborder=\"0\" marginwidth=\"0\" marginheight=\"0\" scrolling=\"no\" class=\"wp-embedded-content\"><\/iframe><script type=\"text\/javascript\">\n\/* <![CDATA[ *\/\n\/*! This file is auto-generated *\/\n!function(d,l){\"use strict\";l.querySelector&&d.addEventListener&&\"undefined\"!=typeof URL&&(d.wp=d.wp||{},d.wp.receiveEmbedMessage||(d.wp.receiveEmbedMessage=function(e){var t=e.data;if((t||t.secret||t.message||t.value)&&!\/[^a-zA-Z0-9]\/.test(t.secret)){for(var s,r,n,a=l.querySelectorAll('iframe[data-secret=\"'+t.secret+'\"]'),o=l.querySelectorAll('blockquote[data-secret=\"'+t.secret+'\"]'),c=new RegExp(\"^https?:$\",\"i\"),i=0;i<o.length;i++)o[i].style.display=\"none\";for(i=0;i<a.length;i++)s=a[i],e.source===s.contentWindow&&(s.removeAttribute(\"style\"),\"height\"===t.message?(1e3<(r=parseInt(t.value,10))?r=1e3:~~r<200&&(r=200),s.height=r):\"link\"===t.message&&(r=new URL(s.getAttribute(\"src\")),n=new URL(t.value),c.test(n.protocol))&&n.host===r.host&&l.activeElement===s&&(d.top.location.href=t.value))}},d.addEventListener(\"message\",d.wp.receiveEmbedMessage,!1),l.addEventListener(\"DOMContentLoaded\",function(){for(var e,t,s=l.querySelectorAll(\"iframe.wp-embedded-content\"),r=0;r<s.length;r++)(t=(e=s[r]).getAttribute(\"data-secret\"))||(t=Math.random().toString(36).substring(2,12),e.src+=\"#?secret=\"+t,e.setAttribute(\"data-secret\",t)),e.contentWindow.postMessage({message:\"ready\",secret:t},\"*\")},!1)))}(window,document);\n\/* ]]> *\/\n<\/script>\n"},"_links":{"self":[{"href":"https:\/\/stepienybarno.es\/blog\/wp-json\/wp\/v2\/posts\/46761"}],"collection":[{"href":"https:\/\/stepienybarno.es\/blog\/wp-json\/wp\/v2\/posts"}],"about":[{"href":"https:\/\/stepienybarno.es\/blog\/wp-json\/wp\/v2\/types\/post"}],"author":[{"embeddable":true,"href":"https:\/\/stepienybarno.es\/blog\/wp-json\/wp\/v2\/users\/2"}],"replies":[{"embeddable":true,"href":"https:\/\/stepienybarno.es\/blog\/wp-json\/wp\/v2\/comments?post=46761"}],"version-history":[{"count":12,"href":"https:\/\/stepienybarno.es\/blog\/wp-json\/wp\/v2\/posts\/46761\/revisions"}],"predecessor-version":[{"id":46794,"href":"https:\/\/stepienybarno.es\/blog\/wp-json\/wp\/v2\/posts\/46761\/revisions\/46794"}],"wp:featuredmedia":[{"embeddable":true,"href":"https:\/\/stepienybarno.es\/blog\/wp-json\/wp\/v2\/media\/46765"}],"wp:attachment":[{"href":"https:\/\/stepienybarno.es\/blog\/wp-json\/wp\/v2\/media?parent=46761"}],"wp:term":[{"taxonomy":"category","embeddable":true,"href":"https:\/\/stepienybarno.es\/blog\/wp-json\/wp\/v2\/categories?post=46761"},{"taxonomy":"post_tag","embeddable":true,"href":"https:\/\/stepienybarno.es\/blog\/wp-json\/wp\/v2\/tags?post=46761"},{"taxonomy":"series","embeddable":true,"href":"https:\/\/stepienybarno.es\/blog\/wp-json\/wp\/v2\/series?post=46761"}],"curies":[{"name":"wp","href":"https:\/\/api.w.org\/{rel}","templated":true}]}}