{"id":47003,"date":"2021-04-07T08:01:20","date_gmt":"2021-04-07T06:01:20","guid":{"rendered":"https:\/\/stepienybarno.es\/blog\/?p=47003"},"modified":"2021-04-05T17:08:07","modified_gmt":"2021-04-05T15:08:07","slug":"complejo-cultural-en-castilblanco-de-los-arroyos-miguel-fisac","status":"publish","type":"post","link":"https:\/\/stepienybarno.es\/blog\/2021\/04\/07\/complejo-cultural-en-castilblanco-de-los-arroyos-miguel-fisac\/","title":{"rendered":"Complejo Cultural en Castilblanco de Los Arroyos, Miguel Fisac"},"content":{"rendered":"<p><img loading=\"lazy\" decoding=\"async\" class=\"alignnone size-full wp-image-47004\" src=\"https:\/\/stepienybarno.es\/blog\/wp-content\/uploads\/2021\/04\/stepienybarno-Complejo-Cultural-en-Castilblanco-de-Los-Arroyos-Miguel-Fisac-postdeldia.jpg\" alt=\"\" width=\"531\" height=\"799\" srcset=\"https:\/\/stepienybarno.es\/blog\/wp-content\/uploads\/2021\/04\/stepienybarno-Complejo-Cultural-en-Castilblanco-de-Los-Arroyos-Miguel-Fisac-postdeldia.jpg 531w, https:\/\/stepienybarno.es\/blog\/wp-content\/uploads\/2021\/04\/stepienybarno-Complejo-Cultural-en-Castilblanco-de-Los-Arroyos-Miguel-Fisac-postdeldia-366x550.jpg 366w, https:\/\/stepienybarno.es\/blog\/wp-content\/uploads\/2021\/04\/stepienybarno-Complejo-Cultural-en-Castilblanco-de-Los-Arroyos-Miguel-Fisac-postdeldia-465x700.jpg 465w, https:\/\/stepienybarno.es\/blog\/wp-content\/uploads\/2021\/04\/stepienybarno-Complejo-Cultural-en-Castilblanco-de-Los-Arroyos-Miguel-Fisac-postdeldia-120x180.jpg 120w, https:\/\/stepienybarno.es\/blog\/wp-content\/uploads\/2021\/04\/stepienybarno-Complejo-Cultural-en-Castilblanco-de-Los-Arroyos-Miguel-Fisac-postdeldia-224x336.jpg 224w, https:\/\/stepienybarno.es\/blog\/wp-content\/uploads\/2021\/04\/stepienybarno-Complejo-Cultural-en-Castilblanco-de-Los-Arroyos-Miguel-Fisac-postdeldia-266x400.jpg 266w\" sizes=\"(max-width: 531px) 100vw, 531px\" \/><\/p>\n<h1>Por: Jos\u00e9 Joaquin Gal\u00e1n<\/h1>\n<h2>Desde: arquitecturajoaquingalan.blogspot.com<!--more--><\/h2>\n<p><span class=\"style-scope yt-formatted-string\" dir=\"auto\">Este es el \u00faltimo proyecto de Miguel Fisac, que muri\u00f3 en 2006, a los 93 a\u00f1os de edad, y que podr\u00eda decirse que lo hizo casi con las botas puestas. Este complejo se haya en la localidad Sevillana de Castilblanco de Los Arroyos, situada en la V\u00eda de La Plata, junto a la Sierra Norte de Sevilla y que cuenta con apenas 5.000 habitantes.<\/span><\/p>\n<p><span class=\"style-scope yt-formatted-string\" dir=\"auto\">Previamente a este Complejo Cultural Miguel Fisac tan solo realiz\u00f3 dos proyectos para la provincia de Sevilla, uno el Instituto en el Parque de Mar\u00eda Luisa fechado de 1960 pero que no se llev\u00f3 a cabo y el otro fue el Edificio Stella Maris de Apostolado del Mar de 1965.<\/span><\/p>\n<p>El edificio en Castilblanco se ubica en el centro urbano de la localidad, el solar esta flanqueado por bloques de viviendas con una altura m\u00e1xima de dos plantas cuyos muros exteriores est\u00e1n pintados de blanco, de hecho un bloque de viviendas al Norte de este parece influir en el proyecto por su tipolog\u00eda de vol\u00famenes cuadrados y ladrillos blancos confiri\u00e9ndoles un aspecto particular dada su textura.<\/p>\n<p>&nbsp;<\/p>\n<p style=\"text-align: center;\"><a href=\"https:\/\/bit.ly\/3t4pU8l\" target=\"_blank\" rel=\"noopener noreferrer\">Acceder al post<\/a><\/p>\n<hr \/>\n<h5><strong>Autores del post: <a href=\"https:\/\/stepienybarno.es\/blog\/2011\/09\/04\/las-fortalezas-del-arquitecto\/\">Stepienybarno<\/a> _ Agnieszka Stepien y Lorenzo Barn\u00f3<\/strong><\/h5>\n<h5>Y como siempre, si te gust\u00f3 el post, estar\u00eda genial que lo compartas en tus redes sociales.<\/h5>\n<h5>A su vez, si todav\u00eda no est\u00e1s suscrito a nuestra Newsletter, te animamos a hacerlo en la casilla que tienes al terminar este art\u00edculo.<\/h5>\n<p>&nbsp;<\/p>\n<p>Suscribirte a nuestro blog y recibe gratis nuestra gu\u00eda: 10 Ideas para vender m\u00e1s si eres arquitecto<\/p>\n<p>Acceder: <a href=\"http:\/\/bit.ly\/2fkkTS7\">http:\/\/bit.ly\/2fkkTS7<\/a><\/p>\n<p>&nbsp;<\/p>\n<p>Si te interesa contactar con nosotros para que te ayudemos a mejorar tu visibilidad online y, en consecuencia, mejorar tus oportunidades laborales, no dudes en escribirnos a: <a href=\"mailto:blog@stepienybarno.es\">blog@stepienybarno.es<\/a><\/p>\n<p>&nbsp;<\/p>\n<p><em><a href=\"https:\/\/twitter.com\/stepienybarno\">Stepienybarno en TWITTER<\/a><\/em><\/p>\n<p><em><a href=\"https:\/\/twitter.com\/stepienybarno\">@stepienybarno (+ de 16.000 seguidores)<\/a><\/em><\/p>\n<p><em><a href=\"https:\/\/twitter.com\/stepienybarno?lang=es\">https:\/\/twitter.com\/stepienybarno?lang=es<\/a><\/em><\/p>\n<p><em><a href=\"https:\/\/www.facebook.com\/pages\/BLOG-DE-STEPIENYBARNO\/78001079029\">Stepienybarno en FACEBOOK (+ de 24<u>.000 seguidores)<\/u><\/a><\/em><\/p>\n<p><em><a href=\"https:\/\/www.facebook.com\/StepienyBarnoArquitecturaeIdentidadDigital\/\">https:\/\/www.facebook.com\/StepienyBarnoArquitecturaeIdentidadDigital\/<\/a><\/em><\/p>\n<p><em>Acceder a nuestro GRUPO CERRADO DE FACEBOOK sobre Identidad Digital para Arquitectos:<\/em><\/p>\n<p><em><a href=\"https:\/\/www.facebook.com\/groups\/IdentidadDigitalParaArquitectos\/\">https:\/\/www.facebook.com\/groups\/IdentidadDigitalParaArquitectos\/<\/a><\/em><\/p>\n<p><em>Suscr\u00edbete a nuestro canal de YOUTUBE: <a href=\"http:\/\/bit.ly\/2A1UtAd\">http:\/\/bit.ly\/2A1UtAd<\/a><\/em><\/p>\n<p>&nbsp;<\/p>\n<p>* <a href=\"https:\/\/stepienybarno.es\/blog\/2011\/09\/04\/las-fortalezas-del-arquitecto\/\">Stepienybarno<\/a> est\u00e1 formado por Agnieszka Stepien y Lorenzo Barn\u00f3 y desde mayo del 2009 estamos en la red con la presente publicaci\u00f3n digital (Blog) de arquitectura.<\/p>\n<p>Nuestra actividad se sustenta en tres pilares b\u00e1sicos: la investigaci\u00f3n, la publicaci\u00f3n y la redacci\u00f3n de proyectos de arquitectura.<\/p>\n<p>A su vez, somos socios cofundadores de <a href=\"http:\/\/sinergiasostenible.org\/\">SINERGIA SOSTENIBLE<\/a> y directores del blog de FUNDACI\u00d3N ARQUIA.<\/p>\n","protected":false},"excerpt":{"rendered":"<p>Por: Jos\u00e9 Joaquin Gal\u00e1n Desde: arquitecturajoaquingalan.blogspot.com<\/p>\n","protected":false},"author":2,"featured_media":47004,"comment_status":"open","ping_status":"closed","sticky":false,"template":"","format":"standard","meta":{"om_disable_all_campaigns":false,"_monsterinsights_skip_tracking":false,"_monsterinsights_sitenote_active":false,"_monsterinsights_sitenote_note":"","_monsterinsights_sitenote_category":0,"_uf_show_specific_survey":0,"_uf_disable_surveys":false,"episode_type":"audio","audio_file":"","cover_image":"","cover_image_id":"","duration":"","filesize":"","date_recorded":"","explicit":"","block":"","filesize_raw":"","footnotes":""},"categories":[244],"tags":[8625,522],"series":[],"class_list":["post-47003","post","type-post","status-publish","format-standard","has-post-thumbnail","hentry","category-canal-de-arquitectura","tag-jose-joaquin-galan","tag-miguel-fisac"],"aioseo_notices":[],"episode_featured_image":"https:\/\/stepienybarno.es\/blog\/wp-content\/uploads\/2021\/04\/stepienybarno-Complejo-Cultural-en-Castilblanco-de-Los-Arroyos-Miguel-Fisac-postdeldia.jpg","episode_player_image":"https:\/\/stepienybarno.es\/blog\/wp-content\/uploads\/2020\/11\/stepienybarno-podcast-scaled.jpg","download_link":"","player_link":"","audio_player":false,"episode_data":{"playerMode":"dark","subscribeUrls":[],"rssFeedUrl":"https:\/\/stepienybarno.es\/blog\/feed\/podcast\/podcast-de-stepienybarno","embedCode":"<blockquote class=\"wp-embedded-content\" data-secret=\"h1trD0vC0T\"><a href=\"https:\/\/stepienybarno.es\/blog\/2021\/04\/07\/complejo-cultural-en-castilblanco-de-los-arroyos-miguel-fisac\/\">Complejo Cultural en Castilblanco de Los Arroyos, Miguel Fisac<\/a><\/blockquote><iframe sandbox=\"allow-scripts\" security=\"restricted\" src=\"https:\/\/stepienybarno.es\/blog\/2021\/04\/07\/complejo-cultural-en-castilblanco-de-los-arroyos-miguel-fisac\/embed\/#?secret=h1trD0vC0T\" width=\"500\" height=\"350\" title=\"\u00abComplejo Cultural en Castilblanco de Los Arroyos, Miguel Fisac\u00bb \u2014 Blog de STEPIEN Y BARNO - publicaci\u00f3n digital sobre arquitectura\" data-secret=\"h1trD0vC0T\" frameborder=\"0\" marginwidth=\"0\" marginheight=\"0\" scrolling=\"no\" class=\"wp-embedded-content\"><\/iframe><script type=\"text\/javascript\">\n\/* <![CDATA[ *\/\n\/*! This file is auto-generated *\/\n!function(d,l){\"use strict\";l.querySelector&&d.addEventListener&&\"undefined\"!=typeof URL&&(d.wp=d.wp||{},d.wp.receiveEmbedMessage||(d.wp.receiveEmbedMessage=function(e){var t=e.data;if((t||t.secret||t.message||t.value)&&!\/[^a-zA-Z0-9]\/.test(t.secret)){for(var s,r,n,a=l.querySelectorAll('iframe[data-secret=\"'+t.secret+'\"]'),o=l.querySelectorAll('blockquote[data-secret=\"'+t.secret+'\"]'),c=new RegExp(\"^https?:$\",\"i\"),i=0;i<o.length;i++)o[i].style.display=\"none\";for(i=0;i<a.length;i++)s=a[i],e.source===s.contentWindow&&(s.removeAttribute(\"style\"),\"height\"===t.message?(1e3<(r=parseInt(t.value,10))?r=1e3:~~r<200&&(r=200),s.height=r):\"link\"===t.message&&(r=new URL(s.getAttribute(\"src\")),n=new URL(t.value),c.test(n.protocol))&&n.host===r.host&&l.activeElement===s&&(d.top.location.href=t.value))}},d.addEventListener(\"message\",d.wp.receiveEmbedMessage,!1),l.addEventListener(\"DOMContentLoaded\",function(){for(var e,t,s=l.querySelectorAll(\"iframe.wp-embedded-content\"),r=0;r<s.length;r++)(t=(e=s[r]).getAttribute(\"data-secret\"))||(t=Math.random().toString(36).substring(2,12),e.src+=\"#?secret=\"+t,e.setAttribute(\"data-secret\",t)),e.contentWindow.postMessage({message:\"ready\",secret:t},\"*\")},!1)))}(window,document);\n\/* ]]> *\/\n<\/script>\n"},"_links":{"self":[{"href":"https:\/\/stepienybarno.es\/blog\/wp-json\/wp\/v2\/posts\/47003"}],"collection":[{"href":"https:\/\/stepienybarno.es\/blog\/wp-json\/wp\/v2\/posts"}],"about":[{"href":"https:\/\/stepienybarno.es\/blog\/wp-json\/wp\/v2\/types\/post"}],"author":[{"embeddable":true,"href":"https:\/\/stepienybarno.es\/blog\/wp-json\/wp\/v2\/users\/2"}],"replies":[{"embeddable":true,"href":"https:\/\/stepienybarno.es\/blog\/wp-json\/wp\/v2\/comments?post=47003"}],"version-history":[{"count":2,"href":"https:\/\/stepienybarno.es\/blog\/wp-json\/wp\/v2\/posts\/47003\/revisions"}],"predecessor-version":[{"id":47006,"href":"https:\/\/stepienybarno.es\/blog\/wp-json\/wp\/v2\/posts\/47003\/revisions\/47006"}],"wp:featuredmedia":[{"embeddable":true,"href":"https:\/\/stepienybarno.es\/blog\/wp-json\/wp\/v2\/media\/47004"}],"wp:attachment":[{"href":"https:\/\/stepienybarno.es\/blog\/wp-json\/wp\/v2\/media?parent=47003"}],"wp:term":[{"taxonomy":"category","embeddable":true,"href":"https:\/\/stepienybarno.es\/blog\/wp-json\/wp\/v2\/categories?post=47003"},{"taxonomy":"post_tag","embeddable":true,"href":"https:\/\/stepienybarno.es\/blog\/wp-json\/wp\/v2\/tags?post=47003"},{"taxonomy":"series","embeddable":true,"href":"https:\/\/stepienybarno.es\/blog\/wp-json\/wp\/v2\/series?post=47003"}],"curies":[{"name":"wp","href":"https:\/\/api.w.org\/{rel}","templated":true}]}}