{"id":47095,"date":"2021-04-09T09:56:46","date_gmt":"2021-04-09T07:56:46","guid":{"rendered":"https:\/\/stepienybarno.es\/blog\/?p=47095"},"modified":"2022-03-31T12:50:09","modified_gmt":"2022-03-31T10:50:09","slug":"episodio-87-arquicafe-con-ana-amado","status":"publish","type":"post","link":"https:\/\/stepienybarno.es\/blog\/2021\/04\/09\/episodio-87-arquicafe-con-ana-amado\/","title":{"rendered":"Episodio 87: Arquicaf\u00e9 con Ana Amado"},"content":{"rendered":"<p><img loading=\"lazy\" decoding=\"async\" class=\"alignnone wp-image-47097 size-full\" src=\"https:\/\/stepienybarno.es\/blog\/wp-content\/uploads\/2021\/04\/min.jpg\" alt=\"Entrevista con Ana Amado Arquitectura y fotograf\u00eda\" width=\"1280\" height=\"720\" srcset=\"https:\/\/stepienybarno.es\/blog\/wp-content\/uploads\/2021\/04\/min.jpg 1280w, https:\/\/stepienybarno.es\/blog\/wp-content\/uploads\/2021\/04\/min-550x309.jpg 550w, https:\/\/stepienybarno.es\/blog\/wp-content\/uploads\/2021\/04\/min-1024x576.jpg 1024w, https:\/\/stepienybarno.es\/blog\/wp-content\/uploads\/2021\/04\/min-180x101.jpg 180w, https:\/\/stepienybarno.es\/blog\/wp-content\/uploads\/2021\/04\/min-316x178.jpg 316w\" sizes=\"(max-width: 1280px) 100vw, 1280px\" \/><\/p>\n<p>Hoy nos tomamos un Arquicaf\u00e9 con <b>Ana Amado<\/b>.<\/p>\n<p>Ana Amado es Arquitecta y fot\u00f3grafa, y en estos momentos tiene una campa\u00f1a entre manos ,<a href=\"https:\/\/www.verkami.com\/projects\/29508-lideresas-en-africa\"><strong>Lideresas Africa,<\/strong><\/a> para visibilizar la situaci\u00f3n en \u00c1frica, desde aqu\u00ed os invitamos a que colabor\u00e9is.<\/p>\n<p><!--more--><\/p>\n<p><em><strong>Ana Amado es Arquitecta, fot\u00f3grafa y artista visual. <\/strong>Profesional multidisciplinar en los campos de la arquitectura, la fotograf\u00eda, la direcci\u00f3n art\u00edstica en cine\/TV, la ilustraci\u00f3n y c\u00f3mic, el comisariado y el dise\u00f1o de exposiciones.<\/em><\/p>\n<p><em>M\u00e1ster en Fotograf\u00eda por la Escuela Lens de Artes Visuales (Madrid), M\u00e1ster en Arte, Museolog\u00eda y Cr\u00edtica Contempor\u00e1neas por la USC (Santiago de Compostela), Posgrado en Ilustraci\u00f3n Creativa por la Escuela EINA (Barcelona), y arquitecta por la ETSAC de arquitectura (Universidad de A Coru\u00f1a).<\/em><\/p>\n<p><em>Su trabajo personal explora las interconexiones entre las diversas manifestaciones art\u00edsticas, buscando siempre el acercamiento del arte contempor\u00e1neo a la sociedad. En su obra prima la fotograf\u00eda con contenido social donde se sirve de la arquitectura como marco para hablar de temas como la crisis econ\u00f3mica o la revalorizaci\u00f3n de la arquitectura moderna en Espa\u00f1a.<\/em><\/p>\n<p><em>Cabe destacar su participaci\u00f3n en la Bienal de Venecia de 2016 con la serie <strong>Spanish Dreams. <\/strong>Su trabajo ha sido premiado y expuesto internacionalmente<\/em><\/p>\n<p><em>Recientemente su proyecto de investigaci\u00f3n fotogr\u00e1fico sobre los poblados de colonizaci\u00f3n del INC ha sido publicado en un libro promovido por el Ministerio de Agricultura y editado por Turner ( Junto a Andr\u00e9s Pati\u00f1o). Mas informaci\u00f3n sobre el libro <strong>\u00abHabitar el Agua\u00bb\u00a0<\/strong><\/em><\/p>\n<p>&nbsp;<\/p>\n<p>Puedes seguir a Ana amado en:<\/p>\n<p>Facebook: <strong><a href=\"https:\/\/www.facebook.com\/aamadopazos\">Ana Amado<\/a><\/strong><\/p>\n<p>Instagram: <strong><a href=\"https:\/\/www.instagram.com\/anitadinam\/\">anitadinam<\/a><\/strong><\/p>\n<p>Linkedin: <strong><a href=\"https:\/\/www.linkedin.com\/in\/anaamadophoto\/\">Ana Amado<\/a><\/strong><\/p>\n<p>&nbsp;<\/p>\n<p style=\"text-align: center;\"><a href=\"https:\/\/www.ivoox.com\/stepienybarno-arquitectura_sq_f1856662_1.html \" class=\"kp-button \" target=\"_self\">Escucha m\u00e1s podcast de Stepienybarno en IVOOX<\/a><\/p>\n<p>&nbsp;<\/p>\n<p><iframe loading=\"lazy\" title=\"Entrevista #arquicaf\u00e9 con Ana Amado, fot\u00f3grafa y arquitecta + 5 Tips de fotograf\u00eda para Arquitectos\" width=\"911\" height=\"512\" src=\"https:\/\/www.youtube.com\/embed\/sbhfbL0IGeY?feature=oembed\" frameborder=\"0\" allow=\"accelerometer; autoplay; clipboard-write; encrypted-media; gyroscope; picture-in-picture\" allowfullscreen><\/iframe><\/p>\n<p>&nbsp;<\/p>\n<h3 dir=\"ltr\" data-placeholder=\"Traducci\u00f3n\">Esperamos que os haya gustado nuestro Arquicaf\u00e9 con Ana Amado<\/h3>\n<div>\n<p>Finalmente si quieres saber mas de Ana puedes consultar estos post de nuestro blog:<\/p>\n<p class=\"entry-title\"><a href=\"https:\/\/stepienybarno.es\/blog\/2013\/11\/13\/ana-amado-capturando-el-tiempo\/\">ANA AMADO, CAPTURANDO EL TIEMPO.<\/a><\/p>\n<p class=\"entry-title\"><a href=\"https:\/\/stepienybarno.es\/blog\/2021\/03\/04\/fotografia-con-escala-humana\/\">Fotograf\u00eda con escala humana<\/a><\/p>\n<\/div>\n<p>&nbsp;<\/p>\n","protected":false},"excerpt":{"rendered":"<p>Hoy nos tomamos un Arquicaf\u00e9 con Ana Amado. Ana Amado<\/p>\n","protected":false},"author":2,"featured_media":47097,"comment_status":"open","ping_status":"closed","sticky":false,"template":"","format":"standard","meta":{"om_disable_all_campaigns":false,"_monsterinsights_skip_tracking":false,"_monsterinsights_sitenote_active":false,"_monsterinsights_sitenote_note":"","_monsterinsights_sitenote_category":0,"_uf_show_specific_survey":0,"_uf_disable_surveys":false,"episode_type":"audio","audio_file":"https:\/\/stepienybarno.es\/blog\/wp-content\/uploads\/2021\/04\/87-Arquicafe-Ana-Amado-1.mp3","cover_image":"","cover_image_id":"","duration":"41:02","filesize":"9.39M","date_recorded":"2021-04-09 09:56:46","explicit":"","block":"","filesize_raw":"9848032","footnotes":""},"categories":[34,63],"tags":[7777,1430,8639,4199,6601,31,4410,8638,8636,7997,8637],"series":[10115],"class_list":["post-47095","post","type-post","status-publish","format-standard","has-post-thumbnail","hentry","category-actualidad","category-arqui-entrevista","tag-arquicafe","tag-ana-amado","tag-consejos-de-fotografia","tag-dario-nunez","tag-entrevistas-a-arquitectos-y-arquitectas","tag-fotografia","tag-fotografia-de-arquitectura","tag-habitar-el-agua","tag-lideresas-africa","tag-podcast","tag-spanish-dreams","series-podcast-de-stepienybarno"],"aioseo_notices":[],"episode_featured_image":"https:\/\/stepienybarno.es\/blog\/wp-content\/uploads\/2021\/04\/min.jpg","episode_player_image":"https:\/\/stepienybarno.es\/blog\/wp-content\/uploads\/2020\/11\/stepienybarno-podcast-scaled.jpg","download_link":"https:\/\/stepienybarno.es\/blog\/podcast-download\/47095\/episodio-87-arquicafe-con-ana-amado.mp3","player_link":"https:\/\/stepienybarno.es\/blog\/podcast-player\/47095\/episodio-87-arquicafe-con-ana-amado.mp3","audio_player":"<!--[if lt IE 9]><script>document.createElement('audio');<\/script><![endif]-->\n<audio class=\"wp-audio-shortcode\" id=\"audio-47095-1\" preload=\"none\" style=\"width: 100%;\" controls=\"controls\"><source type=\"audio\/mpeg\" src=\"https:\/\/stepienybarno.es\/blog\/podcast-player\/47095\/episodio-87-arquicafe-con-ana-amado.mp3?_=1\" \/><a href=\"https:\/\/stepienybarno.es\/blog\/podcast-player\/47095\/episodio-87-arquicafe-con-ana-amado.mp3\">https:\/\/stepienybarno.es\/blog\/podcast-player\/47095\/episodio-87-arquicafe-con-ana-amado.mp3<\/a><\/audio>","episode_data":{"playerMode":"dark","subscribeUrls":[],"rssFeedUrl":"https:\/\/stepienybarno.es\/blog\/feed\/podcast\/podcast-de-stepienybarno","embedCode":"<blockquote class=\"wp-embedded-content\" data-secret=\"TejgnSTJsM\"><a href=\"https:\/\/stepienybarno.es\/blog\/2021\/04\/09\/episodio-87-arquicafe-con-ana-amado\/\">Episodio 87: Arquicaf\u00e9 con Ana Amado<\/a><\/blockquote><iframe sandbox=\"allow-scripts\" security=\"restricted\" src=\"https:\/\/stepienybarno.es\/blog\/2021\/04\/09\/episodio-87-arquicafe-con-ana-amado\/embed\/#?secret=TejgnSTJsM\" width=\"500\" height=\"350\" title=\"\u00abEpisodio 87: Arquicaf\u00e9 con Ana Amado\u00bb \u2014 Blog de STEPIEN Y BARNO - publicaci\u00f3n digital sobre arquitectura\" data-secret=\"TejgnSTJsM\" frameborder=\"0\" marginwidth=\"0\" marginheight=\"0\" scrolling=\"no\" class=\"wp-embedded-content\"><\/iframe><script type=\"text\/javascript\">\n\/* <![CDATA[ *\/\n\/*! This file is auto-generated *\/\n!function(d,l){\"use strict\";l.querySelector&&d.addEventListener&&\"undefined\"!=typeof URL&&(d.wp=d.wp||{},d.wp.receiveEmbedMessage||(d.wp.receiveEmbedMessage=function(e){var t=e.data;if((t||t.secret||t.message||t.value)&&!\/[^a-zA-Z0-9]\/.test(t.secret)){for(var s,r,n,a=l.querySelectorAll('iframe[data-secret=\"'+t.secret+'\"]'),o=l.querySelectorAll('blockquote[data-secret=\"'+t.secret+'\"]'),c=new RegExp(\"^https?:$\",\"i\"),i=0;i<o.length;i++)o[i].style.display=\"none\";for(i=0;i<a.length;i++)s=a[i],e.source===s.contentWindow&&(s.removeAttribute(\"style\"),\"height\"===t.message?(1e3<(r=parseInt(t.value,10))?r=1e3:~~r<200&&(r=200),s.height=r):\"link\"===t.message&&(r=new URL(s.getAttribute(\"src\")),n=new URL(t.value),c.test(n.protocol))&&n.host===r.host&&l.activeElement===s&&(d.top.location.href=t.value))}},d.addEventListener(\"message\",d.wp.receiveEmbedMessage,!1),l.addEventListener(\"DOMContentLoaded\",function(){for(var e,t,s=l.querySelectorAll(\"iframe.wp-embedded-content\"),r=0;r<s.length;r++)(t=(e=s[r]).getAttribute(\"data-secret\"))||(t=Math.random().toString(36).substring(2,12),e.src+=\"#?secret=\"+t,e.setAttribute(\"data-secret\",t)),e.contentWindow.postMessage({message:\"ready\",secret:t},\"*\")},!1)))}(window,document);\n\/* ]]> *\/\n<\/script>\n"},"_links":{"self":[{"href":"https:\/\/stepienybarno.es\/blog\/wp-json\/wp\/v2\/posts\/47095"}],"collection":[{"href":"https:\/\/stepienybarno.es\/blog\/wp-json\/wp\/v2\/posts"}],"about":[{"href":"https:\/\/stepienybarno.es\/blog\/wp-json\/wp\/v2\/types\/post"}],"author":[{"embeddable":true,"href":"https:\/\/stepienybarno.es\/blog\/wp-json\/wp\/v2\/users\/2"}],"replies":[{"embeddable":true,"href":"https:\/\/stepienybarno.es\/blog\/wp-json\/wp\/v2\/comments?post=47095"}],"version-history":[{"count":1,"href":"https:\/\/stepienybarno.es\/blog\/wp-json\/wp\/v2\/posts\/47095\/revisions"}],"predecessor-version":[{"id":47099,"href":"https:\/\/stepienybarno.es\/blog\/wp-json\/wp\/v2\/posts\/47095\/revisions\/47099"}],"wp:featuredmedia":[{"embeddable":true,"href":"https:\/\/stepienybarno.es\/blog\/wp-json\/wp\/v2\/media\/47097"}],"wp:attachment":[{"href":"https:\/\/stepienybarno.es\/blog\/wp-json\/wp\/v2\/media?parent=47095"}],"wp:term":[{"taxonomy":"category","embeddable":true,"href":"https:\/\/stepienybarno.es\/blog\/wp-json\/wp\/v2\/categories?post=47095"},{"taxonomy":"post_tag","embeddable":true,"href":"https:\/\/stepienybarno.es\/blog\/wp-json\/wp\/v2\/tags?post=47095"},{"taxonomy":"series","embeddable":true,"href":"https:\/\/stepienybarno.es\/blog\/wp-json\/wp\/v2\/series?post=47095"}],"curies":[{"name":"wp","href":"https:\/\/api.w.org\/{rel}","templated":true}]}}