{"id":47368,"date":"2021-04-23T08:02:59","date_gmt":"2021-04-23T06:02:59","guid":{"rendered":"https:\/\/stepienybarno.es\/blog\/?p=47368"},"modified":"2021-04-21T17:59:59","modified_gmt":"2021-04-21T15:59:59","slug":"atico-beistegui-bifurcaciones-superpuestas","status":"publish","type":"post","link":"https:\/\/stepienybarno.es\/blog\/2021\/04\/23\/atico-beistegui-bifurcaciones-superpuestas\/","title":{"rendered":"\u00c1tico Beistegui, bifurcaciones superpuestas"},"content":{"rendered":"<p><img loading=\"lazy\" decoding=\"async\" class=\"alignnone wp-image-47369\" src=\"https:\/\/stepienybarno.es\/blog\/wp-content\/uploads\/2021\/04\/stepienybarno-Atico-Beistegui-bifurcaciones-superpuestas-Postdeldia.jpg\" alt=\"\" width=\"750\" height=\"563\" srcset=\"https:\/\/stepienybarno.es\/blog\/wp-content\/uploads\/2021\/04\/stepienybarno-Atico-Beistegui-bifurcaciones-superpuestas-Postdeldia.jpg 512w, https:\/\/stepienybarno.es\/blog\/wp-content\/uploads\/2021\/04\/stepienybarno-Atico-Beistegui-bifurcaciones-superpuestas-Postdeldia-180x135.jpg 180w, https:\/\/stepienybarno.es\/blog\/wp-content\/uploads\/2021\/04\/stepienybarno-Atico-Beistegui-bifurcaciones-superpuestas-Postdeldia-316x237.jpg 316w\" sizes=\"(max-width: 750px) 100vw, 750px\" \/><\/p>\n<h1><strong>Por: Paula V. \u00c1lvarez<br \/>\n<\/strong><\/h1>\n<h2><strong>Desde: LC. Revue de recherches sur Le Corbusier<\/strong><!--more--><\/h2>\n<p>Este art\u00edculo pone sobre la mesa diferentes reflexiones sobre el \u00c1tico Beistegui, con objeto de construir un enfoque nuevo sobre las decisiones proyectuales. Cinco ep\u00edgrafes plantean una serie de disyuntivas encadenadas, relacionadas con diversas aportaciones de autores que se han aproximado al significado de la obra de Le Corbusier en su contexto socioecon\u00f3mico y pol\u00edtico-cultural.<\/p>\n<p>Estas disyuntivas se refieren a su visi\u00f3n sobre el papel de la arquitectura ante la transformaci\u00f3n del medio habitado bajo el avance tecnol\u00f3gico tras la revoluci\u00f3n industrial y como parte de las nuevas t\u00e9cnicas de regulaci\u00f3n pol\u00edtica de la sociedad de masas enfocada al consumo, ahora basadas en la uni\u00f3n de la cultura y los medios. Con este trasfondo impl\u00edcito, se contrastan las aportaciones de relevantes autores del s. XX con otras m\u00e1s recientes y dos puntos de vista: la experimentaci\u00f3n trans-escalar de Le Corbusier con el montaje y su significado para el propio Beistegui, decorador, coleccionista y ciudadano del globo, que no duda en intervenir en el dise\u00f1o.<\/p>\n<p>La idea de que la reinvenci\u00f3n lecorbuseriana de las t\u00e9cnicas de proyecto responde a una voluntad de control se abre a otra posibilidad: la b\u00fasqueda de acuerdos parciales y provisionales, en medio de las contradicciones e incertidumbres de un presente en transici\u00f3n<\/p>\n<p>&nbsp;<\/p>\n<p style=\"text-align: center;\"><a href=\"https:\/\/bit.ly\/3awd5wd\" target=\"_blank\" rel=\"noopener noreferrer\">Acceder al post<\/a><\/p>\n<hr \/>\n<h5><strong>Autores del post: <a href=\"https:\/\/stepienybarno.es\/blog\/2011\/09\/04\/las-fortalezas-del-arquitecto\/\">Stepienybarno<\/a> _ Agnieszka Stepien y Lorenzo Barn\u00f3<\/strong><\/h5>\n<h5>Y como siempre, si te gust\u00f3 el post, estar\u00eda genial que lo compartas en tus redes sociales.<\/h5>\n<h5>A su vez, si todav\u00eda no est\u00e1s suscrito a nuestra Newsletter, te animamos a hacerlo en la casilla que tienes al terminar este art\u00edculo.<\/h5>\n<p>&nbsp;<\/p>\n<p>Suscribirte a nuestro blog y recibe gratis nuestra gu\u00eda: 10 Ideas para vender m\u00e1s si eres arquitecto<\/p>\n<p>Acceder: <a href=\"http:\/\/bit.ly\/2fkkTS7\">http:\/\/bit.ly\/2fkkTS7<\/a><\/p>\n<p>&nbsp;<\/p>\n<p>Si te interesa contactar con nosotros para que te ayudemos a mejorar tu visibilidad online y, en consecuencia, mejorar tus oportunidades laborales, no dudes en escribirnos a: <a href=\"mailto:blog@stepienybarno.es\">blog@stepienybarno.es<\/a><\/p>\n<p>&nbsp;<\/p>\n<p><em><a href=\"https:\/\/twitter.com\/stepienybarno\">Stepienybarno en TWITTER<\/a><\/em><\/p>\n<p><em><a href=\"https:\/\/twitter.com\/stepienybarno\">@stepienybarno (+ de 16.000 seguidores)<\/a><\/em><\/p>\n<p><em><a href=\"https:\/\/twitter.com\/stepienybarno?lang=es\">https:\/\/twitter.com\/stepienybarno?lang=es<\/a><\/em><\/p>\n<p><em><a href=\"https:\/\/www.facebook.com\/pages\/BLOG-DE-STEPIENYBARNO\/78001079029\">Stepienybarno en FACEBOOK (+ de 24<u>.000 seguidores)<\/u><\/a><\/em><\/p>\n<p><em><a href=\"https:\/\/www.facebook.com\/StepienyBarnoArquitecturaeIdentidadDigital\/\">https:\/\/www.facebook.com\/StepienyBarnoArquitecturaeIdentidadDigital\/<\/a><\/em><\/p>\n<p><em>Acceder a nuestro GRUPO CERRADO DE FACEBOOK sobre Identidad Digital para Arquitectos:<\/em><\/p>\n<p><em><a href=\"https:\/\/www.facebook.com\/groups\/IdentidadDigitalParaArquitectos\/\">https:\/\/www.facebook.com\/groups\/IdentidadDigitalParaArquitectos\/<\/a><\/em><\/p>\n<p><em>Suscr\u00edbete a nuestro canal de YOUTUBE: <a href=\"http:\/\/bit.ly\/2A1UtAd\">http:\/\/bit.ly\/2A1UtAd<\/a><\/em><\/p>\n<p>&nbsp;<\/p>\n<p>* <a href=\"https:\/\/stepienybarno.es\/blog\/2011\/09\/04\/las-fortalezas-del-arquitecto\/\">Stepienybarno<\/a> est\u00e1 formado por Agnieszka Stepien y Lorenzo Barn\u00f3 y desde mayo del 2009 estamos en la red con la presente publicaci\u00f3n digital (Blog) de arquitectura.<\/p>\n<p>Nuestra actividad se sustenta en tres pilares b\u00e1sicos: la investigaci\u00f3n, la publicaci\u00f3n y la redacci\u00f3n de proyectos de arquitectura.<\/p>\n<p>A su vez, somos socios cofundadores de <a href=\"http:\/\/sinergiasostenible.org\/\">SINERGIA SOSTENIBLE<\/a> y directores del blog de FUNDACI\u00d3N ARQUIA.<\/p>\n","protected":false},"excerpt":{"rendered":"<p>Por: Paula V. \u00c1lvarez Desde: LC. Revue de recherches sur<\/p>\n","protected":false},"author":2,"featured_media":47369,"comment_status":"open","ping_status":"closed","sticky":false,"template":"","format":"standard","meta":{"om_disable_all_campaigns":false,"_monsterinsights_skip_tracking":false,"_monsterinsights_sitenote_active":false,"_monsterinsights_sitenote_note":"","_monsterinsights_sitenote_category":0,"_uf_show_specific_survey":0,"_uf_disable_surveys":false,"episode_type":"audio","audio_file":"","cover_image":"","cover_image_id":"","duration":"","filesize":"","date_recorded":"","explicit":"","block":"","filesize_raw":"","footnotes":""},"categories":[244],"tags":[503,4061],"series":[],"class_list":["post-47368","post","type-post","status-publish","format-standard","has-post-thumbnail","hentry","category-canal-de-arquitectura","tag-le-corbusier","tag-paula-v-alvarez"],"aioseo_notices":[],"episode_featured_image":"https:\/\/stepienybarno.es\/blog\/wp-content\/uploads\/2021\/04\/stepienybarno-Atico-Beistegui-bifurcaciones-superpuestas-Postdeldia.jpg","episode_player_image":"https:\/\/stepienybarno.es\/blog\/wp-content\/uploads\/2020\/11\/stepienybarno-podcast-scaled.jpg","download_link":"","player_link":"","audio_player":false,"episode_data":{"playerMode":"dark","subscribeUrls":[],"rssFeedUrl":"https:\/\/stepienybarno.es\/blog\/feed\/podcast\/podcast-de-stepienybarno","embedCode":"<blockquote class=\"wp-embedded-content\" data-secret=\"J6Fewt1Rqy\"><a href=\"https:\/\/stepienybarno.es\/blog\/2021\/04\/23\/atico-beistegui-bifurcaciones-superpuestas\/\">\u00c1tico Beistegui, bifurcaciones superpuestas<\/a><\/blockquote><iframe sandbox=\"allow-scripts\" security=\"restricted\" src=\"https:\/\/stepienybarno.es\/blog\/2021\/04\/23\/atico-beistegui-bifurcaciones-superpuestas\/embed\/#?secret=J6Fewt1Rqy\" width=\"500\" height=\"350\" title=\"\u00ab\u00c1tico Beistegui, bifurcaciones superpuestas\u00bb \u2014 Blog de STEPIEN Y BARNO - publicaci\u00f3n digital sobre arquitectura\" data-secret=\"J6Fewt1Rqy\" frameborder=\"0\" marginwidth=\"0\" marginheight=\"0\" scrolling=\"no\" class=\"wp-embedded-content\"><\/iframe><script type=\"text\/javascript\">\n\/* <![CDATA[ *\/\n\/*! This file is auto-generated *\/\n!function(d,l){\"use strict\";l.querySelector&&d.addEventListener&&\"undefined\"!=typeof URL&&(d.wp=d.wp||{},d.wp.receiveEmbedMessage||(d.wp.receiveEmbedMessage=function(e){var t=e.data;if((t||t.secret||t.message||t.value)&&!\/[^a-zA-Z0-9]\/.test(t.secret)){for(var s,r,n,a=l.querySelectorAll('iframe[data-secret=\"'+t.secret+'\"]'),o=l.querySelectorAll('blockquote[data-secret=\"'+t.secret+'\"]'),c=new RegExp(\"^https?:$\",\"i\"),i=0;i<o.length;i++)o[i].style.display=\"none\";for(i=0;i<a.length;i++)s=a[i],e.source===s.contentWindow&&(s.removeAttribute(\"style\"),\"height\"===t.message?(1e3<(r=parseInt(t.value,10))?r=1e3:~~r<200&&(r=200),s.height=r):\"link\"===t.message&&(r=new URL(s.getAttribute(\"src\")),n=new URL(t.value),c.test(n.protocol))&&n.host===r.host&&l.activeElement===s&&(d.top.location.href=t.value))}},d.addEventListener(\"message\",d.wp.receiveEmbedMessage,!1),l.addEventListener(\"DOMContentLoaded\",function(){for(var e,t,s=l.querySelectorAll(\"iframe.wp-embedded-content\"),r=0;r<s.length;r++)(t=(e=s[r]).getAttribute(\"data-secret\"))||(t=Math.random().toString(36).substring(2,12),e.src+=\"#?secret=\"+t,e.setAttribute(\"data-secret\",t)),e.contentWindow.postMessage({message:\"ready\",secret:t},\"*\")},!1)))}(window,document);\n\/* ]]> *\/\n<\/script>\n"},"_links":{"self":[{"href":"https:\/\/stepienybarno.es\/blog\/wp-json\/wp\/v2\/posts\/47368"}],"collection":[{"href":"https:\/\/stepienybarno.es\/blog\/wp-json\/wp\/v2\/posts"}],"about":[{"href":"https:\/\/stepienybarno.es\/blog\/wp-json\/wp\/v2\/types\/post"}],"author":[{"embeddable":true,"href":"https:\/\/stepienybarno.es\/blog\/wp-json\/wp\/v2\/users\/2"}],"replies":[{"embeddable":true,"href":"https:\/\/stepienybarno.es\/blog\/wp-json\/wp\/v2\/comments?post=47368"}],"version-history":[{"count":3,"href":"https:\/\/stepienybarno.es\/blog\/wp-json\/wp\/v2\/posts\/47368\/revisions"}],"predecessor-version":[{"id":47375,"href":"https:\/\/stepienybarno.es\/blog\/wp-json\/wp\/v2\/posts\/47368\/revisions\/47375"}],"wp:featuredmedia":[{"embeddable":true,"href":"https:\/\/stepienybarno.es\/blog\/wp-json\/wp\/v2\/media\/47369"}],"wp:attachment":[{"href":"https:\/\/stepienybarno.es\/blog\/wp-json\/wp\/v2\/media?parent=47368"}],"wp:term":[{"taxonomy":"category","embeddable":true,"href":"https:\/\/stepienybarno.es\/blog\/wp-json\/wp\/v2\/categories?post=47368"},{"taxonomy":"post_tag","embeddable":true,"href":"https:\/\/stepienybarno.es\/blog\/wp-json\/wp\/v2\/tags?post=47368"},{"taxonomy":"series","embeddable":true,"href":"https:\/\/stepienybarno.es\/blog\/wp-json\/wp\/v2\/series?post=47368"}],"curies":[{"name":"wp","href":"https:\/\/api.w.org\/{rel}","templated":true}]}}