{"id":4742,"date":"2011-12-28T09:41:30","date_gmt":"2011-12-28T07:41:30","guid":{"rendered":"https:\/\/www.stepienybarno.es\/blog\/?p=4742"},"modified":"2019-12-14T12:36:11","modified_gmt":"2019-12-14T10:36:11","slug":"la-nueva-ciudad-sostenible-de-santiago-calatrava-formipolis","status":"publish","type":"post","link":"https:\/\/stepienybarno.es\/blog\/2011\/12\/28\/la-nueva-ciudad-sostenible-de-santiago-calatrava-formipolis\/","title":{"rendered":"LA NUEVA  CIUDAD SOSTENIBLE DE SANTIAGO CALATRAVA, FORMIPOLIS"},"content":{"rendered":"<p align=\"center\"><img loading=\"lazy\" decoding=\"async\" class=\"aligncenter size-full wp-image-4743\" title=\"0. derinkuyu capadocia turca santiado calatrava 350 formipolis STEPIENYBARNO\" src=\"https:\/\/stepienybarno.es\/blog\/wp-content\/uploads\/2011\/12\/0.-derinkuyu-capadocia-turca-santiado-calatrava-350-formipolis-STEPIENYBARNO-.jpg\" alt=\"0. derinkuyu capadocia turca santiado calatrava 350 formipolis STEPIENYBARNO\" width=\"350\" height=\"350\" srcset=\"https:\/\/stepienybarno.es\/blog\/wp-content\/uploads\/2011\/12\/0.-derinkuyu-capadocia-turca-santiado-calatrava-350-formipolis-STEPIENYBARNO-.jpg 350w, https:\/\/stepienybarno.es\/blog\/wp-content\/uploads\/2011\/12\/0.-derinkuyu-capadocia-turca-santiado-calatrava-350-formipolis-STEPIENYBARNO--180x180.jpg 180w, https:\/\/stepienybarno.es\/blog\/wp-content\/uploads\/2011\/12\/0.-derinkuyu-capadocia-turca-santiado-calatrava-350-formipolis-STEPIENYBARNO--224x224.jpg 224w, https:\/\/stepienybarno.es\/blog\/wp-content\/uploads\/2011\/12\/0.-derinkuyu-capadocia-turca-santiado-calatrava-350-formipolis-STEPIENYBARNO--316x316.jpg 316w\" sizes=\"(max-width: 350px) 100vw, 350px\" \/><\/p>\n<p>Parece que Santiago Calabrava est\u00e1 m\u00e1s activo que nunca ya que en las \u00faltimas semanas nos han llegado varias\u00a0 noticias sobre sus nuevas aventuras.\u00a0 Como muchos de vosotros ya sab\u00e9is, a su nombramiento como <a href=\"http:\/\/www.publico.es\/espana\/411493\/santiago-calatrava-tendra-un-cargo-en-el-vaticano\">consultor del Consejo Pontificio de la Cultura del Vaticano<\/a> hay que a\u00f1adir\u00a0 sus intenciones de realizar un <a href=\"http:\/\/www.elmundotoday.com\/2011\/12\/calatrava-construye-un-puente-que-caera-en-lunes\/\">curioso puente.<\/a><\/p>\n<p>Pero, lo que no sab\u00edamos es que el arquitecto valenciano ten\u00eda preparado un \u00faltimo proyecto para este fren\u00e9tico final de a\u00f1o. Se trata de una nueva ciudad sostenible, bautizada con el sugerente nombre de<em> Formipolis<\/em>. As\u00ed que, si os apetece saber m\u00e1s de este innovador planteamiento, os invitamos a continuar leyendo la nueva entrada que hemos preparado.<\/p>\n<p><!--more--><\/p>\n<p>Seg\u00fan hemos podido averiguar la nueva ciudad no tiene una ubicaci\u00f3n fija, sino que se trata de un prototipo que puede ser instalado en cualquier parte del mundo. <strong><em>Formipolis<\/em> es, por\u00a0 supuesto, una nueva smart city, pero a diferencia de la mayor\u00eda de \u00e9stas no est\u00e1 pensada para ser vista, sino que se trata de una \u201cciudad invisible\u201d inspirada en ciertas ciudades de la <a href=\"http:\/\/elbauldejosete.wordpress.com\/2008\/01\/09\/laberintos-subterraneos-en-turquia\/\">Capadocia Turca<\/a>. <\/strong>Seg\u00fan se puede leer en la memoria del proyecto, \u00a0la idea principal del proyecto es que\u00a0 tenemos que aprender a vivir como las hormigas, ya que son \u201cseres sociales que han sabido cooperar y convivir con armon\u00eda\u201d. Por lo tanto, si estudiamos c\u00f3mo se relacionan estos peque\u00f1os insectos, podemos \u201ccopiar sus h\u00e1bitos y as\u00ed tener ciudades m\u00e1s eficientes\u201d.<\/p>\n<p>Como el mismo autor argumenta, en una rueda de prensa rel\u00e1mpago dada en la valenciana <em>Ciudad de las Ciencias<\/em>,\u00a0 \u201cya est\u00e1 bien de tanta ciudad espect\u00e1culo, la arquitectura parece que se ha convertido en un fin en s\u00ed mismo y eso no puede ser. Yo, con mi arquitectura, trato de dar al hombre el lugar que se merece; es el centro de mis planteamientos.\u201d\u00a0 Y continu\u00f3 diciendo, \u201cpara m\u00ed, la arquitectura debe respetar el medio natural en el que se inserta, por eso, estoy convencido de que la \u00fanica forma de hacer crecer a nuestras ciudades es bajo tierra\u201d.<\/p>\n<p>Bajo tierra, como las hormigas, este es el nuevo planteamiento de <em>Calabrava<\/em>. Una ciudad de unos 100.000 habitantes realmente, seg\u00fan su autor, sostenible, \u201cen otras <em>smart city<\/em> no se tiene en cuenta el ciclo de vida de los materiales ni los residuos que generan, por ello, creo que no son realmente ciudades sostenibles. Sin embargo, <strong>Formipolis trabajamos con materiales naturales, en muchos casos la propia tierra y piedra que nos encontraremos\u00a0 al hacer las excavaciones<\/strong>.\u201d Respecto a la energ\u00eda que consumir\u00e1, continu\u00f3 explicando. \u201cEl proyecto, cuenta con la colaboraci\u00f3n de las principales empresas de energ\u00edas limpias del sector. Gracias a ello, podemos garantizar que al estar enterrada, por un lado, las perdidas t\u00e9rmicas son m\u00ednimas y, por otro, tenemos aproximadamente tres hect\u00e1reas de suelo (que ser\u00e1 el techo de nuestros edificios) para recoger la energ\u00eda solar y convertirla en electricidad.\u201d Todo ello, a su vez, parece que ir\u00e1 apoyado por sistemas de geotermia (al estar enterrada la ciudad el gradiante t\u00e9rmico es muy elevado).<\/p>\n<p>Y ya por \u00faltimo, se habl\u00f3 del coste que supondr\u00e1 la nueva ciudad, \u201c<strong>el coste del metro cuadro de vivienda ser\u00e1 el mismo que el de una vivienda social, mientras que el gasto en edificios p\u00fablicos se reducir\u00e1 a la mitad<\/strong>\u201d.<\/p>\n<p>De todas formas, a pesar que el proyecto de Formipolis pueda tener su inter\u00e9s, muchas dudas en la sala de prensa flotaban en el ambiente, ya que, \u00a0<strong>Calabrava no fue capaz de explicar temas b\u00e1sicos como de qu\u00e9 forma se garantizar\u00e1 la ventilaci\u00f3n\u00a0 de las viviendas, ni el da\u00f1o ecol\u00f3gico que supone la excavaci\u00f3n de su ciudad<\/strong>.<\/p>\n<p>En fin, muchos interrogantes que se abren ante esta nueva propuesta de <em>Smart City.<\/em><\/p>\n<p>Como bien sab\u00e9is, desde <em>Stepienybarno,<\/em> somos m\u00e1s bien recelosos de este tipo de planteamientos y en breve haremos un art\u00edculo cr\u00edtico al respecto. Y, por supuesto, quedamos a la espera de vuestra opini\u00f3n sobre la nueva propuesta de Santiago Calabrava.<\/p>\n<blockquote><p>* Hoy es 28 de diciembre y el texto est\u00e1 escrito para el d\u00eda de los inocentes.<\/p><\/blockquote>\n","protected":false},"excerpt":{"rendered":"\n<p>Parece que Santiago Calabrava est\u00e1 m\u00e1s activo que nunca ya que en las \u00faltimas semanas nos han llegado varias  noticias sobre sus nuevas aventuras.  Como muchos de vosotros ya sab\u00e9is, a su nombramiento como consultor del Consejo Pontificio de la Cultura del Vaticano hay que a\u00f1adir  sus intenciones de realizar un curioso puente.<\/p>\n<p>Pero, lo que no sab\u00edamos es que el arquitecto valenciano ten\u00eda preparado un \u00faltimo proyecto para este fren\u00e9tico final de a\u00f1o. Se trata de una nueva ciudad sostenible, bautizada con el sugerente nombre de Formipolis. As\u00ed que, si os apetece saber m\u00e1s de este innovador planteamiento, os invitamos a continuar leyendo la nueva entrada que hemos preparado.<\/p>\n","protected":false},"author":2,"featured_media":4743,"comment_status":"open","ping_status":"closed","sticky":false,"template":"","format":"standard","meta":{"om_disable_all_campaigns":false,"_monsterinsights_skip_tracking":false,"_monsterinsights_sitenote_active":false,"_monsterinsights_sitenote_note":"","_monsterinsights_sitenote_category":0,"_uf_show_specific_survey":0,"_uf_disable_surveys":false,"episode_type":"","audio_file":"","cover_image":"","cover_image_id":"","duration":"","filesize":"","date_recorded":"","explicit":"","block":"","filesize_raw":"","footnotes":""},"categories":[34,4],"tags":[4274,9,941],"series":[],"class_list":["post-4742","post","type-post","status-publish","format-standard","has-post-thumbnail","hentry","category-actualidad","category-arquilectura","tag-actualidad","tag-arquitectura","tag-santiago-calatrava"],"aioseo_notices":[],"episode_featured_image":"https:\/\/stepienybarno.es\/blog\/wp-content\/uploads\/2011\/12\/0.-derinkuyu-capadocia-turca-santiado-calatrava-350-formipolis-STEPIENYBARNO-.jpg","episode_player_image":"https:\/\/stepienybarno.es\/blog\/wp-content\/uploads\/2020\/11\/stepienybarno-podcast-scaled.jpg","download_link":"","player_link":"","audio_player":false,"episode_data":{"playerMode":"dark","subscribeUrls":[],"rssFeedUrl":"https:\/\/stepienybarno.es\/blog\/feed\/podcast\/podcast-de-stepienybarno","embedCode":"<blockquote class=\"wp-embedded-content\" data-secret=\"MJlhUTfSfE\"><a href=\"https:\/\/stepienybarno.es\/blog\/2011\/12\/28\/la-nueva-ciudad-sostenible-de-santiago-calatrava-formipolis\/\">LA NUEVA  CIUDAD SOSTENIBLE DE SANTIAGO CALATRAVA, FORMIPOLIS<\/a><\/blockquote><iframe sandbox=\"allow-scripts\" security=\"restricted\" src=\"https:\/\/stepienybarno.es\/blog\/2011\/12\/28\/la-nueva-ciudad-sostenible-de-santiago-calatrava-formipolis\/embed\/#?secret=MJlhUTfSfE\" width=\"500\" height=\"350\" title=\"\u00abLA NUEVA  CIUDAD SOSTENIBLE DE SANTIAGO CALATRAVA, FORMIPOLIS\u00bb \u2014 Blog de STEPIEN Y BARNO - publicaci\u00f3n digital sobre arquitectura\" data-secret=\"MJlhUTfSfE\" frameborder=\"0\" marginwidth=\"0\" marginheight=\"0\" scrolling=\"no\" class=\"wp-embedded-content\"><\/iframe><script type=\"text\/javascript\">\n\/* <![CDATA[ *\/\n\/*! This file is auto-generated *\/\n!function(d,l){\"use strict\";l.querySelector&&d.addEventListener&&\"undefined\"!=typeof URL&&(d.wp=d.wp||{},d.wp.receiveEmbedMessage||(d.wp.receiveEmbedMessage=function(e){var t=e.data;if((t||t.secret||t.message||t.value)&&!\/[^a-zA-Z0-9]\/.test(t.secret)){for(var s,r,n,a=l.querySelectorAll('iframe[data-secret=\"'+t.secret+'\"]'),o=l.querySelectorAll('blockquote[data-secret=\"'+t.secret+'\"]'),c=new RegExp(\"^https?:$\",\"i\"),i=0;i<o.length;i++)o[i].style.display=\"none\";for(i=0;i<a.length;i++)s=a[i],e.source===s.contentWindow&&(s.removeAttribute(\"style\"),\"height\"===t.message?(1e3<(r=parseInt(t.value,10))?r=1e3:~~r<200&&(r=200),s.height=r):\"link\"===t.message&&(r=new URL(s.getAttribute(\"src\")),n=new URL(t.value),c.test(n.protocol))&&n.host===r.host&&l.activeElement===s&&(d.top.location.href=t.value))}},d.addEventListener(\"message\",d.wp.receiveEmbedMessage,!1),l.addEventListener(\"DOMContentLoaded\",function(){for(var e,t,s=l.querySelectorAll(\"iframe.wp-embedded-content\"),r=0;r<s.length;r++)(t=(e=s[r]).getAttribute(\"data-secret\"))||(t=Math.random().toString(36).substring(2,12),e.src+=\"#?secret=\"+t,e.setAttribute(\"data-secret\",t)),e.contentWindow.postMessage({message:\"ready\",secret:t},\"*\")},!1)))}(window,document);\n\/* ]]> *\/\n<\/script>\n"},"_links":{"self":[{"href":"https:\/\/stepienybarno.es\/blog\/wp-json\/wp\/v2\/posts\/4742"}],"collection":[{"href":"https:\/\/stepienybarno.es\/blog\/wp-json\/wp\/v2\/posts"}],"about":[{"href":"https:\/\/stepienybarno.es\/blog\/wp-json\/wp\/v2\/types\/post"}],"author":[{"embeddable":true,"href":"https:\/\/stepienybarno.es\/blog\/wp-json\/wp\/v2\/users\/2"}],"replies":[{"embeddable":true,"href":"https:\/\/stepienybarno.es\/blog\/wp-json\/wp\/v2\/comments?post=4742"}],"version-history":[{"count":5,"href":"https:\/\/stepienybarno.es\/blog\/wp-json\/wp\/v2\/posts\/4742\/revisions"}],"predecessor-version":[{"id":37889,"href":"https:\/\/stepienybarno.es\/blog\/wp-json\/wp\/v2\/posts\/4742\/revisions\/37889"}],"wp:featuredmedia":[{"embeddable":true,"href":"https:\/\/stepienybarno.es\/blog\/wp-json\/wp\/v2\/media\/4743"}],"wp:attachment":[{"href":"https:\/\/stepienybarno.es\/blog\/wp-json\/wp\/v2\/media?parent=4742"}],"wp:term":[{"taxonomy":"category","embeddable":true,"href":"https:\/\/stepienybarno.es\/blog\/wp-json\/wp\/v2\/categories?post=4742"},{"taxonomy":"post_tag","embeddable":true,"href":"https:\/\/stepienybarno.es\/blog\/wp-json\/wp\/v2\/tags?post=4742"},{"taxonomy":"series","embeddable":true,"href":"https:\/\/stepienybarno.es\/blog\/wp-json\/wp\/v2\/series?post=4742"}],"curies":[{"name":"wp","href":"https:\/\/api.w.org\/{rel}","templated":true}]}}