{"id":47769,"date":"2021-05-14T10:33:46","date_gmt":"2021-05-14T08:33:46","guid":{"rendered":"https:\/\/stepienybarno.es\/blog\/?p=47769"},"modified":"2022-03-31T12:49:00","modified_gmt":"2022-03-31T10:49:00","slug":"episodio-95-arquicafe-con-iria-heredia-de-cien-grados-design","status":"publish","type":"post","link":"https:\/\/stepienybarno.es\/blog\/2021\/05\/14\/episodio-95-arquicafe-con-iria-heredia-de-cien-grados-design\/","title":{"rendered":"Episodio 95: Arquicaf\u00e9 con Iria Heredia de cien grados design"},"content":{"rendered":"<p><img loading=\"lazy\" decoding=\"async\" class=\"alignnone size-full wp-image-47770\" src=\"https:\/\/stepienybarno.es\/blog\/wp-content\/uploads\/2021\/05\/mini.jpg\" alt=\"arquicafe iria heredia\" width=\"1280\" height=\"720\" srcset=\"https:\/\/stepienybarno.es\/blog\/wp-content\/uploads\/2021\/05\/mini.jpg 1280w, https:\/\/stepienybarno.es\/blog\/wp-content\/uploads\/2021\/05\/mini-550x309.jpg 550w, https:\/\/stepienybarno.es\/blog\/wp-content\/uploads\/2021\/05\/mini-1024x576.jpg 1024w, https:\/\/stepienybarno.es\/blog\/wp-content\/uploads\/2021\/05\/mini-180x101.jpg 180w, https:\/\/stepienybarno.es\/blog\/wp-content\/uploads\/2021\/05\/mini-316x178.jpg 316w\" sizes=\"(max-width: 1280px) 100vw, 1280px\" \/><\/p>\n<p>Hoy nos tomamos un Arquicaf\u00e9 con <strong>Iria Heredia<\/strong>.<\/p>\n<p>Iria Heredia es Arquitecta, dise\u00f1adora de joyas y creadora de <strong><a href=\"https:\/\/www.ciengradosdesign.com\/\">cien grados design. <\/a><\/strong>Joyer\u00eda de dise\u00f1o exclusivo<\/p>\n<p><!--more--><\/p>\n<p class=\"font_9\">Iria es arquitecta de formaci\u00f3n y se dedica a<strong><em>\u00a0contar historias a trav\u00e9s de las joyas.<\/em><\/strong><\/p>\n<p>En Cien Grados Design podemos encontrar Mucho dise\u00f1o, pasi\u00f3n por el trabajo y una marca que defiende el \u00abslow-concept\u00bb.<\/p>\n<p>Y que mejor manera para definir a Iria Heredia que la magnifica opini\u00f3n de su trabajo que tienen sus clientes:<\/p>\n<p><em>\u00abLa experiencia personal que he tenido con Cien grados es 100% recomendable, el trato y la cercan\u00eda me han dado la tranquilidad de saber que el resultado iba a ser muy bueno, y \u00a1as\u00ed fue! un maravilloso conjunto de pendientes y tocado de novia en plata y swarosky que causaron sensaci\u00f3n! Unos dise\u00f1os que aunque \u00fanicos y personalizados no sobrepasan un presupuesto normal. Adem\u00e1s tambi\u00e9n se encarg\u00f3 de nuestras alianzas, que dise\u00f1adas entre las dos cuentan una historia que las hace m\u00e1s personales a\u00fan. Una experiencia muy recomendable.\u00bb<\/em><\/p>\n<p>&nbsp;<\/p>\n<p>Puedes encontrar a Iria en:<\/p>\n<p>Tienda online: <strong><a href=\"https:\/\/shop.ciengradosdesign.com\/\" target=\"_blank\" rel=\"noopener noreferrer\">Tienda online cien grados design<\/a><\/strong><\/p>\n<p>Instagram:<strong><a href=\"https:\/\/www.instagram.com\/ciengrados.design\/\"> ciengrados.design<\/a><\/strong><\/p>\n<p>Facebook: <strong><a href=\"https:\/\/www.facebook.com\/Cien.Grados.Design\/\">Cien Grados Design<\/a><\/strong><\/p>\n<p>&nbsp;<\/p>\n<a href=\"https:\/\/www.ivoox.com\/stepienybarno-arquitectura_sq_f1856662_1.html \" class=\"kp-button \" target=\"_self\">Escucha m\u00e1s podcast de Stepienybarno en IVOOX<\/a>\n<p>&nbsp;<\/p>\n<p><iframe loading=\"lazy\" title=\"entrevista #arquicaf\u00e9 con Iria Heredia de Cien Grados Design. Arquitectura y joyas.\" width=\"911\" height=\"512\" src=\"https:\/\/www.youtube.com\/embed\/FfS9Pdcw3Ng?feature=oembed\" frameborder=\"0\" allow=\"accelerometer; autoplay; clipboard-write; encrypted-media; gyroscope; picture-in-picture\" allowfullscreen><\/iframe><\/p>\n<p>&nbsp;<\/p>\n<h3 dir=\"ltr\" data-placeholder=\"Traducci\u00f3n\">Esperamos que os haya gustado nuestro Arquicaf\u00e9 con Iria Heredia<\/h3>\n<div>\n<p>Ya hablamos de <strong><a href=\"https:\/\/stepienybarno.es\/blog\/2021\/05\/10\/episodio-94-instatectura-la-semana-en-syb-arquitectura-efimera-y-paisaje-con-xavi-bayona\/\">Iria Heredia en el ultimo instatectura<\/a><\/strong>, y en unas semanas la tendremos en directo<\/p>\n<\/div>\n","protected":false},"excerpt":{"rendered":"<p>Hoy nos tomamos un Arquicaf\u00e9 con Iria Heredia. Iria Heredia<\/p>\n","protected":false},"author":2,"featured_media":47770,"comment_status":"open","ping_status":"closed","sticky":false,"template":"","format":"standard","meta":{"om_disable_all_campaigns":false,"_monsterinsights_skip_tracking":false,"_monsterinsights_sitenote_active":false,"_monsterinsights_sitenote_note":"","_monsterinsights_sitenote_category":0,"_uf_show_specific_survey":0,"_uf_disable_surveys":false,"episode_type":"audio","audio_file":"https:\/\/stepienybarno.es\/blog\/wp-content\/uploads\/2021\/05\/95-Arquicafe-IRIA-HEREDIA.mp3","cover_image":"","cover_image_id":"","duration":"19:07","filesize":"12.84M","date_recorded":"2021-05-14 10:33:46","explicit":"","block":"","filesize_raw":"13463005","footnotes":""},"categories":[34,63],"tags":[7777,8716,4199,8718,8715,8717,7997],"series":[10115],"class_list":["post-47769","post","type-post","status-publish","format-standard","has-post-thumbnail","hentry","category-actualidad","category-arqui-entrevista","tag-arquicafe","tag-cien-grados-design","tag-dario-nunez","tag-diseno-joyas","tag-iria-heredia","tag-joyeria","tag-podcast","series-podcast-de-stepienybarno"],"aioseo_notices":[],"episode_featured_image":"https:\/\/stepienybarno.es\/blog\/wp-content\/uploads\/2021\/05\/mini.jpg","episode_player_image":"https:\/\/stepienybarno.es\/blog\/wp-content\/uploads\/2020\/11\/stepienybarno-podcast-scaled.jpg","download_link":"https:\/\/stepienybarno.es\/blog\/podcast-download\/47769\/episodio-95-arquicafe-con-iria-heredia-de-cien-grados-design.mp3","player_link":"https:\/\/stepienybarno.es\/blog\/podcast-player\/47769\/episodio-95-arquicafe-con-iria-heredia-de-cien-grados-design.mp3","audio_player":"<!--[if lt IE 9]><script>document.createElement('audio');<\/script><![endif]-->\n<audio class=\"wp-audio-shortcode\" id=\"audio-47769-1\" preload=\"none\" style=\"width: 100%;\" controls=\"controls\"><source type=\"audio\/mpeg\" src=\"https:\/\/stepienybarno.es\/blog\/podcast-player\/47769\/episodio-95-arquicafe-con-iria-heredia-de-cien-grados-design.mp3?_=1\" \/><a href=\"https:\/\/stepienybarno.es\/blog\/podcast-player\/47769\/episodio-95-arquicafe-con-iria-heredia-de-cien-grados-design.mp3\">https:\/\/stepienybarno.es\/blog\/podcast-player\/47769\/episodio-95-arquicafe-con-iria-heredia-de-cien-grados-design.mp3<\/a><\/audio>","episode_data":{"playerMode":"dark","subscribeUrls":[],"rssFeedUrl":"https:\/\/stepienybarno.es\/blog\/feed\/podcast\/podcast-de-stepienybarno","embedCode":"<blockquote class=\"wp-embedded-content\" data-secret=\"GoN3XsVa8x\"><a href=\"https:\/\/stepienybarno.es\/blog\/2021\/05\/14\/episodio-95-arquicafe-con-iria-heredia-de-cien-grados-design\/\">Episodio 95: Arquicaf\u00e9 con Iria Heredia de cien grados design<\/a><\/blockquote><iframe sandbox=\"allow-scripts\" security=\"restricted\" src=\"https:\/\/stepienybarno.es\/blog\/2021\/05\/14\/episodio-95-arquicafe-con-iria-heredia-de-cien-grados-design\/embed\/#?secret=GoN3XsVa8x\" width=\"500\" height=\"350\" title=\"\u00abEpisodio 95: Arquicaf\u00e9 con Iria Heredia de cien grados design\u00bb \u2014 Blog de STEPIEN Y BARNO - publicaci\u00f3n digital sobre arquitectura\" data-secret=\"GoN3XsVa8x\" frameborder=\"0\" marginwidth=\"0\" marginheight=\"0\" scrolling=\"no\" class=\"wp-embedded-content\"><\/iframe><script type=\"text\/javascript\">\n\/* <![CDATA[ *\/\n\/*! This file is auto-generated *\/\n!function(d,l){\"use strict\";l.querySelector&&d.addEventListener&&\"undefined\"!=typeof URL&&(d.wp=d.wp||{},d.wp.receiveEmbedMessage||(d.wp.receiveEmbedMessage=function(e){var t=e.data;if((t||t.secret||t.message||t.value)&&!\/[^a-zA-Z0-9]\/.test(t.secret)){for(var s,r,n,a=l.querySelectorAll('iframe[data-secret=\"'+t.secret+'\"]'),o=l.querySelectorAll('blockquote[data-secret=\"'+t.secret+'\"]'),c=new RegExp(\"^https?:$\",\"i\"),i=0;i<o.length;i++)o[i].style.display=\"none\";for(i=0;i<a.length;i++)s=a[i],e.source===s.contentWindow&&(s.removeAttribute(\"style\"),\"height\"===t.message?(1e3<(r=parseInt(t.value,10))?r=1e3:~~r<200&&(r=200),s.height=r):\"link\"===t.message&&(r=new URL(s.getAttribute(\"src\")),n=new URL(t.value),c.test(n.protocol))&&n.host===r.host&&l.activeElement===s&&(d.top.location.href=t.value))}},d.addEventListener(\"message\",d.wp.receiveEmbedMessage,!1),l.addEventListener(\"DOMContentLoaded\",function(){for(var e,t,s=l.querySelectorAll(\"iframe.wp-embedded-content\"),r=0;r<s.length;r++)(t=(e=s[r]).getAttribute(\"data-secret\"))||(t=Math.random().toString(36).substring(2,12),e.src+=\"#?secret=\"+t,e.setAttribute(\"data-secret\",t)),e.contentWindow.postMessage({message:\"ready\",secret:t},\"*\")},!1)))}(window,document);\n\/* ]]> *\/\n<\/script>\n"},"_links":{"self":[{"href":"https:\/\/stepienybarno.es\/blog\/wp-json\/wp\/v2\/posts\/47769"}],"collection":[{"href":"https:\/\/stepienybarno.es\/blog\/wp-json\/wp\/v2\/posts"}],"about":[{"href":"https:\/\/stepienybarno.es\/blog\/wp-json\/wp\/v2\/types\/post"}],"author":[{"embeddable":true,"href":"https:\/\/stepienybarno.es\/blog\/wp-json\/wp\/v2\/users\/2"}],"replies":[{"embeddable":true,"href":"https:\/\/stepienybarno.es\/blog\/wp-json\/wp\/v2\/comments?post=47769"}],"version-history":[{"count":1,"href":"https:\/\/stepienybarno.es\/blog\/wp-json\/wp\/v2\/posts\/47769\/revisions"}],"predecessor-version":[{"id":47771,"href":"https:\/\/stepienybarno.es\/blog\/wp-json\/wp\/v2\/posts\/47769\/revisions\/47771"}],"wp:featuredmedia":[{"embeddable":true,"href":"https:\/\/stepienybarno.es\/blog\/wp-json\/wp\/v2\/media\/47770"}],"wp:attachment":[{"href":"https:\/\/stepienybarno.es\/blog\/wp-json\/wp\/v2\/media?parent=47769"}],"wp:term":[{"taxonomy":"category","embeddable":true,"href":"https:\/\/stepienybarno.es\/blog\/wp-json\/wp\/v2\/categories?post=47769"},{"taxonomy":"post_tag","embeddable":true,"href":"https:\/\/stepienybarno.es\/blog\/wp-json\/wp\/v2\/tags?post=47769"},{"taxonomy":"series","embeddable":true,"href":"https:\/\/stepienybarno.es\/blog\/wp-json\/wp\/v2\/series?post=47769"}],"curies":[{"name":"wp","href":"https:\/\/api.w.org\/{rel}","templated":true}]}}