{"id":47864,"date":"2021-05-21T10:02:02","date_gmt":"2021-05-21T08:02:02","guid":{"rendered":"https:\/\/stepienybarno.es\/blog\/?p=47864"},"modified":"2022-02-15T10:21:46","modified_gmt":"2022-02-15T08:21:46","slug":"episodio-97-arquicafe-con-jose-maria-echarte","status":"publish","type":"post","link":"https:\/\/stepienybarno.es\/blog\/2021\/05\/21\/episodio-97-arquicafe-con-jose-maria-echarte\/","title":{"rendered":"Episodio 97: Arquicaf\u00e9 con Jos\u00e9 Mar\u00eda Echarte"},"content":{"rendered":"<p><img loading=\"lazy\" decoding=\"async\" class=\"alignnone size-full wp-image-47865\" src=\"https:\/\/stepienybarno.es\/blog\/wp-content\/uploads\/2021\/05\/Copia-de-MINIATURAS-PARA-QUE-SIRVE-I.jpg\" alt=\"Arquicaf\u00e9 Echarte\" width=\"1280\" height=\"720\" srcset=\"https:\/\/stepienybarno.es\/blog\/wp-content\/uploads\/2021\/05\/Copia-de-MINIATURAS-PARA-QUE-SIRVE-I.jpg 1280w, https:\/\/stepienybarno.es\/blog\/wp-content\/uploads\/2021\/05\/Copia-de-MINIATURAS-PARA-QUE-SIRVE-I-550x309.jpg 550w, https:\/\/stepienybarno.es\/blog\/wp-content\/uploads\/2021\/05\/Copia-de-MINIATURAS-PARA-QUE-SIRVE-I-1024x576.jpg 1024w, https:\/\/stepienybarno.es\/blog\/wp-content\/uploads\/2021\/05\/Copia-de-MINIATURAS-PARA-QUE-SIRVE-I-180x101.jpg 180w, https:\/\/stepienybarno.es\/blog\/wp-content\/uploads\/2021\/05\/Copia-de-MINIATURAS-PARA-QUE-SIRVE-I-316x178.jpg 316w\" sizes=\"(max-width: 1280px) 100vw, 1280px\" \/><\/p>\n<p>Hoy nos tomamos un Arquicaf\u00e9 con <strong>Jos\u00e9 Mar\u00eda Echarte<\/strong>.<\/p>\n<p>Jose Mar\u00eda es Arquitecto,tiene una forma muy personal ( y muy necesaria) de ejercer\u00a0<strong> la cr\u00edtica de la arquitectura<\/strong><!--more--><\/p>\n<p class=\"font_9\">Jos\u00e9 Mar\u00eda es nacido en Almer\u00eda en 1973. Arquitecto por la ETSAM (2000) y como tal ha trabajado en su propio estudio en concursos nacionales e internacionales, en obras publicas y en la administraci\u00f3n. Desde 2008 es coeditor junto a Mar\u00eda Granados y<span class=\"oculto\">\u00a0Juan Pablo Yakubiuk del <strong><a href=\"https:\/\/nmas1.wordpress.com\/\">blog n+1<\/a><\/strong>. Profesor visiante en la Universidad Rey Juan Carlos y autor del libro <strong><a href=\"https:\/\/edicionesasimetricas.com\/n1-Tendencias-compulsivas\">\u00abn+1. Tendencias Compulsivas\u00bb<\/a> <\/strong>de Ediciones Asim\u00e9tricas<\/span><\/p>\n<p>de En sus propias palabras:<\/p>\n<p><em>\u201cyo me dedico\u2026 en fin, la verdad, me dediqu\u00e9 a muchas cosas a largo de los a\u00f1os; algunas son m\u00e1s de los Lannister (S\u00ed, trabaj\u00e9 con ingenieros en obras de carreteras, trasvases etc\u2026 fui arquitecto municipal) y algunas m\u00e1s de los Stark (Concursos, investigaci\u00f3n, docencia) aunque creo que nunca fui de la Guardia de la Noche (Becario sufriente)\u201d. <\/em><\/p>\n<p><strong><a href=\"https:\/\/veredes.es\/blog\/jose-maria-echarte-ramos-%C2%B7-arquitectura-y-critica-n1\/\">EXTRACTO DE ENTREVISTA EN VEREDES<\/a><\/strong><\/p>\n<p>&nbsp;<\/p>\n<p>Puedes encontrar a Jos\u00e9 Mar\u00eda Echarte en:<\/p>\n<p>Twitter: <strong><a href=\"https:\/\/twitter.com\/j_echarte\">@j_echarte<\/a><\/strong><\/p>\n<p>Instagram:<strong> j<a href=\"https:\/\/www.instagram.com\/j_echarte\/\">_echarte<\/a><\/strong><\/p>\n<p>Facebook: <strong><a href=\"https:\/\/www.facebook.com\/JMER73\">Jose M Echarte Ramos<\/a><\/strong><\/p>\n<a href=\"https:\/\/www.ivoox.com\/stepienybarno-arquitectura_sq_f1856662_1.html \" class=\"kp-button \" target=\"_self\">Escucha m\u00e1s podcast de Stepienybarno en IVOOX<\/a>\n<p>&nbsp;<\/p>\n<p><iframe loading=\"lazy\" title=\"Entrevista #arquicaf\u00e9 con Jos\u00e9 Mar\u00eda Echarte\" width=\"911\" height=\"512\" src=\"https:\/\/www.youtube.com\/embed\/25ARGTz22mM?feature=oembed\" frameborder=\"0\" allow=\"accelerometer; autoplay; clipboard-write; encrypted-media; gyroscope; picture-in-picture\" allowfullscreen><\/iframe><\/p>\n<p>&nbsp;<\/p>\n<h3 dir=\"ltr\" data-placeholder=\"Traducci\u00f3n\">Esperamos que os haya gustado nuestro Arquicaf\u00e9 con Jos\u00e9 Mar\u00eda Echarte<\/h3>\n<p>Finalmente si quieres saber mas de Jos\u00e9 Mar\u00eda Echarte puedes consultar estos post de nuestro blog:<\/p>\n<p class=\"entry-title\"><a class=\"row-title\" href=\"https:\/\/stepienybarno.es\/blog\/wp-admin\/post.php?post=32330&amp;action=edit\" aria-label=\"\u00abPARA QU\u00c9 SIRVE UN ARQUITECTO\/A? Por Jose Mar\u00eda Echarte\u00bb (Editar)\">PARA QU\u00c9 SIRVE UN ARQUITECTO\/A? Por Jose Mar\u00eda Echarte<\/a><\/p>\n<p class=\"entry-title\"><a class=\"row-title\" href=\"https:\/\/stepienybarno.es\/blog\/wp-admin\/post.php?post=14726&amp;action=edit\" aria-label=\"\u00ab#ArquiEntrevista _ JOS\u00c9 MAR\u00cdA ECHARTE DE N+1\u00bb (Editar)\">#ArquiEntrevista _ JOS\u00c9 MAR\u00cdA ECHARTE DE N+1<\/a><\/p>\n","protected":false},"excerpt":{"rendered":"<p>Hoy nos tomamos un Arquicaf\u00e9 con Jos\u00e9 Mar\u00eda Echarte. Jose<\/p>\n","protected":false},"author":2,"featured_media":47865,"comment_status":"open","ping_status":"closed","sticky":false,"template":"","format":"standard","meta":{"om_disable_all_campaigns":false,"_monsterinsights_skip_tracking":false,"_monsterinsights_sitenote_active":false,"_monsterinsights_sitenote_note":"","_monsterinsights_sitenote_category":0,"_uf_show_specific_survey":0,"_uf_disable_surveys":false,"episode_type":"audio","audio_file":"https:\/\/stepienybarno.es\/blog\/wp-content\/uploads\/2021\/05\/97-Arquicafe-Jose-Maria-Echarte-Ramos.mp3","cover_image":"","cover_image_id":"","duration":"20:47","filesize":"13.5M","date_recorded":"","explicit":"","block":"","filesize_raw":"14156254","footnotes":""},"categories":[34,63,7985],"tags":[7777,80,3184,2729,264,7997],"series":[10115],"class_list":["post-47864","post","type-post","status-publish","format-standard","has-post-thumbnail","hentry","category-actualidad","category-arqui-entrevista","category-podcast","tag-arquicafe","tag-critica-arquitectonica","tag-jose-jose-maria-echarte","tag-jose-m-echarte-ramos","tag-n1","tag-podcast","series-podcast-de-stepienybarno"],"aioseo_notices":[],"episode_featured_image":"https:\/\/stepienybarno.es\/blog\/wp-content\/uploads\/2021\/05\/Copia-de-MINIATURAS-PARA-QUE-SIRVE-I.jpg","episode_player_image":"https:\/\/stepienybarno.es\/blog\/wp-content\/uploads\/2020\/11\/stepienybarno-podcast-scaled.jpg","download_link":"https:\/\/stepienybarno.es\/blog\/podcast-download\/47864\/episodio-97-arquicafe-con-jose-maria-echarte.mp3","player_link":"https:\/\/stepienybarno.es\/blog\/podcast-player\/47864\/episodio-97-arquicafe-con-jose-maria-echarte.mp3","audio_player":"<!--[if lt IE 9]><script>document.createElement('audio');<\/script><![endif]-->\n<audio class=\"wp-audio-shortcode\" id=\"audio-47864-1\" preload=\"none\" style=\"width: 100%;\" controls=\"controls\"><source type=\"audio\/mpeg\" src=\"https:\/\/stepienybarno.es\/blog\/podcast-player\/47864\/episodio-97-arquicafe-con-jose-maria-echarte.mp3?_=1\" \/><a href=\"https:\/\/stepienybarno.es\/blog\/podcast-player\/47864\/episodio-97-arquicafe-con-jose-maria-echarte.mp3\">https:\/\/stepienybarno.es\/blog\/podcast-player\/47864\/episodio-97-arquicafe-con-jose-maria-echarte.mp3<\/a><\/audio>","episode_data":{"playerMode":"dark","subscribeUrls":[],"rssFeedUrl":"https:\/\/stepienybarno.es\/blog\/feed\/podcast\/podcast-de-stepienybarno","embedCode":"<blockquote class=\"wp-embedded-content\" data-secret=\"IUnrxn6ua0\"><a href=\"https:\/\/stepienybarno.es\/blog\/2021\/05\/21\/episodio-97-arquicafe-con-jose-maria-echarte\/\">Episodio 97: Arquicaf\u00e9 con Jos\u00e9 Mar\u00eda Echarte<\/a><\/blockquote><iframe sandbox=\"allow-scripts\" security=\"restricted\" src=\"https:\/\/stepienybarno.es\/blog\/2021\/05\/21\/episodio-97-arquicafe-con-jose-maria-echarte\/embed\/#?secret=IUnrxn6ua0\" width=\"500\" height=\"350\" title=\"\u00abEpisodio 97: Arquicaf\u00e9 con Jos\u00e9 Mar\u00eda Echarte\u00bb \u2014 Blog de STEPIEN Y BARNO - publicaci\u00f3n digital sobre arquitectura\" data-secret=\"IUnrxn6ua0\" frameborder=\"0\" marginwidth=\"0\" marginheight=\"0\" scrolling=\"no\" class=\"wp-embedded-content\"><\/iframe><script type=\"text\/javascript\">\n\/* <![CDATA[ *\/\n\/*! This file is auto-generated *\/\n!function(d,l){\"use strict\";l.querySelector&&d.addEventListener&&\"undefined\"!=typeof URL&&(d.wp=d.wp||{},d.wp.receiveEmbedMessage||(d.wp.receiveEmbedMessage=function(e){var t=e.data;if((t||t.secret||t.message||t.value)&&!\/[^a-zA-Z0-9]\/.test(t.secret)){for(var s,r,n,a=l.querySelectorAll('iframe[data-secret=\"'+t.secret+'\"]'),o=l.querySelectorAll('blockquote[data-secret=\"'+t.secret+'\"]'),c=new RegExp(\"^https?:$\",\"i\"),i=0;i<o.length;i++)o[i].style.display=\"none\";for(i=0;i<a.length;i++)s=a[i],e.source===s.contentWindow&&(s.removeAttribute(\"style\"),\"height\"===t.message?(1e3<(r=parseInt(t.value,10))?r=1e3:~~r<200&&(r=200),s.height=r):\"link\"===t.message&&(r=new URL(s.getAttribute(\"src\")),n=new URL(t.value),c.test(n.protocol))&&n.host===r.host&&l.activeElement===s&&(d.top.location.href=t.value))}},d.addEventListener(\"message\",d.wp.receiveEmbedMessage,!1),l.addEventListener(\"DOMContentLoaded\",function(){for(var e,t,s=l.querySelectorAll(\"iframe.wp-embedded-content\"),r=0;r<s.length;r++)(t=(e=s[r]).getAttribute(\"data-secret\"))||(t=Math.random().toString(36).substring(2,12),e.src+=\"#?secret=\"+t,e.setAttribute(\"data-secret\",t)),e.contentWindow.postMessage({message:\"ready\",secret:t},\"*\")},!1)))}(window,document);\n\/* ]]> *\/\n<\/script>\n"},"_links":{"self":[{"href":"https:\/\/stepienybarno.es\/blog\/wp-json\/wp\/v2\/posts\/47864"}],"collection":[{"href":"https:\/\/stepienybarno.es\/blog\/wp-json\/wp\/v2\/posts"}],"about":[{"href":"https:\/\/stepienybarno.es\/blog\/wp-json\/wp\/v2\/types\/post"}],"author":[{"embeddable":true,"href":"https:\/\/stepienybarno.es\/blog\/wp-json\/wp\/v2\/users\/2"}],"replies":[{"embeddable":true,"href":"https:\/\/stepienybarno.es\/blog\/wp-json\/wp\/v2\/comments?post=47864"}],"version-history":[{"count":3,"href":"https:\/\/stepienybarno.es\/blog\/wp-json\/wp\/v2\/posts\/47864\/revisions"}],"predecessor-version":[{"id":47868,"href":"https:\/\/stepienybarno.es\/blog\/wp-json\/wp\/v2\/posts\/47864\/revisions\/47868"}],"wp:featuredmedia":[{"embeddable":true,"href":"https:\/\/stepienybarno.es\/blog\/wp-json\/wp\/v2\/media\/47865"}],"wp:attachment":[{"href":"https:\/\/stepienybarno.es\/blog\/wp-json\/wp\/v2\/media?parent=47864"}],"wp:term":[{"taxonomy":"category","embeddable":true,"href":"https:\/\/stepienybarno.es\/blog\/wp-json\/wp\/v2\/categories?post=47864"},{"taxonomy":"post_tag","embeddable":true,"href":"https:\/\/stepienybarno.es\/blog\/wp-json\/wp\/v2\/tags?post=47864"},{"taxonomy":"series","embeddable":true,"href":"https:\/\/stepienybarno.es\/blog\/wp-json\/wp\/v2\/series?post=47864"}],"curies":[{"name":"wp","href":"https:\/\/api.w.org\/{rel}","templated":true}]}}